{"id":43022,"date":"2022-03-16T17:37:04","date_gmt":"2022-03-16T20:37:04","guid":{"rendered":"https:\/\/sindenfermeiro.com.br\/?p=43022"},"modified":"2026-04-29T18:08:17","modified_gmt":"2026-04-29T21:08:17","slug":"urgente-gdf-deve-formalizar-amanha-proposta-de-reestruturacao-da-carreira-de-enfermeiro","status":"publish","type":"post","link":"https:\/\/sindenfermeiro.com.br\/index.php\/2022\/03\/16\/urgente-gdf-deve-formalizar-amanha-proposta-de-reestruturacao-da-carreira-de-enfermeiro\/","title":{"rendered":"URGENTE: GDF deve formalizar amanh\u00e3 proposta de reestrutura\u00e7\u00e3o da carreira de enfermeiro"},"content":{"rendered":"<p><img loading=\"lazy\" decoding=\"async\" class=\"aligncenter wp-image-42929 \" src=\"https:\/\/sindenfermeiro.com.br\/wp-content\/uploads\/2022\/02\/WhatsApp-Image-2022-02-22-at-10.44.21-1024x682.jpeg\" alt=\"\" width=\"839\" height=\"559\" srcset=\"https:\/\/sindenfermeiro.com.br\/wp-content\/uploads\/2022\/02\/WhatsApp-Image-2022-02-22-at-10.44.21-1024x682.jpeg 1024w, https:\/\/sindenfermeiro.com.br\/wp-content\/uploads\/2022\/02\/WhatsApp-Image-2022-02-22-at-10.44.21-300x200.jpeg 300w, https:\/\/sindenfermeiro.com.br\/wp-content\/uploads\/2022\/02\/WhatsApp-Image-2022-02-22-at-10.44.21-768x512.jpeg 768w, https:\/\/sindenfermeiro.com.br\/wp-content\/uploads\/2022\/02\/WhatsApp-Image-2022-02-22-at-10.44.21-1536x1023.jpeg 1536w, https:\/\/sindenfermeiro.com.br\/wp-content\/uploads\/2022\/02\/WhatsApp-Image-2022-02-22-at-10.44.21.jpeg 1600w\" sizes=\"auto, (max-width: 839px) 100vw, 839px\" \/><\/p>\n<p>Ap\u00f3s semanas de intensas negocia\u00e7\u00f5es entre o SindEnfermeiro-DF e o governador Ibaneis Rocha (MDB), o Governo do Distrito Federal (GDF) deve apresentar amanh\u00e3 (17) a proposta do Executivo para a reestrutura\u00e7\u00e3o da carreira de enfermeiro na Secretaria de Sa\u00fade (SES-DF).<\/p>\n<p>A informa\u00e7\u00e3o foi dada hoje (16) pelo governador Ibaneis Rocha (MDB) em encontro com a presidente do SindEnfermeiro-DF, Dayse Amar\u00edlio, durante agenda do chefe do Executivo na Estrutural.<\/p>\n<p>Para Dayse, o compromisso do governador em analisar as possibilidades para a reestrutura\u00e7\u00e3o mostra que h\u00e1 vontade por parte do Executivo de atender a demanda dos enfermeiros e entender a import\u00e2ncia desta pauta, e a promessa \u00e9 que o documento seja entregue ao sindicato assim que formalizado \u2013 o que de fato deve ocorrer amanh\u00e3 (17).<\/p>\n<p>\u201cAs respostas que recebemos do GDF nas \u00faltimas reuni\u00f5es sinalizam que o governador compreendeu a necessidade de fazer essa repara\u00e7\u00e3o, e de maneira urgente. Vamos analisar a proposta a ser formalizada amanh\u00e3 para, em seguida, deliberarmos sobre a proposta junto \u00e0 categoria, em assembleia a ser realizada nos pr\u00f3ximos dias. S\u00e3o os enfermeiros da SES que devem dizer como vamos seguir nessa luta\u201d, afirmou.<\/p>\n<p><strong>Vit\u00f3ria apesar das dificuldades<\/strong><\/p>\n<p>A presidente do SindEnfermeiro lembrou que, h\u00e1 poucos meses, n\u00e3o havia sequer uma sinaliza\u00e7\u00e3o de que a reestrutura\u00e7\u00e3o poderia ocorrer agora ou no futuro, e ressalta que o respeito ao prazo para apresentar a proposta por parte do Executivo \u00e9 uma demonstra\u00e7\u00e3o clara de que existe vontade pol\u00edtica para que o projeto saia.<\/p>\n<p>\u201cN\u00f3s corremos atr\u00e1s do governo para mostrar a import\u00e2ncia da reestrutura\u00e7\u00e3o, e mesmo com as dificuldades enfrentadas \u2013 desde as sucessivas tentativas de boicote \u00e0s nossas agendas com o governador at\u00e9 as articula\u00e7\u00f5es sombrias de alguns para dividir a categoria \u2013 conseguimos fazer nossa voz ser ouvida e sensibilizar o governador \u2013 que se mostra muito sol\u00edcito ao cumprir o prazo determinado por ele mesmo (10 dias) e acatado por n\u00f3s em assembleia\u201d, pontuou.<\/p>\n<p>Ainda segundo Dayse, \u201cqualquer proposta de movimenta\u00e7\u00e3o alheia aos enfermeiros e n\u00e3o pactuada em assembleia deve ser encarada como tentativa de divis\u00e3o da categoria e de manobra para tentar dificultar a aprova\u00e7\u00e3o da reestrutura\u00e7\u00e3o da carreira. Por isso, lutamos diariamente para manter a independ\u00eancia e autonomia do sindicato contra aqueles que pensam apenas nos seus pr\u00f3prios ganhos pol\u00edticos.\u201d, finalizou.<\/p>\n","protected":false},"excerpt":{"rendered":"<p>Ap\u00f3s semanas de intensas negocia\u00e7\u00f5es entre o SindEnfermeiro-DF e o governador Ibaneis Rocha (MDB), o Governo do Distrito Federal (GDF) deve apresentar amanh\u00e3 (17) a proposta do Executivo para a reestrutura\u00e7\u00e3o da carreira de enfermeiro na Secretaria de Sa\u00fade (SES-DF). A informa\u00e7\u00e3o foi dada hoje (16) pelo governador Ibaneis Rocha (MDB) em encontro com a [&hellip;]<\/p>\n","protected":false},"author":6,"featured_media":42929,"comment_status":"open","ping_status":"open","sticky":false,"template":"","format":"standard","meta":{"footnotes":""},"categories":[6,818,5],"tags":[120,121,805,236,21],"class_list":["post-43022","post","type-post","status-publish","format-standard","has-post-thumbnail","hentry","category-noticias","category-piso-salarial","category-rede-publica","tag-gdf","tag-ibaneis","tag-reestruturacao","tag-ses","tag-sindenfermeiro"],"_links":{"self":[{"href":"https:\/\/sindenfermeiro.com.br\/index.php\/wp-json\/wp\/v2\/posts\/43022","targetHints":{"allow":["GET"]}}],"collection":[{"href":"https:\/\/sindenfermeiro.com.br\/index.php\/wp-json\/wp\/v2\/posts"}],"about":[{"href":"https:\/\/sindenfermeiro.com.br\/index.php\/wp-json\/wp\/v2\/types\/post"}],"author":[{"embeddable":true,"href":"https:\/\/sindenfermeiro.com.br\/index.php\/wp-json\/wp\/v2\/users\/6"}],"replies":[{"embeddable":true,"href":"https:\/\/sindenfermeiro.com.br\/index.php\/wp-json\/wp\/v2\/comments?post=43022"}],"version-history":[{"count":1,"href":"https:\/\/sindenfermeiro.com.br\/index.php\/wp-json\/wp\/v2\/posts\/43022\/revisions"}],"predecessor-version":[{"id":43023,"href":"https:\/\/sindenfermeiro.com.br\/index.php\/wp-json\/wp\/v2\/posts\/43022\/revisions\/43023"}],"wp:featuredmedia":[{"embeddable":true,"href":"https:\/\/sindenfermeiro.com.br\/index.php\/wp-json\/wp\/v2\/media\/42929"}],"wp:attachment":[{"href":"https:\/\/sindenfermeiro.com.br\/index.php\/wp-json\/wp\/v2\/media?parent=43022"}],"wp:term":[{"taxonomy":"category","embeddable":true,"href":"https:\/\/sindenfermeiro.com.br\/index.php\/wp-json\/wp\/v2\/categories?post=43022"},{"taxonomy":"post_tag","embeddable":true,"href":"https:\/\/sindenfermeiro.com.br\/index.php\/wp-json\/wp\/v2\/tags?post=43022"}],"curies":[{"name":"wp","href":"https:\/\/api.w.org\/{rel}","templated":true}]}}