{"id":43011,"date":"2022-03-14T13:58:15","date_gmt":"2022-03-14T16:58:15","guid":{"rendered":"https:\/\/sindenfermeiro.com.br\/?p=43011"},"modified":"2026-04-29T18:07:15","modified_gmt":"2026-04-29T21:07:15","slug":"sindenfermeiro-vai-realizar-sua-primeira-eleicao-100-virtual-da-historia-veja-como-atualizar-seus-dados-e-participar","status":"publish","type":"post","link":"https:\/\/sindenfermeiro.com.br\/index.php\/2022\/03\/14\/sindenfermeiro-vai-realizar-sua-primeira-eleicao-100-virtual-da-historia-veja-como-atualizar-seus-dados-e-participar\/","title":{"rendered":"SindEnfermeiro vai realizar sua primeira elei\u00e7\u00e3o 100% virtual da hist\u00f3ria; veja como atualizar seus dados e participar"},"content":{"rendered":"<div id=\"attachment_42823\" style=\"width: 849px\" class=\"wp-caption aligncenter\"><img loading=\"lazy\" decoding=\"async\" aria-describedby=\"caption-attachment-42823\" class=\"wp-image-42823\" src=\"https:\/\/sindenfermeiro.com.br\/wp-content\/uploads\/2022\/01\/WhatsApp-Image-2022-01-28-at-11.25.21-1.jpeg\" alt=\"\" width=\"839\" height=\"559\" srcset=\"https:\/\/sindenfermeiro.com.br\/wp-content\/uploads\/2022\/01\/WhatsApp-Image-2022-01-28-at-11.25.21-1.jpeg 1280w, https:\/\/sindenfermeiro.com.br\/wp-content\/uploads\/2022\/01\/WhatsApp-Image-2022-01-28-at-11.25.21-1-300x200.jpeg 300w, https:\/\/sindenfermeiro.com.br\/wp-content\/uploads\/2022\/01\/WhatsApp-Image-2022-01-28-at-11.25.21-1-1024x682.jpeg 1024w, https:\/\/sindenfermeiro.com.br\/wp-content\/uploads\/2022\/01\/WhatsApp-Image-2022-01-28-at-11.25.21-1-768x512.jpeg 768w\" sizes=\"auto, (max-width: 839px) 100vw, 839px\" \/><p id=\"caption-attachment-42823\" class=\"wp-caption-text\">Elei\u00e7\u00e3o da comiss\u00e3o eleitoral para o pleito de 2022. Foto: ASCOM\/SindEnfermeiro<\/p><\/div>\n<p><a href=\"https:\/\/sindenfermeiro.com.br\/index.php\/2022\/02\/11\/eleicoes-sindicais-2022-edital-de-convocacao\/\">As elei\u00e7\u00f5es do Sindicato dos Enfermeiros do Distrito Federal (SindEnfermeiro-DF) para escolher a gest\u00e3o que vai liderar a entidade no quadri\u00eanio 2022-2026 ser\u00e3o realizadas nos dias 30 e 31 de mar\u00e7o de 2022<\/a>. E, pela primeira vez na hist\u00f3ria do sindicato, o pleito ser\u00e1 realizado de forma inteiramente virtual \u2013 seguindo uma tend\u00eancia j\u00e1 aplicada em entidades de outros estados com resultados satisfat\u00f3rios. Com o encerramento de todos os ritos de inscri\u00e7\u00e3o, composi\u00e7\u00e3o de chapas e pedidos de impugna\u00e7\u00e3o, a elei\u00e7\u00e3o ser\u00e1 realizada com chapa \u00fanica.<\/p>\n<p>A novidade tem como objetivo facilitar a vida de quem deseja participar das elei\u00e7\u00f5es sindicais, mas n\u00e3o tem tempo para se deslocar at\u00e9 as urnas volantes localizadas nas unidades de sa\u00fade, al\u00e9m de garantir mais transpar\u00eancia ao processo de vota\u00e7\u00e3o.<\/p>\n<p>No entanto, para que os sindicalizados possam participar do pleito, \u00e9 necess\u00e1rio que a base de dados esteja 100% atualizada \u2013 e para isso, o sindicato est\u00e1 realizando a partir de hoje a atualiza\u00e7\u00e3o das informa\u00e7\u00f5es dos filiados, a ser realizada clicando <strong><a href=\"https:\/\/sindenfermeirodf.elejaonline.com\/\">AQUI<\/a>.<\/strong><\/p>\n<p><a href=\"https:\/\/sindenfermeiro.com.br\/index.php\/2022\/02\/11\/eleicoes-sindicais-2022-edital-de-convocacao\/\">Confira o edital das Elei\u00e7\u00f5es SindEnfermeiro 2022<\/a><\/p>\n<p><a href=\"https:\/\/sindenfermeiro.com.br\/wp-content\/uploads\/2022\/03\/EDITAL-DE-ENCERRAMENTO-DE-PRAZO-PARA-REGISTRO-DE-CHAPAS.pdf\">Edital de encerramento da inscri\u00e7\u00e3o das chapas para o pleito: Saiba quem vai concorrer<\/a><\/p>\n<p><a href=\"https:\/\/sindenfermeiro.com.br\/wp-content\/uploads\/2022\/03\/Resolucao-n.-06-de-20.10.21-CE-1-4.pdf\">Confira as regras para a vota\u00e7\u00e3o e passo a passo detalhado AQUI<\/a><\/p>\n<p><strong>Veja o passo a passo de como atualizar seus dados:<\/strong><\/p>\n<p><strong><em>Acesse o site <a href=\"https:\/\/sindenfermeirodf.elejaonline.com\/\">sindenfermeirodf.elejaonline.com<\/a> e clique no bot\u00e3o \u201cInscreva-se\u201d<br \/>\n<\/em><\/strong><br \/>\n<img loading=\"lazy\" decoding=\"async\" class=\"wp-image-43012 size-full alignnone\" src=\"https:\/\/sindenfermeiro.com.br\/wp-content\/uploads\/2022\/03\/1.png\" alt=\"\" width=\"975\" height=\"483\" srcset=\"https:\/\/sindenfermeiro.com.br\/wp-content\/uploads\/2022\/03\/1.png 975w, https:\/\/sindenfermeiro.com.br\/wp-content\/uploads\/2022\/03\/1-300x149.png 300w, https:\/\/sindenfermeiro.com.br\/wp-content\/uploads\/2022\/03\/1-768x380.png 768w\" sizes=\"auto, (max-width: 975px) 100vw, 975px\" \/><\/p>\n<p><em><strong>Leia atentamente e aceite o termo de consentimento para o uso dos seus dados. N\u00e3o se preocupe: eles est\u00e3o 100% seguros e n\u00e3o ser\u00e3o utilizados para nada que voc\u00ea n\u00e3o permitir.<br \/>\n<\/strong><\/em><br \/>\n<img loading=\"lazy\" decoding=\"async\" class=\"alignnone wp-image-43013 \" src=\"https:\/\/sindenfermeiro.com.br\/wp-content\/uploads\/2022\/03\/2.png\" alt=\"\" width=\"971\" height=\"489\" srcset=\"https:\/\/sindenfermeiro.com.br\/wp-content\/uploads\/2022\/03\/2.png 963w, https:\/\/sindenfermeiro.com.br\/wp-content\/uploads\/2022\/03\/2-300x151.png 300w, https:\/\/sindenfermeiro.com.br\/wp-content\/uploads\/2022\/03\/2-768x387.png 768w\" sizes=\"auto, (max-width: 971px) 100vw, 971px\" \/><\/p>\n<p><strong><em>Lidos e aceitos os termos, \u00e9 hora de atualizar seus dados. Preencha todos os campos com as informa\u00e7\u00f5es correspondentes. Quando voc\u00ea clicar em enviar, sua inscri\u00e7\u00e3o estar\u00e1 realizada!<\/em><\/strong><\/p>\n<p><img loading=\"lazy\" decoding=\"async\" class=\"alignnone wp-image-43014 \" src=\"https:\/\/sindenfermeiro.com.br\/wp-content\/uploads\/2022\/03\/3-1024x517.png\" alt=\"\" width=\"965\" height=\"487\" srcset=\"https:\/\/sindenfermeiro.com.br\/wp-content\/uploads\/2022\/03\/3-1024x517.png 1024w, https:\/\/sindenfermeiro.com.br\/wp-content\/uploads\/2022\/03\/3-300x151.png 300w, https:\/\/sindenfermeiro.com.br\/wp-content\/uploads\/2022\/03\/3-768x388.png 768w, https:\/\/sindenfermeiro.com.br\/wp-content\/uploads\/2022\/03\/3-1536x776.png 1536w, https:\/\/sindenfermeiro.com.br\/wp-content\/uploads\/2022\/03\/3.png 1919w\" sizes=\"auto, (max-width: 965px) 100vw, 965px\" \/><\/p>\n<p><em><strong><br \/>\nFeita a inscri\u00e7\u00e3o, aguarde a an\u00e1lise dos seus dados. Caso n\u00e3o haja nenhum problema, a sua senha de acesso \u00e0 plataforma ser\u00e1 enviada por e-mail, SMS e WhatsApp at\u00e9 o dia 29 de mar\u00e7o. Mas, se algum problema nos seus dados for constatado, voc\u00ea tamb\u00e9m receber\u00e1 uma mensagem \u2013 esta, para corrigir as informa\u00e7\u00f5es. Neste caso, acesse novamente a plataforma de cadastro e repita os passos anteriores, realizando as corre\u00e7\u00f5es devidas.<\/strong><\/em><\/p>\n<p><img loading=\"lazy\" decoding=\"async\" class=\"wp-image-43015 alignleft\" src=\"https:\/\/sindenfermeiro.com.br\/wp-content\/uploads\/2022\/03\/4.png\" alt=\"\" width=\"847\" height=\"424\" srcset=\"https:\/\/sindenfermeiro.com.br\/wp-content\/uploads\/2022\/03\/4.png 957w, https:\/\/sindenfermeiro.com.br\/wp-content\/uploads\/2022\/03\/4-300x150.png 300w, https:\/\/sindenfermeiro.com.br\/wp-content\/uploads\/2022\/03\/4-768x384.png 768w\" sizes=\"auto, (max-width: 847px) 100vw, 847px\" \/><img loading=\"lazy\" decoding=\"async\" class=\"wp-image-43016 alignleft\" src=\"https:\/\/sindenfermeiro.com.br\/wp-content\/uploads\/2022\/03\/5.png\" alt=\"\" width=\"408\" height=\"414\" srcset=\"https:\/\/sindenfermeiro.com.br\/wp-content\/uploads\/2022\/03\/5.png 464w, https:\/\/sindenfermeiro.com.br\/wp-content\/uploads\/2022\/03\/5-296x300.png 296w\" sizes=\"auto, (max-width: 408px) 100vw, 408px\" \/><\/p>\n<p>&nbsp;<\/p>\n","protected":false},"excerpt":{"rendered":"<p>As elei\u00e7\u00f5es do Sindicato dos Enfermeiros do Distrito Federal (SindEnfermeiro-DF) para escolher a gest\u00e3o que vai liderar a entidade no quadri\u00eanio 2022-2026 ser\u00e3o realizadas nos dias 30 e 31 de mar\u00e7o de 2022. E, pela primeira vez na hist\u00f3ria do sindicato, o pleito ser\u00e1 realizado de forma inteiramente virtual \u2013 seguindo uma tend\u00eancia j\u00e1 aplicada [&hellip;]<\/p>\n","protected":false},"author":6,"featured_media":42823,"comment_status":"open","ping_status":"open","sticky":false,"template":"","format":"standard","meta":{"footnotes":""},"categories":[334,6,13,5],"tags":[804,226,54,21],"class_list":["post-43011","post","type-post","status-publish","format-standard","has-post-thumbnail","hentry","category-juridico","category-noticias","category-rede-privada","category-rede-publica","tag-804","tag-eleicoes-sindicais","tag-enfermeiros","tag-sindenfermeiro"],"_links":{"self":[{"href":"https:\/\/sindenfermeiro.com.br\/index.php\/wp-json\/wp\/v2\/posts\/43011","targetHints":{"allow":["GET"]}}],"collection":[{"href":"https:\/\/sindenfermeiro.com.br\/index.php\/wp-json\/wp\/v2\/posts"}],"about":[{"href":"https:\/\/sindenfermeiro.com.br\/index.php\/wp-json\/wp\/v2\/types\/post"}],"author":[{"embeddable":true,"href":"https:\/\/sindenfermeiro.com.br\/index.php\/wp-json\/wp\/v2\/users\/6"}],"replies":[{"embeddable":true,"href":"https:\/\/sindenfermeiro.com.br\/index.php\/wp-json\/wp\/v2\/comments?post=43011"}],"version-history":[{"count":8,"href":"https:\/\/sindenfermeiro.com.br\/index.php\/wp-json\/wp\/v2\/posts\/43011\/revisions"}],"predecessor-version":[{"id":43036,"href":"https:\/\/sindenfermeiro.com.br\/index.php\/wp-json\/wp\/v2\/posts\/43011\/revisions\/43036"}],"wp:featuredmedia":[{"embeddable":true,"href":"https:\/\/sindenfermeiro.com.br\/index.php\/wp-json\/wp\/v2\/media\/42823"}],"wp:attachment":[{"href":"https:\/\/sindenfermeiro.com.br\/index.php\/wp-json\/wp\/v2\/media?parent=43011"}],"wp:term":[{"taxonomy":"category","embeddable":true,"href":"https:\/\/sindenfermeiro.com.br\/index.php\/wp-json\/wp\/v2\/categories?post=43011"},{"taxonomy":"post_tag","embeddable":true,"href":"https:\/\/sindenfermeiro.com.br\/index.php\/wp-json\/wp\/v2\/tags?post=43011"}],"curies":[{"name":"wp","href":"https:\/\/api.w.org\/{rel}","templated":true}]}}