{"id":43000,"date":"2022-03-10T10:04:56","date_gmt":"2022-03-10T13:04:56","guid":{"rendered":"https:\/\/sindenfermeiro.com.br\/?p=43000"},"modified":"2026-04-29T18:57:57","modified_gmt":"2026-04-29T21:57:57","slug":"sindenfermeiro-e-igesdf-celebram-acordo-coletivo-com-reajuste-retroativo","status":"publish","type":"post","link":"https:\/\/sindenfermeiro.com.br\/index.php\/2022\/03\/10\/sindenfermeiro-e-igesdf-celebram-acordo-coletivo-com-reajuste-retroativo\/","title":{"rendered":"SindEnfermeiro e IGESDF celebram Acordo Coletivo com reajuste retroativo"},"content":{"rendered":"<div id=\"attachment_43001\" style=\"width: 663px\" class=\"wp-caption aligncenter\"><img loading=\"lazy\" decoding=\"async\" aria-describedby=\"caption-attachment-43001\" class=\"wp-image-43001 \" src=\"https:\/\/sindenfermeiro.com.br\/wp-content\/uploads\/2022\/03\/WhatsApp-Image-2022-03-10-at-09.56.30.jpeg\" alt=\"\" width=\"653\" height=\"435\" srcset=\"https:\/\/sindenfermeiro.com.br\/wp-content\/uploads\/2022\/03\/WhatsApp-Image-2022-03-10-at-09.56.30.jpeg 840w, https:\/\/sindenfermeiro.com.br\/wp-content\/uploads\/2022\/03\/WhatsApp-Image-2022-03-10-at-09.56.30-300x200.jpeg 300w, https:\/\/sindenfermeiro.com.br\/wp-content\/uploads\/2022\/03\/WhatsApp-Image-2022-03-10-at-09.56.30-768x512.jpeg 768w\" sizes=\"auto, (max-width: 653px) 100vw, 653px\" \/><p id=\"caption-attachment-43001\" class=\"wp-caption-text\">Foto: Davidyson Damasceno\/IGESDF<\/p><\/div>\n<p>Os enfermeiros do Instituto de Gest\u00e3o Estrat\u00e9gica da Sa\u00fade (IGESDF) finalmente possuem um novo acordo coletivo, ap\u00f3s quase dois anos de intensas negocia\u00e7\u00f5es. O documento foi assinado na tarde de ontem (09) em reuni\u00e3o entre a presidente do SindEnfermeiro, Dayse Amar\u00edlio, e a presidente do IGESDF, Mariela de Jesus.<\/p>\n<p>Entre as principais cl\u00e1usulas do acordo est\u00e1 a previs\u00e3o do reajuste salarial retroativo de 2% entre outubro de 2021 a fevereiro de 2022, que ser\u00e1 pago em tr\u00eas parcelas \u2013 al\u00e9m de outros pontos como a garantia de licen\u00e7a-maternidade de 120 dias, e paternidade de 20 dias, dois abonos por semestre e folga no dia do anivers\u00e1rio.<\/p>\n<p><strong>Acordo garante seguran\u00e7a e direitos<\/strong><\/p>\n<p>A presidente do SindEnfermeiro, Dayse Amar\u00edlio, ressaltou a import\u00e2ncia do documento no sentido de dar tranquilidade aos enfermeiros do instituto, que estavam desde 2020 sem um acordo coletivo v\u00e1lido \u2013 mas principalmente, por preservar direitos e cl\u00e1usulas sociais importantes.<\/p>\n<p>\u201cO acordo \u00e9 fundamental para dar seguran\u00e7a aos enfermeiros, que agora tem respaldo legal para trabalhar sem medo de perder seus direitos, um fato que j\u00e1 vinha ocorrendo. Mas nesse documento conseguimos resgatar algumas quest\u00f5es que os profissionais n\u00e3o tinham mais acesso, como os abonos semestrais, licen\u00e7as e a folga de anivers\u00e1rio\u201d, afirmou.<\/p>\n<p>Ainda segundo Dayse, o reajuste salarial foi aqu\u00e9m do desejado pelo sindicato durante as negocia\u00e7\u00f5es, mas ainda assim pode ser considerado um avan\u00e7o por ter car\u00e1ter retroativo.<\/p>\n<p><strong>Mesa de negocia\u00e7\u00f5es fixa<\/strong><\/p>\n<p>Durante as negocia\u00e7\u00f5es para o acordo, uma das solicita\u00e7\u00f5es do SindEnfermeiro foi a manuten\u00e7\u00e3o de uma mesa permanente de negocia\u00e7\u00f5es junto ao Instituto, com o objetivo de aprofundar as discuss\u00f5es sobre pautas como plano de cargos e sal\u00e1rios e a cria\u00e7\u00e3o de cursos de atualiza\u00e7\u00e3o e especializa\u00e7\u00e3o para os enfermeiros \u2013 ofertados pelo IGESDF.<\/p>\n<p>\u201cTemos o compromisso de fortalecer ainda mais as cl\u00e1usulas sociais do acordo como forma de proporcionar maior bem estar aos trabalhadores, e ter uma mesa permanente de negocia\u00e7\u00f5es nos permite discutir e avan\u00e7ar em quest\u00f5es que s\u00e3o muito caras para n\u00f3s. Fortalecer as cl\u00e1usulas sociais se torna ainda mais importante frente \u00e0s dificuldades para negociar quest\u00f5es financeiras \u2013 que n\u00e3o v\u00e3o ser esquecidas\u201d, pontuou.<\/p>\n<p><em>A \u00edntegra do documento est\u00e1 dispon\u00edvel <a href=\"https:\/\/sindenfermeiro.com.br\/wp-content\/uploads\/2022\/03\/ACT-SINDENFERMEIRO-IGES-1.pdf\">AQUI<\/a>.<\/em><\/p>\n","protected":false},"excerpt":{"rendered":"<p>Os enfermeiros do Instituto de Gest\u00e3o Estrat\u00e9gica da Sa\u00fade (IGESDF) finalmente possuem um novo acordo coletivo, ap\u00f3s quase dois anos de intensas negocia\u00e7\u00f5es. O documento foi assinado na tarde de ontem (09) em reuni\u00e3o entre a presidente do SindEnfermeiro, Dayse Amar\u00edlio, e a presidente do IGESDF, Mariela de Jesus. Entre as principais cl\u00e1usulas do acordo [&hellip;]<\/p>\n","protected":false},"author":6,"featured_media":43001,"comment_status":"open","ping_status":"open","sticky":false,"template":"","format":"standard","meta":{"footnotes":""},"categories":[6,818,13,5],"tags":[804,285,309,313,21],"class_list":["post-43000","post","type-post","status-publish","format-standard","has-post-thumbnail","hentry","category-noticias","category-piso-salarial","category-rede-privada","category-rede-publica","tag-804","tag-acordo-coletivo","tag-act","tag-igesdf","tag-sindenfermeiro"],"_links":{"self":[{"href":"https:\/\/sindenfermeiro.com.br\/index.php\/wp-json\/wp\/v2\/posts\/43000","targetHints":{"allow":["GET"]}}],"collection":[{"href":"https:\/\/sindenfermeiro.com.br\/index.php\/wp-json\/wp\/v2\/posts"}],"about":[{"href":"https:\/\/sindenfermeiro.com.br\/index.php\/wp-json\/wp\/v2\/types\/post"}],"author":[{"embeddable":true,"href":"https:\/\/sindenfermeiro.com.br\/index.php\/wp-json\/wp\/v2\/users\/6"}],"replies":[{"embeddable":true,"href":"https:\/\/sindenfermeiro.com.br\/index.php\/wp-json\/wp\/v2\/comments?post=43000"}],"version-history":[{"count":3,"href":"https:\/\/sindenfermeiro.com.br\/index.php\/wp-json\/wp\/v2\/posts\/43000\/revisions"}],"predecessor-version":[{"id":43007,"href":"https:\/\/sindenfermeiro.com.br\/index.php\/wp-json\/wp\/v2\/posts\/43000\/revisions\/43007"}],"wp:featuredmedia":[{"embeddable":true,"href":"https:\/\/sindenfermeiro.com.br\/index.php\/wp-json\/wp\/v2\/media\/43001"}],"wp:attachment":[{"href":"https:\/\/sindenfermeiro.com.br\/index.php\/wp-json\/wp\/v2\/media?parent=43000"}],"wp:term":[{"taxonomy":"category","embeddable":true,"href":"https:\/\/sindenfermeiro.com.br\/index.php\/wp-json\/wp\/v2\/categories?post=43000"},{"taxonomy":"post_tag","embeddable":true,"href":"https:\/\/sindenfermeiro.com.br\/index.php\/wp-json\/wp\/v2\/tags?post=43000"}],"curies":[{"name":"wp","href":"https:\/\/api.w.org\/{rel}","templated":true}]}}