{"id":42941,"date":"2022-03-08T13:41:31","date_gmt":"2022-03-08T16:41:31","guid":{"rendered":"https:\/\/sindenfermeiro.com.br\/?p=42941"},"modified":"2026-04-29T18:07:20","modified_gmt":"2026-04-29T21:07:20","slug":"em-assembleia-sindenfermeiro-debate-movimentacoes-pela-reestruturacao-com-categoria","status":"publish","type":"post","link":"https:\/\/sindenfermeiro.com.br\/index.php\/2022\/03\/08\/em-assembleia-sindenfermeiro-debate-movimentacoes-pela-reestruturacao-com-categoria\/","title":{"rendered":"Em assembleia, SindEnfermeiro debate movimenta\u00e7\u00f5es pela reestrutura\u00e7\u00e3o com categoria"},"content":{"rendered":"<p><img loading=\"lazy\" decoding=\"async\" class=\"aligncenter wp-image-42943 \" src=\"https:\/\/sindenfermeiro.com.br\/wp-content\/uploads\/2022\/03\/WhatsApp-Image-2022-03-08-at-13.37.25.jpeg\" alt=\"\" width=\"738\" height=\"492\" srcset=\"https:\/\/sindenfermeiro.com.br\/wp-content\/uploads\/2022\/03\/WhatsApp-Image-2022-03-08-at-13.37.25.jpeg 1280w, https:\/\/sindenfermeiro.com.br\/wp-content\/uploads\/2022\/03\/WhatsApp-Image-2022-03-08-at-13.37.25-300x200.jpeg 300w, https:\/\/sindenfermeiro.com.br\/wp-content\/uploads\/2022\/03\/WhatsApp-Image-2022-03-08-at-13.37.25-1024x682.jpeg 1024w, https:\/\/sindenfermeiro.com.br\/wp-content\/uploads\/2022\/03\/WhatsApp-Image-2022-03-08-at-13.37.25-768x512.jpeg 768w\" sizes=\"auto, (max-width: 738px) 100vw, 738px\" \/><\/p>\n<p>Na noite de ontem (07), o Sindicato dos Enfermeiros do DF (SindEnfermeiro) realizou assembleia geral extraordin\u00e1ria para debater com a categoria sobre as propostas de mobiliza\u00e7\u00e3o pela reestrutura\u00e7\u00e3o da carreira de enfermeiro. Cerca de 40 pessoas participaram do encontro, realizado no Clube da Sa\u00fade.<\/p>\n<p>A presidente Dayse Amar\u00edlio, o secret\u00e1rio-geral Jorge Henrique, e os diretores Marcio da Mata e Ursula Nepomoceno conduziram a assembleia, e apresentaram aos enfermeiros presentes uma retrospectiva das a\u00e7\u00f5es desenvolvidas pelo sindicato em prol da reestrutura\u00e7\u00e3o &#8211; incluindo as delibera\u00e7\u00f5es feitas durante a reuni\u00e3o de ontem com o governador do DF, Ibaneis Rocha (MDB) e as c\u00fapulas da Secretaria de Sa\u00fade (SES) e Instituto de Gest\u00e3o Estrat\u00e9gica da Sa\u00fade.<\/p>\n<p>Os enfermeiros tamb\u00e9m puderam conhecer a campanha de mobiliza\u00e7\u00e3o pela reestrutura\u00e7\u00e3o capitaneada pelo SindEnfermeiro. Com o lema \u201cIgualdade para aqueles que fazem a diferen\u00e7a na sa\u00fade\u201d, o objetivo \u00e9 de sensibilizar a sociedade e o governo para a import\u00e2ncia de valoriza\u00e7\u00e3o da categoria \u2013 atrav\u00e9s de atos presenciais, mobiliza\u00e7\u00f5es em redes sociais, camisetas, bottoms e outros recursos. Os presentes aprovaram por unanimidade a realiza\u00e7\u00e3o da campanha.<\/p>\n<p>Outro ponto deliberado foi a possibilidade de realizar uma nova assembleia em cerca de 10 dias \u2013 prazo dado pelo GDF para a apresenta\u00e7\u00e3o dos estudos de viabilidade da reestrutura\u00e7\u00e3o. Em vota\u00e7\u00e3o, os enfermeiros participantes tamb\u00e9m aprovaram a proposta por unanimidade.<\/p>\n<p>Tamb\u00e9m foi convocado um ato no pr\u00f3ximo dia 16 de mar\u00e7o, \u00e0s 9h30, no Hospital Regional de Taguatinga (HRT), pela reestrutura\u00e7\u00e3o. Mais informa\u00e7\u00f5es ser\u00e3o divulgadas em breve.<\/p>\n<p><strong>Mobiliza\u00e7\u00e3o precisa ser massiva, diz Dayse<\/strong><\/p>\n<p>A presidente do SindEnfermeiro, Dayse Amar\u00edlio, avaliou como positivo o saldo geral da assembleia, mas chamou a aten\u00e7\u00e3o para a baixa ades\u00e3o da categoria nas discuss\u00f5es que envolvem a reestrutura\u00e7\u00e3o.<\/p>\n<p>\u201cApesar da relev\u00e2ncia do tema e da oportunidade de ampliarmos as discuss\u00f5es, a participa\u00e7\u00e3o ainda foi abaixo do potencial de luta que a nossa categoria tem, e isso me preocupa pois queremos sensibilizar a popula\u00e7\u00e3o \u2013 e o governador para a nossa causa, mas sem a ades\u00e3o massiva dos enfermeiros a nossa miss\u00e3o se torna ainda mais dif\u00edcil\u201d, afirmou.<\/p>\n<p>Apesar da ades\u00e3o abaixo do desejado, segundo Dayse, a assembleia foi muito importante para que fossem apresentados todos os aspectos relacionados ao projeto da reestrutura\u00e7\u00e3o \u2013 discutindo inclusive a necessidade de levar a import\u00e2ncia da reestrutura\u00e7\u00e3o ao conhecimento da popula\u00e7\u00e3o.<\/p>\n<p>\u201cUm dos pontos-chave do nosso debate foi a necessidade de mobilizar tamb\u00e9m a popula\u00e7\u00e3o, especialmente aquelas pessoas que dependem diretamente dos servi\u00e7os do SUS, mostrando que a valoriza\u00e7\u00e3o do enfermeiro \u00e9 fundamental para a melhoria da assist\u00eancia\u201d, apontou.<\/p>\n<p>O secret\u00e1rio-geral Jorge Henrique endossou a fala da presidente sobre a import\u00e2ncia de participa\u00e7\u00e3o da categoria nas discuss\u00f5es sobre a reestrutura\u00e7\u00e3o, e ressaltou que os enfermeiros devem ficar atentos aos chamados do sindicato para assembleias e outros debates sobre o tema.<\/p>\n<p>&#8220;A assembleia foi muito importante para ratificar o compromisso da categoria com a reestrutura\u00e7\u00e3o. Continuem mobilizados e convoquem mais pessoas para fazer parte do movimento, pois s\u00f3 assim vamos conseguir sensibilizar o GDF e a popula\u00e7\u00e3o para a import\u00e2ncia de valorizar os enfermeiros&#8221;, pontuou.<\/p>\n<p>Por fim, a representante do SindEnfermeiro faz um apelo \u00e0 categoria:<\/p>\n<p>\u201cDespertem! Entendam que quem constr\u00f3i um sindicato e a luta \u00e9 cada um de voc\u00eas, enfermeiras e enfermeiros. N\u00e3o podemos ficar sendo mobilizadores de WhatsApp, reclamando que nada acontece e esperando por um milagre. Somente lutando juntos \u00e9 que vamos ser protagonistas da nossa pr\u00f3pria hist\u00f3ria e mudar os rumos da enfermagem!\u201d, finalizou.<\/p>\n","protected":false},"excerpt":{"rendered":"<p>Na noite de ontem (07), o Sindicato dos Enfermeiros do DF (SindEnfermeiro) realizou assembleia geral extraordin\u00e1ria para debater com a categoria sobre as propostas de mobiliza\u00e7\u00e3o pela reestrutura\u00e7\u00e3o da carreira de enfermeiro. Cerca de 40 pessoas participaram do encontro, realizado no Clube da Sa\u00fade. A presidente Dayse Amar\u00edlio, o secret\u00e1rio-geral Jorge Henrique, e os diretores [&hellip;]<\/p>\n","protected":false},"author":6,"featured_media":42943,"comment_status":"open","ping_status":"open","sticky":false,"template":"","format":"standard","meta":{"footnotes":""},"categories":[6,5],"tags":[413,805,21],"class_list":["post-42941","post","type-post","status-publish","format-standard","has-post-thumbnail","hentry","category-noticias","category-rede-publica","tag-assembleia","tag-reestruturacao","tag-sindenfermeiro"],"_links":{"self":[{"href":"https:\/\/sindenfermeiro.com.br\/index.php\/wp-json\/wp\/v2\/posts\/42941","targetHints":{"allow":["GET"]}}],"collection":[{"href":"https:\/\/sindenfermeiro.com.br\/index.php\/wp-json\/wp\/v2\/posts"}],"about":[{"href":"https:\/\/sindenfermeiro.com.br\/index.php\/wp-json\/wp\/v2\/types\/post"}],"author":[{"embeddable":true,"href":"https:\/\/sindenfermeiro.com.br\/index.php\/wp-json\/wp\/v2\/users\/6"}],"replies":[{"embeddable":true,"href":"https:\/\/sindenfermeiro.com.br\/index.php\/wp-json\/wp\/v2\/comments?post=42941"}],"version-history":[{"count":2,"href":"https:\/\/sindenfermeiro.com.br\/index.php\/wp-json\/wp\/v2\/posts\/42941\/revisions"}],"predecessor-version":[{"id":42946,"href":"https:\/\/sindenfermeiro.com.br\/index.php\/wp-json\/wp\/v2\/posts\/42941\/revisions\/42946"}],"wp:featuredmedia":[{"embeddable":true,"href":"https:\/\/sindenfermeiro.com.br\/index.php\/wp-json\/wp\/v2\/media\/42943"}],"wp:attachment":[{"href":"https:\/\/sindenfermeiro.com.br\/index.php\/wp-json\/wp\/v2\/media?parent=42941"}],"wp:term":[{"taxonomy":"category","embeddable":true,"href":"https:\/\/sindenfermeiro.com.br\/index.php\/wp-json\/wp\/v2\/categories?post=42941"},{"taxonomy":"post_tag","embeddable":true,"href":"https:\/\/sindenfermeiro.com.br\/index.php\/wp-json\/wp\/v2\/tags?post=42941"}],"curies":[{"name":"wp","href":"https:\/\/api.w.org\/{rel}","templated":true}]}}