{"id":42938,"date":"2022-03-07T14:56:29","date_gmt":"2022-03-07T17:56:29","guid":{"rendered":"https:\/\/sindenfermeiro.com.br\/?p=42938"},"modified":"2026-04-29T18:58:00","modified_gmt":"2026-04-29T21:58:00","slug":"sindenfermeiro-e-ibaneis-discutem-reestruturacao-em-reuniao-no-buriti","status":"publish","type":"post","link":"https:\/\/sindenfermeiro.com.br\/index.php\/2022\/03\/07\/sindenfermeiro-e-ibaneis-discutem-reestruturacao-em-reuniao-no-buriti\/","title":{"rendered":"SindEnfermeiro e Ibaneis discutem reestrutura\u00e7\u00e3o em reuni\u00e3o no Buriti"},"content":{"rendered":"<div id=\"attachment_42939\" style=\"width: 745px\" class=\"wp-caption aligncenter\"><img loading=\"lazy\" decoding=\"async\" aria-describedby=\"caption-attachment-42939\" class=\"wp-image-42939\" src=\"https:\/\/sindenfermeiro.com.br\/wp-content\/uploads\/2022\/03\/WhatsApp-Image-2022-03-07-at-13.26.03.jpeg\" alt=\"\" width=\"735\" height=\"490\" srcset=\"https:\/\/sindenfermeiro.com.br\/wp-content\/uploads\/2022\/03\/WhatsApp-Image-2022-03-07-at-13.26.03.jpeg 1280w, https:\/\/sindenfermeiro.com.br\/wp-content\/uploads\/2022\/03\/WhatsApp-Image-2022-03-07-at-13.26.03-300x200.jpeg 300w, https:\/\/sindenfermeiro.com.br\/wp-content\/uploads\/2022\/03\/WhatsApp-Image-2022-03-07-at-13.26.03-1024x682.jpeg 1024w, https:\/\/sindenfermeiro.com.br\/wp-content\/uploads\/2022\/03\/WhatsApp-Image-2022-03-07-at-13.26.03-768x512.jpeg 768w\" sizes=\"auto, (max-width: 735px) 100vw, 735px\" \/><p id=\"caption-attachment-42939\" class=\"wp-caption-text\">Foto: Renato Alves\/Ag\u00eancia Bras\u00edlia<\/p><\/div>\n<p>Na manh\u00e3 de hoje (07), o Sindicato dos Enfermeiros do DF (SindEnfermeiro) esteve no Pal\u00e1cio do Buriti em reuni\u00e3o com o governador Ibaneis Rocha (MDB) e as c\u00fapulas da Secretaria de Sa\u00fade (SES) e Instituto de Gest\u00e3o Estrat\u00e9gica da Sa\u00fade (IGESDF). O objetivo foi de apresentar ao chefe do Executivo a import\u00e2ncia da reestrutura\u00e7\u00e3o da carreira de enfermeiro e apontar poss\u00edveis solu\u00e7\u00f5es para tornar o projeto vi\u00e1vel.<\/p>\n<p>A presidente Dayse Amar\u00edlio foi a representante do SindEnfermeiro na reuni\u00e3o \u2013 que tamb\u00e9m contou com as presen\u00e7as do secret\u00e1rio de Governo, Jos\u00e9 Humberto Pires, e de Sa\u00fade do DF, Gal. Manoel Pafiadache, o subsecret\u00e1rio de Gest\u00e3o de Pessoas (SUGEP) da pasta, Evil\u00e1sio Silva, a presidente do IGESDF, Mariela de Jesus e a presidente do SindSa\u00fade, Marli Rodrigues.<\/p>\n<p><strong>Repara\u00e7\u00e3o de uma injusti\u00e7a<\/strong><\/p>\n<p>Durante o encontro, Dayse exp\u00f4s ao governador a necessidade da reestrutura\u00e7\u00e3o como um instrumento de reconhecimento ao trabalho realizado pelos enfermeiros durante a pandemia, al\u00e9m de ser uma forma de reparar uma injusti\u00e7a que j\u00e1 dura praticamente uma d\u00e9cada.<\/p>\n<p>\u201cFoi muito importante poder levar para essa reuni\u00e3o que o trabalho dos enfermeiros precisa ser reconhecido, e que a pandemia s\u00f3 tornou ainda mais evidente toda a dificuldade enfrentada pela nossa categoria ao longo dos anos. Ver que o governador nos recebeu e se mostrou disposto a reparar essa discrep\u00e2ncia que j\u00e1 dura tanto tempo nos deixou muito animados\u201d, afirmou Dayse.<\/p>\n<p>A representante do SindEnfermeiro ainda ressaltou a import\u00e2ncia de ter em m\u00e3os estudos e n\u00fameros que apontam n\u00e3o s\u00f3 para a viabilidade or\u00e7ament\u00e1ria do projeto, mas tamb\u00e9m o impacto positivo a ser sentido diretamente na assist\u00eancia.<\/p>\n<p>\u201cEsse encontro com o governador tamb\u00e9m foi muito importante para mostrar de forma concreta todo o trabalho realizado pelos enfermeiros na assist\u00eancia, e principalmente, como a valoriza\u00e7\u00e3o da categoria tem reflexos diretos na melhoria dos servi\u00e7os de sa\u00fade, diminuindo por exemplo a incid\u00eancia de afastamentos por motivos de doen\u00e7a\u201d, completou.<\/p>\n<p>Apesar de se mostrar sensivel \u00e0 demanda dos enfermeiros, Ibaneis demonstrou preocupa\u00e7\u00e3o com quest\u00f5es como a demora na retomada econ\u00f4mica, as proje\u00e7\u00f5es de alta da infla\u00e7\u00e3o causadas por fatores externos como a guerra entre R\u00fassia e Ucr\u00e2nia, al\u00e9m da Lei de Responsabilidade Fiscal, e solicitou ao secret\u00e1rio de Economia, Jos\u00e9 Itamar Feitosa, a elabora\u00e7\u00e3o de um estudo de viabiliza\u00e7\u00e3o do projeto &#8211; a ser entregue em at\u00e9 dez dias.<\/p>\n<p>O entusiasmo por um desfecho positivo tamb\u00e9m \u00e9 compartilhado pela presidente do SindSa\u00fade-DF, Marli Rodrigues. &#8220;Sabemos que o ano \u00e9 complicado por ser eleitoral, com resultados negativos da pandemia na economia, os impactos desta guerra. Contudo, o governador foi sens\u00edvel e acolheu a demanda, reconheceu a injusti\u00e7a cometida contra os especialistas e enfermeiros da SES. Podemos perceber a real inten\u00e7\u00e3o do governo em reparar de alguma forma essa discrep\u00e2ncia, e para tanto o governador solicitou outra reuni\u00e3o em dez dias&#8221;, afirmou.<\/p>\n<p><strong>Discuss\u00f5es da reuni\u00e3o ser\u00e3o apresentadas em assembleia<\/strong><\/p>\n<p>O SindEnfermeiro vai realizar hoje (07), com primeira chamada \u00e0s 19h15 e segunda \u00e0s 19h30, assembleia para debater com a categoria sobre a reestrutura\u00e7\u00e3o da carreira de enfermeiro \u2013 inclusive levando as discuss\u00f5es realizadas durante a reuni\u00e3o desta manh\u00e3. Tamb\u00e9m ser\u00e1 debatida a pauta do aux\u00edlio-alimenta\u00e7\u00e3o dos enfermeiros da SES. A assembleia ser\u00e1 realizada de forma presencial no Clube da Sa\u00fade.<\/p>\n","protected":false},"excerpt":{"rendered":"<p>Na manh\u00e3 de hoje (07), o Sindicato dos Enfermeiros do DF (SindEnfermeiro) esteve no Pal\u00e1cio do Buriti em reuni\u00e3o com o governador Ibaneis Rocha (MDB) e as c\u00fapulas da Secretaria de Sa\u00fade (SES) e Instituto de Gest\u00e3o Estrat\u00e9gica da Sa\u00fade (IGESDF). O objetivo foi de apresentar ao chefe do Executivo a import\u00e2ncia da reestrutura\u00e7\u00e3o da [&hellip;]<\/p>\n","protected":false},"author":6,"featured_media":42939,"comment_status":"open","ping_status":"open","sticky":false,"template":"","format":"standard","meta":{"footnotes":""},"categories":[6,5],"tags":[120,121,805,103,236,21],"class_list":["post-42938","post","type-post","status-publish","format-standard","has-post-thumbnail","hentry","category-noticias","category-rede-publica","tag-gdf","tag-ibaneis","tag-reestruturacao","tag-reuniao","tag-ses","tag-sindenfermeiro"],"_links":{"self":[{"href":"https:\/\/sindenfermeiro.com.br\/index.php\/wp-json\/wp\/v2\/posts\/42938","targetHints":{"allow":["GET"]}}],"collection":[{"href":"https:\/\/sindenfermeiro.com.br\/index.php\/wp-json\/wp\/v2\/posts"}],"about":[{"href":"https:\/\/sindenfermeiro.com.br\/index.php\/wp-json\/wp\/v2\/types\/post"}],"author":[{"embeddable":true,"href":"https:\/\/sindenfermeiro.com.br\/index.php\/wp-json\/wp\/v2\/users\/6"}],"replies":[{"embeddable":true,"href":"https:\/\/sindenfermeiro.com.br\/index.php\/wp-json\/wp\/v2\/comments?post=42938"}],"version-history":[{"count":1,"href":"https:\/\/sindenfermeiro.com.br\/index.php\/wp-json\/wp\/v2\/posts\/42938\/revisions"}],"predecessor-version":[{"id":42940,"href":"https:\/\/sindenfermeiro.com.br\/index.php\/wp-json\/wp\/v2\/posts\/42938\/revisions\/42940"}],"wp:featuredmedia":[{"embeddable":true,"href":"https:\/\/sindenfermeiro.com.br\/index.php\/wp-json\/wp\/v2\/media\/42939"}],"wp:attachment":[{"href":"https:\/\/sindenfermeiro.com.br\/index.php\/wp-json\/wp\/v2\/media?parent=42938"}],"wp:term":[{"taxonomy":"category","embeddable":true,"href":"https:\/\/sindenfermeiro.com.br\/index.php\/wp-json\/wp\/v2\/categories?post=42938"},{"taxonomy":"post_tag","embeddable":true,"href":"https:\/\/sindenfermeiro.com.br\/index.php\/wp-json\/wp\/v2\/tags?post=42938"}],"curies":[{"name":"wp","href":"https:\/\/api.w.org\/{rel}","templated":true}]}}