{"id":42932,"date":"2022-02-24T15:26:30","date_gmt":"2022-02-24T18:26:30","guid":{"rendered":"https:\/\/sindenfermeiro.com.br\/?p=42932"},"modified":"2026-04-29T18:08:37","modified_gmt":"2026-04-29T21:08:37","slug":"natal-solidario-sindenfermeiro-entrega-donativos-arrecadados-em-campanha-a-creche-alecrim-na-estrutural","status":"publish","type":"post","link":"https:\/\/sindenfermeiro.com.br\/index.php\/2022\/02\/24\/natal-solidario-sindenfermeiro-entrega-donativos-arrecadados-em-campanha-a-creche-alecrim-na-estrutural\/","title":{"rendered":"Enfermagem Cidad\u00e3: SindEnfermeiro entrega donativos arrecadados em campanha \u00e0 Creche Alecrim, na Estrutural"},"content":{"rendered":"<p><img loading=\"lazy\" decoding=\"async\" class=\"aligncenter wp-image-42933 \" src=\"https:\/\/sindenfermeiro.com.br\/wp-content\/uploads\/2022\/02\/WhatsApp-Image-2022-02-24-at-14.17.58-1024x768.jpeg\" alt=\"\" width=\"700\" height=\"525\" srcset=\"https:\/\/sindenfermeiro.com.br\/wp-content\/uploads\/2022\/02\/WhatsApp-Image-2022-02-24-at-14.17.58-1024x768.jpeg 1024w, https:\/\/sindenfermeiro.com.br\/wp-content\/uploads\/2022\/02\/WhatsApp-Image-2022-02-24-at-14.17.58-300x225.jpeg 300w, https:\/\/sindenfermeiro.com.br\/wp-content\/uploads\/2022\/02\/WhatsApp-Image-2022-02-24-at-14.17.58-768x576.jpeg 768w, https:\/\/sindenfermeiro.com.br\/wp-content\/uploads\/2022\/02\/WhatsApp-Image-2022-02-24-at-14.17.58-1536x1152.jpeg 1536w, https:\/\/sindenfermeiro.com.br\/wp-content\/uploads\/2022\/02\/WhatsApp-Image-2022-02-24-at-14.17.58.jpeg 1600w\" sizes=\"auto, (max-width: 700px) 100vw, 700px\" \/><\/p>\n<p>O Sindicato dos Enfermeiros do Distrito Federal (SindEnfermeiro-DF) realizou ontem (23) a entrega das doa\u00e7\u00f5es &#8211; brinquedos e cestas b\u00e1sicas &#8211; coletadas durante a campanha \u201cNatal Solid\u00e1rio\u201d para a Creche Alecrim \u2013 iniciativa sem fins lucrativos que atende gratuitamente cerca de 80 crian\u00e7as na Cidade Estrutural.<\/p>\n<p>A arrecada\u00e7\u00e3o de donativos para doa\u00e7\u00f5es a institui\u00e7\u00f5es de caridade e assist\u00eancia sem fins lucrativos \u00e9 realizada todos os anos pelo SindEnfermeiro, com o objetivo de refor\u00e7ar a fun\u00e7\u00e3o social que \u00e9 um dos alicerces da luta sindical.<\/p>\n<p><strong>Iniciativa surgiu para evitar presen\u00e7a infantil em lix\u00e3o<\/strong><\/p>\n<p>A Creche Alecrim surgiu pela iniciativa da ex-catadora de recicl\u00e1veis Maria de Jesus, que ao se ver obrigada a abandonar o trabalho no aterro, passou a abrigar os filhos de outras colegas catadoras em sua pr\u00f3pria casa, de forma volunt\u00e1ria, para evitar que as crian\u00e7as ficassem expostas ao ambiente insalubre imposto pelo grande volume de res\u00edduos.<\/p>\n<p>Hoje, a creche possui 15 volunt\u00e1rios e atende mais de 100 crian\u00e7as entre 0 a 5 anos. Com a desativa\u00e7\u00e3o do aterro, em 2017, passou a priorizar o atendimento a fam\u00edlias em situa\u00e7\u00e3o de vulnerabilidade social, oferecendo para as crian\u00e7as de 0 a 5 anos um ambiente agrad\u00e1vel para o crescimento dos pequenos, com brincadeiras e outras atividades \u2013 al\u00e9m da alimenta\u00e7\u00e3o e cuidado oferecidos gratuitamente.<\/p>\n<p>\u201cA creche nasceu diante da necessidade da comunidade, e desde que come\u00e7amos [o trabalho] o objetivo \u00e9 de fortalecer ainda mais esse v\u00ednculo com as fam\u00edlias e mostrar a import\u00e2ncia de continuarem abra\u00e7ando o nosso projeto. Nosso trabalho \u00e9 totalmente volunt\u00e1rio, e precisamos muito desse apoio para continuar atendendo \u00e0s crian\u00e7as carentes da cidade enquanto as m\u00e3es est\u00e3o trabalhando\u201d, contou Maria de Jesus, fundadora da Creche Alecrim.<\/p>\n<p><strong>Saiba como ajudar a Creche Alecrim<\/strong><\/p>\n<p>A creche fica localizada na Quadra 01, Conjunto 04, Lote 01 &#8211; Setor de Oficinas da Cidade Estrutural e recebe v\u00e1rios tipos de donativos \u2013 desde alimentos a brinquedos e roupas, que s\u00e3o usados na manuten\u00e7\u00e3o das atividades do espa\u00e7o. De acordo com Maria de Jesus, os volunt\u00e1rios tamb\u00e9m podem se deslocar at\u00e9 o doador para fazer o recolhimento.<\/p>\n<p>Para maiores informa\u00e7\u00f5es sobre a creche e contato, acesse o site crechealecrim.wordpress.com ou ligue para o telefone (61) 3465-6055\/(61) 3465-6005.<\/p>\n","protected":false},"excerpt":{"rendered":"<p>O Sindicato dos Enfermeiros do Distrito Federal (SindEnfermeiro-DF) realizou ontem (23) a entrega das doa\u00e7\u00f5es &#8211; brinquedos e cestas b\u00e1sicas &#8211; coletadas durante a campanha \u201cNatal Solid\u00e1rio\u201d para a Creche Alecrim \u2013 iniciativa sem fins lucrativos que atende gratuitamente cerca de 80 crian\u00e7as na Cidade Estrutural. A arrecada\u00e7\u00e3o de donativos para doa\u00e7\u00f5es a institui\u00e7\u00f5es de [&hellip;]<\/p>\n","protected":false},"author":6,"featured_media":42933,"comment_status":"open","ping_status":"open","sticky":false,"template":"","format":"standard","meta":{"footnotes":""},"categories":[6,13,5],"tags":[23,810,56,233],"class_list":["post-42932","post","type-post","status-publish","format-standard","has-post-thumbnail","hentry","category-noticias","category-rede-privada","category-rede-publica","tag-doacoes","tag-natal-solidario","tag-sindicato","tag-social"],"_links":{"self":[{"href":"https:\/\/sindenfermeiro.com.br\/index.php\/wp-json\/wp\/v2\/posts\/42932","targetHints":{"allow":["GET"]}}],"collection":[{"href":"https:\/\/sindenfermeiro.com.br\/index.php\/wp-json\/wp\/v2\/posts"}],"about":[{"href":"https:\/\/sindenfermeiro.com.br\/index.php\/wp-json\/wp\/v2\/types\/post"}],"author":[{"embeddable":true,"href":"https:\/\/sindenfermeiro.com.br\/index.php\/wp-json\/wp\/v2\/users\/6"}],"replies":[{"embeddable":true,"href":"https:\/\/sindenfermeiro.com.br\/index.php\/wp-json\/wp\/v2\/comments?post=42932"}],"version-history":[{"count":2,"href":"https:\/\/sindenfermeiro.com.br\/index.php\/wp-json\/wp\/v2\/posts\/42932\/revisions"}],"predecessor-version":[{"id":42935,"href":"https:\/\/sindenfermeiro.com.br\/index.php\/wp-json\/wp\/v2\/posts\/42932\/revisions\/42935"}],"wp:featuredmedia":[{"embeddable":true,"href":"https:\/\/sindenfermeiro.com.br\/index.php\/wp-json\/wp\/v2\/media\/42933"}],"wp:attachment":[{"href":"https:\/\/sindenfermeiro.com.br\/index.php\/wp-json\/wp\/v2\/media?parent=42932"}],"wp:term":[{"taxonomy":"category","embeddable":true,"href":"https:\/\/sindenfermeiro.com.br\/index.php\/wp-json\/wp\/v2\/categories?post=42932"},{"taxonomy":"post_tag","embeddable":true,"href":"https:\/\/sindenfermeiro.com.br\/index.php\/wp-json\/wp\/v2\/tags?post=42932"}],"curies":[{"name":"wp","href":"https:\/\/api.w.org\/{rel}","templated":true}]}}