{"id":42928,"date":"2022-02-22T12:33:59","date_gmt":"2022-02-22T15:33:59","guid":{"rendered":"https:\/\/sindenfermeiro.com.br\/?p=42928"},"modified":"2026-04-29T18:06:44","modified_gmt":"2026-04-29T21:06:44","slug":"em-encontro-com-a-presidente-do-sindenfermeiro-ibaneis-da-sinal-verde-para-continuar-discussoes-sobre-reestruturacao","status":"publish","type":"post","link":"https:\/\/sindenfermeiro.com.br\/index.php\/2022\/02\/22\/em-encontro-com-a-presidente-do-sindenfermeiro-ibaneis-da-sinal-verde-para-continuar-discussoes-sobre-reestruturacao\/","title":{"rendered":"Em encontro com a presidente do SindEnfermeiro, Ibaneis d\u00e1 sinal verde para continuar discuss\u00f5es sobre reestrutura\u00e7\u00e3o"},"content":{"rendered":"<div id=\"attachment_42929\" style=\"width: 639px\" class=\"wp-caption aligncenter\"><img loading=\"lazy\" decoding=\"async\" aria-describedby=\"caption-attachment-42929\" class=\"wp-image-42929\" src=\"https:\/\/sindenfermeiro.com.br\/wp-content\/uploads\/2022\/02\/WhatsApp-Image-2022-02-22-at-10.44.21.jpeg\" alt=\"\" width=\"629\" height=\"419\" srcset=\"https:\/\/sindenfermeiro.com.br\/wp-content\/uploads\/2022\/02\/WhatsApp-Image-2022-02-22-at-10.44.21.jpeg 1600w, https:\/\/sindenfermeiro.com.br\/wp-content\/uploads\/2022\/02\/WhatsApp-Image-2022-02-22-at-10.44.21-300x200.jpeg 300w, https:\/\/sindenfermeiro.com.br\/wp-content\/uploads\/2022\/02\/WhatsApp-Image-2022-02-22-at-10.44.21-1024x682.jpeg 1024w, https:\/\/sindenfermeiro.com.br\/wp-content\/uploads\/2022\/02\/WhatsApp-Image-2022-02-22-at-10.44.21-768x512.jpeg 768w, https:\/\/sindenfermeiro.com.br\/wp-content\/uploads\/2022\/02\/WhatsApp-Image-2022-02-22-at-10.44.21-1536x1023.jpeg 1536w\" sizes=\"auto, (max-width: 629px) 100vw, 629px\" \/><p id=\"caption-attachment-42929\" class=\"wp-caption-text\">Foto: Marcelo Tobias\/ASCOM SindEnfermeiro<\/p><\/div>\n<p>Na manh\u00e3 de hoje (22), o Sindicato dos Enfermeiros do DF (SindEnfermeiro) foi \u00e0 Brazl\u00e2ndia acompanhar a inaugura\u00e7\u00e3o da Unidade de Pronto Atendimento (UPA) da cidade, sendo representado pela presidente Dayse Amar\u00edlio.<\/p>\n<p>O evento contou com a presen\u00e7a do governador do Distrito Federal, Ibaneis Rocha, o presidente da C\u00e2mara Legislativa do DF, deputado Rafael Prudente (MDB) e a deputada federal Celina Le\u00e3o, al\u00e9m da presidente do SindSa\u00fade-DF, Marli Rodrigues e outros secret\u00e1rios de Estado.<\/p>\n<p>Durante a inaugura\u00e7\u00e3o da unidade, a presidente do SindEnfermeiro aproveitou a oportunidade para refor\u00e7ar ao chefe do Executivo a necessidade de realiza\u00e7\u00e3o de audi\u00eancia para tratar da demanda mais urgente da categoria no momento: a reestrutura\u00e7\u00e3o \u2013 pedido que foi atendido pelo governador.<\/p>\n<p>\u201cEssa audi\u00eancia vai proporcionar a oportunidade de mostrarmos ao governador que a reestrutura\u00e7\u00e3o \u00e9, principalmente, sobre reconhecer e corrigir uma injusti\u00e7a hist\u00f3rica com a nossa categoria. Agrade\u00e7o imensamente ao governador Ibaneis pela receptividade e sensibilidade com a nossa causa\u201d, afirmou.<\/p>\n<p>Dayse tamb\u00e9m ressaltou que a reestrutura\u00e7\u00e3o \u00e9 uma pauta que valoriza o trabalhador, mas tamb\u00e9m possui grande impacto \u2013 positivo \u2013 na presta\u00e7\u00e3o da assist\u00eancia \u00e0 popula\u00e7\u00e3o do DF.<\/p>\n<p>&#8220;[N\u00f3s] temos estudos prontos que apontam para a viabilidade do projeto, n\u00e3o apenas no ponto de vista financeiro e de valoriza\u00e7\u00e3o da for\u00e7a de trabalho, mas tamb\u00e9m pela relev\u00e2ncia social \u2013 pois impacta diretamente na melhoria da cobertura assistencial e qualidade dos servi\u00e7os prestados\u201d, concluiu.<\/p>\n","protected":false},"excerpt":{"rendered":"<p>Na manh\u00e3 de hoje (22), o Sindicato dos Enfermeiros do DF (SindEnfermeiro) foi \u00e0 Brazl\u00e2ndia acompanhar a inaugura\u00e7\u00e3o da Unidade de Pronto Atendimento (UPA) da cidade, sendo representado pela presidente Dayse Amar\u00edlio. O evento contou com a presen\u00e7a do governador do Distrito Federal, Ibaneis Rocha, o presidente da C\u00e2mara Legislativa do DF, deputado Rafael Prudente [&hellip;]<\/p>\n","protected":false},"author":6,"featured_media":42929,"comment_status":"open","ping_status":"open","sticky":false,"template":"","format":"standard","meta":{"footnotes":""},"categories":[6,5],"tags":[120,805,236,21],"class_list":["post-42928","post","type-post","status-publish","format-standard","has-post-thumbnail","hentry","category-noticias","category-rede-publica","tag-gdf","tag-reestruturacao","tag-ses","tag-sindenfermeiro"],"_links":{"self":[{"href":"https:\/\/sindenfermeiro.com.br\/index.php\/wp-json\/wp\/v2\/posts\/42928","targetHints":{"allow":["GET"]}}],"collection":[{"href":"https:\/\/sindenfermeiro.com.br\/index.php\/wp-json\/wp\/v2\/posts"}],"about":[{"href":"https:\/\/sindenfermeiro.com.br\/index.php\/wp-json\/wp\/v2\/types\/post"}],"author":[{"embeddable":true,"href":"https:\/\/sindenfermeiro.com.br\/index.php\/wp-json\/wp\/v2\/users\/6"}],"replies":[{"embeddable":true,"href":"https:\/\/sindenfermeiro.com.br\/index.php\/wp-json\/wp\/v2\/comments?post=42928"}],"version-history":[{"count":2,"href":"https:\/\/sindenfermeiro.com.br\/index.php\/wp-json\/wp\/v2\/posts\/42928\/revisions"}],"predecessor-version":[{"id":42931,"href":"https:\/\/sindenfermeiro.com.br\/index.php\/wp-json\/wp\/v2\/posts\/42928\/revisions\/42931"}],"wp:featuredmedia":[{"embeddable":true,"href":"https:\/\/sindenfermeiro.com.br\/index.php\/wp-json\/wp\/v2\/media\/42929"}],"wp:attachment":[{"href":"https:\/\/sindenfermeiro.com.br\/index.php\/wp-json\/wp\/v2\/media?parent=42928"}],"wp:term":[{"taxonomy":"category","embeddable":true,"href":"https:\/\/sindenfermeiro.com.br\/index.php\/wp-json\/wp\/v2\/categories?post=42928"},{"taxonomy":"post_tag","embeddable":true,"href":"https:\/\/sindenfermeiro.com.br\/index.php\/wp-json\/wp\/v2\/tags?post=42928"}],"curies":[{"name":"wp","href":"https:\/\/api.w.org\/{rel}","templated":true}]}}