{"id":42923,"date":"2022-02-22T09:49:08","date_gmt":"2022-02-22T12:49:08","guid":{"rendered":"https:\/\/sindenfermeiro.com.br\/?p=42923"},"modified":"2026-05-01T05:44:22","modified_gmt":"2026-05-01T08:44:22","slug":"urgente-ses-retifica-portaria-no-77-e-garante-lotacao-de-generalistas-na-esf-apos-compromisso-firmado-com-o-sindenfermeiro","status":"publish","type":"post","link":"https:\/\/sindenfermeiro.com.br\/index.php\/2022\/02\/22\/urgente-ses-retifica-portaria-no-77-e-garante-lotacao-de-generalistas-na-esf-apos-compromisso-firmado-com-o-sindenfermeiro\/","title":{"rendered":"URGENTE: SES retifica Portaria n\u00ba 77 e garante lota\u00e7\u00e3o de generalistas na ESF ap\u00f3s compromisso firmado com o SindEnfermeiro"},"content":{"rendered":"<div id=\"attachment_42924\" style=\"width: 711px\" class=\"wp-caption aligncenter\"><img loading=\"lazy\" decoding=\"async\" aria-describedby=\"caption-attachment-42924\" class=\"wp-image-42924\" src=\"https:\/\/sindenfermeiro.com.br\/wp-content\/uploads\/2022\/02\/WhatsApp-Image-2022-02-22-at-08.20.22.jpeg\" alt=\"\" width=\"701\" height=\"411\" srcset=\"https:\/\/sindenfermeiro.com.br\/wp-content\/uploads\/2022\/02\/WhatsApp-Image-2022-02-22-at-08.20.22.jpeg 750w, https:\/\/sindenfermeiro.com.br\/wp-content\/uploads\/2022\/02\/WhatsApp-Image-2022-02-22-at-08.20.22-300x176.jpeg 300w\" sizes=\"auto, (max-width: 701px) 100vw, 701px\" \/><p id=\"caption-attachment-42924\" class=\"wp-caption-text\">Reprodu\u00e7\u00e3o\/Di\u00e1rio Oficial do Distrito Federal de 22\/02\/2022, p. 13<\/p><\/div>\n<p>&nbsp;<\/p>\n<p>A Secretaria de Sa\u00fade do DF (SES-DF) publicou no Di\u00e1rio Oficial do DF (DODF) de hoje (22) a retifica\u00e7\u00e3o da Portaria n\u00ba 77 \u2013 agora incluindo os enfermeiros generalistas no texto. O compromisso havia sido firmado na reuni\u00e3o de ontem (21), na ocasi\u00e3o das discuss\u00f5es sobre a Circular n\u00ba 02\/2022. Agora, os enfermeiros que j\u00e1 atuavam na Aten\u00e7\u00e3o Prim\u00e1ria e realizaram a transi\u00e7\u00e3o para a Estrat\u00e9gia de Sa\u00fade da Fam\u00edlia est\u00e3o com os seus postos de trabalho resguardados.<\/p>\n<p>A promessa da retifica\u00e7\u00e3o havia sido feita pela pasta em reuni\u00e3o realizada ontem (21) entre a presidente do SindEnfermeiro, Dayse Amar\u00edlio, o diretor Marcio da Mata e representantes da SES \u2013 o chefe de gabinete, Helder Rego, do subsecret\u00e1rio de Gest\u00e3o de Pessoas da SES, Evill\u00e1sio Ramos e da diretora de enfermagem da SES, Maria Leonor G\u00f3is.<\/p>\n<p><strong>Necessidade de atua\u00e7\u00e3o conjunta entre enfermeiros ESF e generalistas<\/strong><\/p>\n<p>Para Dayse Amar\u00edlio, \u201ccom a retifica\u00e7\u00e3o [da portaria], a Secretaria passa a dar mais seguran\u00e7a aos enfermeiros que j\u00e1 estavam lotados na Aten\u00e7\u00e3o Prim\u00e1ria, e inclusive participaram da transi\u00e7\u00e3o para a Estrat\u00e9gia de Sa\u00fade da Fam\u00edlia&#8221;, afirmou.<\/p>\n<p>A presidente do SindEnfermeiro tamb\u00e9m ressaltou a import\u00e2ncia de manter as atuais lota\u00e7\u00f5es dos enfermeiros generalistas em conjunto com os enfermeiros de sa\u00fade da fam\u00edlia que foram nomeados, tendo em vista a amplia\u00e7\u00e3o da cobertura da assist\u00eancia nos grandes vazios assistenciais que ainda existem na rede.<\/p>\n<p>\u201cA medida tamb\u00e9m mostra que existe um compromisso com as lota\u00e7\u00f5es dos enfermeiros de sa\u00fade da fam\u00edlia que fizeram concurso e foram nomeados para isso. E, atuando em conjunto com os generalistas, certamente v\u00e3o ajudar muito num processo de fortalecimento da Estrat\u00e9gia de Sa\u00fade da Fam\u00edlia que ainda est\u00e1 em curso e certamente ainda precisa avan\u00e7ar muito\u201d, concluiu.<\/p>\n","protected":false},"excerpt":{"rendered":"<p>&nbsp; A Secretaria de Sa\u00fade do DF (SES-DF) publicou no Di\u00e1rio Oficial do DF (DODF) de hoje (22) a retifica\u00e7\u00e3o da Portaria n\u00ba 77 \u2013 agora incluindo os enfermeiros generalistas no texto. O compromisso havia sido firmado na reuni\u00e3o de ontem (21), na ocasi\u00e3o das discuss\u00f5es sobre a Circular n\u00ba 02\/2022. Agora, os enfermeiros que [&hellip;]<\/p>\n","protected":false},"author":6,"featured_media":42924,"comment_status":"open","ping_status":"open","sticky":false,"template":"","format":"standard","meta":{"footnotes":""},"categories":[6,5],"tags":[809,236,21],"class_list":["post-42923","post","type-post","status-publish","format-standard","has-post-thumbnail","hentry","category-noticias","category-rede-publica","tag-portaria-77","tag-ses","tag-sindenfermeiro"],"_links":{"self":[{"href":"https:\/\/sindenfermeiro.com.br\/index.php\/wp-json\/wp\/v2\/posts\/42923","targetHints":{"allow":["GET"]}}],"collection":[{"href":"https:\/\/sindenfermeiro.com.br\/index.php\/wp-json\/wp\/v2\/posts"}],"about":[{"href":"https:\/\/sindenfermeiro.com.br\/index.php\/wp-json\/wp\/v2\/types\/post"}],"author":[{"embeddable":true,"href":"https:\/\/sindenfermeiro.com.br\/index.php\/wp-json\/wp\/v2\/users\/6"}],"replies":[{"embeddable":true,"href":"https:\/\/sindenfermeiro.com.br\/index.php\/wp-json\/wp\/v2\/comments?post=42923"}],"version-history":[{"count":1,"href":"https:\/\/sindenfermeiro.com.br\/index.php\/wp-json\/wp\/v2\/posts\/42923\/revisions"}],"predecessor-version":[{"id":42925,"href":"https:\/\/sindenfermeiro.com.br\/index.php\/wp-json\/wp\/v2\/posts\/42923\/revisions\/42925"}],"wp:featuredmedia":[{"embeddable":true,"href":"https:\/\/sindenfermeiro.com.br\/index.php\/wp-json\/wp\/v2\/media\/42924"}],"wp:attachment":[{"href":"https:\/\/sindenfermeiro.com.br\/index.php\/wp-json\/wp\/v2\/media?parent=42923"}],"wp:term":[{"taxonomy":"category","embeddable":true,"href":"https:\/\/sindenfermeiro.com.br\/index.php\/wp-json\/wp\/v2\/categories?post=42923"},{"taxonomy":"post_tag","embeddable":true,"href":"https:\/\/sindenfermeiro.com.br\/index.php\/wp-json\/wp\/v2\/tags?post=42923"}],"curies":[{"name":"wp","href":"https:\/\/api.w.org\/{rel}","templated":true}]}}