{"id":42920,"date":"2022-02-21T16:24:24","date_gmt":"2022-02-21T19:24:24","guid":{"rendered":"https:\/\/sindenfermeiro.com.br\/?p=42920"},"modified":"2026-04-29T18:59:10","modified_gmt":"2026-04-29T21:59:10","slug":"urgente-ses-e-notificada-sobre-decisao-favoravel-ao-sindenfermeiro-e-orienta-concessao-de-abono-de-ponto-a-enfermeiros-afastados-por-licenca-acompanhamento","status":"publish","type":"post","link":"https:\/\/sindenfermeiro.com.br\/index.php\/2022\/02\/21\/urgente-ses-e-notificada-sobre-decisao-favoravel-ao-sindenfermeiro-e-orienta-concessao-de-abono-de-ponto-a-enfermeiros-afastados-por-licenca-acompanhamento\/","title":{"rendered":"URGENTE: SES \u00e9 notificada sobre decis\u00e3o favor\u00e1vel ao SindEnfermeiro e orienta concess\u00e3o de abono de ponto a enfermeiros afastados por licen\u00e7a-acompanhamento"},"content":{"rendered":"<p><img loading=\"lazy\" decoding=\"async\" class=\"aligncenter wp-image-42837 \" src=\"https:\/\/sindenfermeiro.com.br\/wp-content\/uploads\/2022\/01\/collaborative-law-collaborative-practice-divorce-family-law-desk-1024x683.jpg\" alt=\"\" width=\"759\" height=\"506\" srcset=\"https:\/\/sindenfermeiro.com.br\/wp-content\/uploads\/2022\/01\/collaborative-law-collaborative-practice-divorce-family-law-desk-1024x683.jpg 1024w, https:\/\/sindenfermeiro.com.br\/wp-content\/uploads\/2022\/01\/collaborative-law-collaborative-practice-divorce-family-law-desk-300x200.jpg 300w, https:\/\/sindenfermeiro.com.br\/wp-content\/uploads\/2022\/01\/collaborative-law-collaborative-practice-divorce-family-law-desk-768x512.jpg 768w, https:\/\/sindenfermeiro.com.br\/wp-content\/uploads\/2022\/01\/collaborative-law-collaborative-practice-divorce-family-law-desk-1536x1024.jpg 1536w, https:\/\/sindenfermeiro.com.br\/wp-content\/uploads\/2022\/01\/collaborative-law-collaborative-practice-divorce-family-law-desk-2048x1365.jpg 2048w\" sizes=\"auto, (max-width: 759px) 100vw, 759px\" \/><\/p>\n<p>Em memorando emitido na manh\u00e3 de hoje (21), a Secretaria de Sa\u00fade (SES-DF) autorizou os gestores das chefias de enfermagem a concederem o abono de ponto em 2022 aos enfermeiros que precisaram fazer uso da licen\u00e7a-acompanhamento durante o ano de 2021. Com isso, a decis\u00e3o favor\u00e1vel \u00e0 a\u00e7\u00e3o coletiva protocolada pelo SindEnfermeiro no fim de janeiro passa a valer de fato.<\/p>\n<p>A decis\u00e3o ainda cabe recurso, mas at\u00e9 que haja uma manifesta\u00e7\u00e3o oficial na justi\u00e7a, todos os enfermeiros da rede p\u00fablica \u2013 sindicalizados ou n\u00e3o \u2013 podem, a partir de agora, solicitar a concess\u00e3o dos respectivos abonos pela via administrativa.<\/p>\n<p><strong>Licen\u00e7a \u00e9 direito garantido, pontuou juiz em decis\u00e3o<\/strong><\/p>\n<p>De acordo com a decis\u00e3o emitida pelo juiz Lizandro Garcia Gomes Filho em 29 de janeiro passado, a licen\u00e7a \u00e9 um direito garantido do servidor, \u201cn\u00e3o podendo em hip\u00f3tese alguma passar a impress\u00e3o de favor administrativo\u201d. O magistrado tamb\u00e9m pontuou em sua decis\u00e3o que a suspens\u00e3o dos abonos \u201cpoderia causar situa\u00e7\u00f5es discriminat\u00f3rias no cotidiano dos \u00f3rg\u00e3os p\u00fablicos, vez que o servidor que precisasse gozar da referida licen\u00e7a (que \u00e9 um direito, repita-se) passaria a ter um benef\u00edcio a menos em rela\u00e7\u00e3o \u00e0quele que n\u00e3o a usufruiu\u201d.<\/p>\n<p>O departamento jur\u00eddico do SindEnfermeiro continua acompanhando de perto todos os desdobramentos da a\u00e7\u00e3o. Para informa\u00e7\u00f5es mais detalhadas, ligue para o telefone (61) 3447-9697, ou (61) 9277-3825 (WhatsApp).<\/p>\n<p><em><strong><a href=\"https:\/\/sindenfermeiro.com.br\/wp-content\/uploads\/2022\/02\/liminar-SEI_GDF-80539612-Memorando.pdf\" target=\"_blank\" rel=\"noopener\">Leia aqui o Memorando 32\/2022 \u2013 SES\/SUGEP\/COAP\/DIAP<\/a><\/strong><\/em><\/p>\n","protected":false},"excerpt":{"rendered":"<p>Em memorando emitido na manh\u00e3 de hoje (21), a Secretaria de Sa\u00fade (SES-DF) autorizou os gestores das chefias de enfermagem a concederem o abono de ponto em 2022 aos enfermeiros que precisaram fazer uso da licen\u00e7a-acompanhamento durante o ano de 2021. Com isso, a decis\u00e3o favor\u00e1vel \u00e0 a\u00e7\u00e3o coletiva protocolada pelo SindEnfermeiro no fim de [&hellip;]<\/p>\n","protected":false},"author":6,"featured_media":42837,"comment_status":"open","ping_status":"open","sticky":false,"template":"","format":"standard","meta":{"footnotes":""},"categories":[6,5],"tags":[800,61,797],"class_list":["post-42920","post","type-post","status-publish","format-standard","has-post-thumbnail","hentry","category-noticias","category-rede-publica","tag-decisao","tag-juridico","tag-licenca-acompanhamento"],"_links":{"self":[{"href":"https:\/\/sindenfermeiro.com.br\/index.php\/wp-json\/wp\/v2\/posts\/42920","targetHints":{"allow":["GET"]}}],"collection":[{"href":"https:\/\/sindenfermeiro.com.br\/index.php\/wp-json\/wp\/v2\/posts"}],"about":[{"href":"https:\/\/sindenfermeiro.com.br\/index.php\/wp-json\/wp\/v2\/types\/post"}],"author":[{"embeddable":true,"href":"https:\/\/sindenfermeiro.com.br\/index.php\/wp-json\/wp\/v2\/users\/6"}],"replies":[{"embeddable":true,"href":"https:\/\/sindenfermeiro.com.br\/index.php\/wp-json\/wp\/v2\/comments?post=42920"}],"version-history":[{"count":1,"href":"https:\/\/sindenfermeiro.com.br\/index.php\/wp-json\/wp\/v2\/posts\/42920\/revisions"}],"predecessor-version":[{"id":42922,"href":"https:\/\/sindenfermeiro.com.br\/index.php\/wp-json\/wp\/v2\/posts\/42920\/revisions\/42922"}],"wp:featuredmedia":[{"embeddable":true,"href":"https:\/\/sindenfermeiro.com.br\/index.php\/wp-json\/wp\/v2\/media\/42837"}],"wp:attachment":[{"href":"https:\/\/sindenfermeiro.com.br\/index.php\/wp-json\/wp\/v2\/media?parent=42920"}],"wp:term":[{"taxonomy":"category","embeddable":true,"href":"https:\/\/sindenfermeiro.com.br\/index.php\/wp-json\/wp\/v2\/categories?post=42920"},{"taxonomy":"post_tag","embeddable":true,"href":"https:\/\/sindenfermeiro.com.br\/index.php\/wp-json\/wp\/v2\/tags?post=42920"}],"curies":[{"name":"wp","href":"https:\/\/api.w.org\/{rel}","templated":true}]}}