{"id":42902,"date":"2022-02-21T14:44:05","date_gmt":"2022-02-21T17:44:05","guid":{"rendered":"https:\/\/sindenfermeiro.com.br\/?p=42902"},"modified":"2026-04-29T18:58:29","modified_gmt":"2026-04-29T21:58:29","slug":"sindenfermeiro-se-reune-com-a-ses-para-discutir-novo-texto-para-a-circular-02-2022-e-reedicao-da-portaria-77","status":"publish","type":"post","link":"https:\/\/sindenfermeiro.com.br\/index.php\/2022\/02\/21\/sindenfermeiro-se-reune-com-a-ses-para-discutir-novo-texto-para-a-circular-02-2022-e-reedicao-da-portaria-77\/","title":{"rendered":"SindEnfermeiro se re\u00fane com a SES para discutir novo texto para a Circular 02\/2022 e reedi\u00e7\u00e3o da Portaria 77"},"content":{"rendered":"<style type=\"text\/css\">\n#foogallery-gallery-42916 .fg-image { width: 640px; }<\/style>\n\t\t\t<div class=\"foogallery foogallery-container foogallery-image-viewer foogallery-link-image foogallery-lightbox-none fg-center fg-image-viewer fg-ready fg-light fg-border-thin fg-shadow-outline fg-loading-default fg-loaded-fade-in fg-caption-hover fg-hover-fade fg-hover-zoom\" id=\"foogallery-gallery-42916\" data-foogallery=\"{&quot;item&quot;:{&quot;showCaptionTitle&quot;:true,&quot;showCaptionDescription&quot;:true},&quot;lazy&quot;:true,&quot;template&quot;:{&quot;loop&quot;:true}}\" style=\"--fg-title-line-clamp: 0; --fg-description-line-clamp: 0;\" >\n\t<div class=\"fiv-inner\">\n\t\t<div class=\"fiv-inner-container\">\n\t\t\t<div class=\"fg-item fg-type-image fg-idle\"><figure class=\"fg-item-inner\"><a href=\"https:\/\/sindenfermeiro.com.br\/wp-content\/uploads\/2022\/02\/WhatsApp-Image-2022-02-21-at-12.18.18-2.jpeg\" data-attachment-id=\"42913\" data-type=\"image\" class=\"fg-thumb\"><span class=\"fg-image-wrap\"><img fetchpriority=\"high\" decoding=\"async\" width=\"640\" height=\"360\" class=\"skip-lazy fg-image\" data-src-fg=\"https:\/\/sindenfermeiro.com.br\/wp-content\/uploads\/cache\/2022\/02\/WhatsApp-Image-2022-02-21-at-12_18_18-2\/319547049.jpeg\" src=\"data:image\/svg+xml,%3Csvg%20xmlns%3D%22http%3A%2F%2Fwww.w3.org%2F2000%2Fsvg%22%20width%3D%22640%22%20height%3D%22360%22%20viewBox%3D%220%200%20640%20360%22%3E%3C%2Fsvg%3E\" loading=\"eager\"><\/span><span class=\"fg-image-overlay\"><\/span><\/a><\/figure><div class=\"fg-loader\"><\/div><\/div><div class=\"fg-item fg-type-image fg-idle\"><figure class=\"fg-item-inner\"><a href=\"https:\/\/sindenfermeiro.com.br\/wp-content\/uploads\/2022\/02\/WhatsApp-Image-2022-02-21-at-12.18.18-1.jpeg\" data-attachment-id=\"42914\" data-type=\"image\" class=\"fg-thumb\"><span class=\"fg-image-wrap\"><img decoding=\"async\" width=\"640\" height=\"360\" class=\"skip-lazy fg-image\" data-src-fg=\"https:\/\/sindenfermeiro.com.br\/wp-content\/uploads\/cache\/2022\/02\/WhatsApp-Image-2022-02-21-at-12_18_18-1\/3226429649.jpeg\" src=\"data:image\/svg+xml,%3Csvg%20xmlns%3D%22http%3A%2F%2Fwww.w3.org%2F2000%2Fsvg%22%20width%3D%22640%22%20height%3D%22360%22%20viewBox%3D%220%200%20640%20360%22%3E%3C%2Fsvg%3E\" loading=\"eager\"><\/span><span class=\"fg-image-overlay\"><\/span><\/a><\/figure><div class=\"fg-loader\"><\/div><\/div><div class=\"fg-item fg-type-image fg-idle\"><figure class=\"fg-item-inner\"><a href=\"https:\/\/sindenfermeiro.com.br\/wp-content\/uploads\/2022\/02\/WhatsApp-Image-2022-02-21-at-12.18.18.jpeg\" data-attachment-id=\"42915\" data-type=\"image\" class=\"fg-thumb\"><span class=\"fg-image-wrap\"><img decoding=\"async\" width=\"640\" height=\"360\" class=\"skip-lazy fg-image\" data-src-fg=\"https:\/\/sindenfermeiro.com.br\/wp-content\/uploads\/cache\/2022\/02\/WhatsApp-Image-2022-02-21-at-12_18_18\/1915582210.jpeg\" src=\"data:image\/svg+xml,%3Csvg%20xmlns%3D%22http%3A%2F%2Fwww.w3.org%2F2000%2Fsvg%22%20width%3D%22640%22%20height%3D%22360%22%20viewBox%3D%220%200%20640%20360%22%3E%3C%2Fsvg%3E\" loading=\"eager\"><\/span><span class=\"fg-image-overlay\"><\/span><\/a><\/figure><div class=\"fg-loader\"><\/div><\/div><div class=\"fg-item fg-type-image fg-idle\"><figure class=\"fg-item-inner\"><a href=\"https:\/\/sindenfermeiro.com.br\/wp-content\/uploads\/2022\/02\/WhatsApp-Image-2022-02-21-at-12.18.18-3.jpeg\" data-attachment-id=\"42912\" data-type=\"image\" class=\"fg-thumb\"><span class=\"fg-image-wrap\"><img decoding=\"async\" width=\"640\" height=\"360\" class=\"skip-lazy fg-image\" data-src-fg=\"https:\/\/sindenfermeiro.com.br\/wp-content\/uploads\/cache\/2022\/02\/WhatsApp-Image-2022-02-21-at-12_18_18-3\/1660473038.jpeg\" src=\"data:image\/svg+xml,%3Csvg%20xmlns%3D%22http%3A%2F%2Fwww.w3.org%2F2000%2Fsvg%22%20width%3D%22640%22%20height%3D%22360%22%20viewBox%3D%220%200%20640%20360%22%3E%3C%2Fsvg%3E\" loading=\"eager\"><\/span><span class=\"fg-image-overlay\"><\/span><\/a><\/figure><div class=\"fg-loader\"><\/div><\/div><div class=\"fg-item fg-type-image fg-idle\"><figure class=\"fg-item-inner\"><a href=\"https:\/\/sindenfermeiro.com.br\/wp-content\/uploads\/2022\/02\/WhatsApp-Image-2022-02-21-at-12.18.18-4.jpeg\" data-attachment-id=\"42911\" data-type=\"image\" class=\"fg-thumb\"><span class=\"fg-image-wrap\"><img decoding=\"async\" width=\"640\" height=\"360\" class=\"skip-lazy fg-image\" data-src-fg=\"https:\/\/sindenfermeiro.com.br\/wp-content\/uploads\/cache\/2022\/02\/WhatsApp-Image-2022-02-21-at-12_18_18-4\/2902583147.jpeg\" src=\"data:image\/svg+xml,%3Csvg%20xmlns%3D%22http%3A%2F%2Fwww.w3.org%2F2000%2Fsvg%22%20width%3D%22640%22%20height%3D%22360%22%20viewBox%3D%220%200%20640%20360%22%3E%3C%2Fsvg%3E\" loading=\"eager\"><\/span><span class=\"fg-image-overlay\"><\/span><\/a><\/figure><div class=\"fg-loader\"><\/div><\/div><div class=\"fg-item fg-type-image fg-idle\"><figure class=\"fg-item-inner\"><a href=\"https:\/\/sindenfermeiro.com.br\/wp-content\/uploads\/2022\/02\/WhatsApp-Image-2022-02-21-at-12.18.18-5.jpeg\" data-attachment-id=\"42910\" data-type=\"image\" class=\"fg-thumb\"><span class=\"fg-image-wrap\"><img decoding=\"async\" width=\"640\" height=\"360\" class=\"skip-lazy fg-image\" data-src-fg=\"https:\/\/sindenfermeiro.com.br\/wp-content\/uploads\/cache\/2022\/02\/WhatsApp-Image-2022-02-21-at-12_18_18-5\/3706900236.jpeg\" src=\"data:image\/svg+xml,%3Csvg%20xmlns%3D%22http%3A%2F%2Fwww.w3.org%2F2000%2Fsvg%22%20width%3D%22640%22%20height%3D%22360%22%20viewBox%3D%220%200%20640%20360%22%3E%3C%2Fsvg%3E\" loading=\"eager\"><\/span><span class=\"fg-image-overlay\"><\/span><\/a><\/figure><div class=\"fg-loader\"><\/div><\/div><div class=\"fg-item fg-type-image fg-idle\"><figure class=\"fg-item-inner\"><a href=\"https:\/\/sindenfermeiro.com.br\/wp-content\/uploads\/2022\/02\/WhatsApp-Image-2022-02-21-at-12.18.18-6.jpeg\" data-attachment-id=\"42909\" data-type=\"image\" class=\"fg-thumb\"><span class=\"fg-image-wrap\"><img decoding=\"async\" width=\"640\" height=\"360\" class=\"skip-lazy fg-image\" data-src-fg=\"https:\/\/sindenfermeiro.com.br\/wp-content\/uploads\/cache\/2022\/02\/WhatsApp-Image-2022-02-21-at-12_18_18-6\/1026641570.jpeg\" src=\"data:image\/svg+xml,%3Csvg%20xmlns%3D%22http%3A%2F%2Fwww.w3.org%2F2000%2Fsvg%22%20width%3D%22640%22%20height%3D%22360%22%20viewBox%3D%220%200%20640%20360%22%3E%3C%2Fsvg%3E\" loading=\"eager\"><\/span><span class=\"fg-image-overlay\"><\/span><\/a><\/figure><div class=\"fg-loader\"><\/div><\/div><div class=\"fg-item fg-type-image fg-idle\"><figure class=\"fg-item-inner\"><a href=\"https:\/\/sindenfermeiro.com.br\/wp-content\/uploads\/2022\/02\/WhatsApp-Image-2022-02-21-at-12.18.18-7.jpeg\" data-attachment-id=\"42908\" data-type=\"image\" class=\"fg-thumb\"><span class=\"fg-image-wrap\"><img decoding=\"async\" width=\"640\" height=\"360\" class=\"skip-lazy fg-image\" data-src-fg=\"https:\/\/sindenfermeiro.com.br\/wp-content\/uploads\/cache\/2022\/02\/WhatsApp-Image-2022-02-21-at-12_18_18-7\/1287808709.jpeg\" src=\"data:image\/svg+xml,%3Csvg%20xmlns%3D%22http%3A%2F%2Fwww.w3.org%2F2000%2Fsvg%22%20width%3D%22640%22%20height%3D%22360%22%20viewBox%3D%220%200%20640%20360%22%3E%3C%2Fsvg%3E\" loading=\"eager\"><\/span><span class=\"fg-image-overlay\"><\/span><\/a><\/figure><div class=\"fg-loader\"><\/div><\/div><div class=\"fg-item fg-type-image fg-idle\"><figure class=\"fg-item-inner\"><a href=\"https:\/\/sindenfermeiro.com.br\/wp-content\/uploads\/2022\/02\/WhatsApp-Image-2022-02-21-at-12.18.18-11.jpeg\" data-attachment-id=\"42904\" data-type=\"image\" class=\"fg-thumb\"><span class=\"fg-image-wrap\"><img decoding=\"async\" width=\"640\" height=\"360\" class=\"skip-lazy fg-image\" data-src-fg=\"https:\/\/sindenfermeiro.com.br\/wp-content\/uploads\/cache\/2022\/02\/WhatsApp-Image-2022-02-21-at-12_18_18-11\/4131126088.jpeg\" src=\"data:image\/svg+xml,%3Csvg%20xmlns%3D%22http%3A%2F%2Fwww.w3.org%2F2000%2Fsvg%22%20width%3D%22640%22%20height%3D%22360%22%20viewBox%3D%220%200%20640%20360%22%3E%3C%2Fsvg%3E\" loading=\"eager\"><\/span><span class=\"fg-image-overlay\"><\/span><\/a><\/figure><div class=\"fg-loader\"><\/div><\/div><div class=\"fg-item fg-type-image fg-idle\"><figure class=\"fg-item-inner\"><a href=\"https:\/\/sindenfermeiro.com.br\/wp-content\/uploads\/2022\/02\/WhatsApp-Image-2022-02-21-at-12.18.18-10.jpeg\" data-attachment-id=\"42905\" data-type=\"image\" class=\"fg-thumb\"><span class=\"fg-image-wrap\"><img decoding=\"async\" width=\"640\" height=\"360\" class=\"skip-lazy fg-image\" data-src-fg=\"https:\/\/sindenfermeiro.com.br\/wp-content\/uploads\/cache\/2022\/02\/WhatsApp-Image-2022-02-21-at-12_18_18-10\/3710223334.jpeg\" src=\"data:image\/svg+xml,%3Csvg%20xmlns%3D%22http%3A%2F%2Fwww.w3.org%2F2000%2Fsvg%22%20width%3D%22640%22%20height%3D%22360%22%20viewBox%3D%220%200%20640%20360%22%3E%3C%2Fsvg%3E\" loading=\"eager\"><\/span><span class=\"fg-image-overlay\"><\/span><\/a><\/figure><div class=\"fg-loader\"><\/div><\/div><div class=\"fg-item fg-type-image fg-idle\"><figure class=\"fg-item-inner\"><a href=\"https:\/\/sindenfermeiro.com.br\/wp-content\/uploads\/2022\/02\/WhatsApp-Image-2022-02-21-at-12.18.18-9.jpeg\" data-attachment-id=\"42906\" data-type=\"image\" class=\"fg-thumb\"><span class=\"fg-image-wrap\"><img decoding=\"async\" width=\"640\" height=\"360\" class=\"skip-lazy fg-image\" data-src-fg=\"https:\/\/sindenfermeiro.com.br\/wp-content\/uploads\/cache\/2022\/02\/WhatsApp-Image-2022-02-21-at-12_18_18-9\/2330123884.jpeg\" src=\"data:image\/svg+xml,%3Csvg%20xmlns%3D%22http%3A%2F%2Fwww.w3.org%2F2000%2Fsvg%22%20width%3D%22640%22%20height%3D%22360%22%20viewBox%3D%220%200%20640%20360%22%3E%3C%2Fsvg%3E\" loading=\"eager\"><\/span><span class=\"fg-image-overlay\"><\/span><\/a><\/figure><div class=\"fg-loader\"><\/div><\/div><div class=\"fg-item fg-type-image fg-idle\"><figure class=\"fg-item-inner\"><a href=\"https:\/\/sindenfermeiro.com.br\/wp-content\/uploads\/2022\/02\/WhatsApp-Image-2022-02-21-at-12.18.18-8.jpeg\" data-attachment-id=\"42907\" data-type=\"image\" class=\"fg-thumb\"><span class=\"fg-image-wrap\"><img decoding=\"async\" width=\"640\" height=\"360\" class=\"skip-lazy fg-image\" data-src-fg=\"https:\/\/sindenfermeiro.com.br\/wp-content\/uploads\/cache\/2022\/02\/WhatsApp-Image-2022-02-21-at-12_18_18-8\/4212258315.jpeg\" src=\"data:image\/svg+xml,%3Csvg%20xmlns%3D%22http%3A%2F%2Fwww.w3.org%2F2000%2Fsvg%22%20width%3D%22640%22%20height%3D%22360%22%20viewBox%3D%220%200%20640%20360%22%3E%3C%2Fsvg%3E\" loading=\"eager\"><\/span><span class=\"fg-image-overlay\"><\/span><\/a><\/figure><div class=\"fg-loader\"><\/div><\/div>\t\t<\/div>\n\t\t<div class=\"fiv-ctrls\">\n\t\t\t<button type=\"button\" class=\"fiv-prev\" title=\"Prev\"><span>Prev<\/span><\/button>\n\t\t\t<label class=\"fiv-count\"><span class=\"fiv-count-current\">1<\/span>of<span class=\"fiv-count-total\">12<\/span><\/label>\n\t\t\t<button type=\"button\" class=\"fiv-next\" title=\"Next\"><span>Next<\/span><\/button>\n\t\t<\/div>\n\t<\/div>\n<\/div>\n<p>&nbsp;<\/p>\n<p style=\"text-align: justify\">A Secretaria de Sa\u00fade do DF (SES-DF) e o Sindicato dos Enfermeiros do Distrito Federal (SindEnfermeiro-DF) se reuniram na manh\u00e3 desta segunda-feira, 21, para discutir a Circular n\u00ba 02\/2022. A Pasta recebeu prontamente a presidente do SindEnfermeiro-DF, Dayse Amar\u00edlio, e o diretor M\u00e1rcio da Mata, ap\u00f3s a s\u00e9rie de mobiliza\u00e7\u00f5es feitas pela diretoria do sindicato no decorrer do final de semana.<\/p>\n<p style=\"text-align: justify\">A reuni\u00e3o contou com a presen\u00e7a do chefe de gabinete, Helder Rego, do subsecret\u00e1rio de Gest\u00e3o de Pessoas da SES, Evill\u00e1sio Ramos e da diretora de enfermagem da SES, Maria Leonor G\u00f3is.<\/p>\n<p style=\"text-align: justify\">Na reuni\u00e3o, SES e SindEnfermeiro pactuaram a necessidade do documento trazer a seguran\u00e7a da perman\u00eancia tanto dos enfermeiros generalistas quanto a necessidade de uma lota\u00e7\u00e3o adequada dos enfermeiros de Estrat\u00e9gia em Sa\u00fade da Fam\u00edlia. Uma vez que existe um grande vazio assistencial, necessidade de salas de acolhimento, garantia de \u00edndice de seguran\u00e7a t\u00e9cnica, treinamento e salas de vacina.<br \/>\nApenas o trabalho conjunto de todos os enfermeiros \u00e9 que vai fortalecer a Aten\u00e7\u00e3o Prim\u00e1ria em Sa\u00fade, que ainda necessita de muito recursos humanos. De acordo com a Pasta, a reedi\u00e7\u00e3o da circular acontecer\u00e1 ainda hoje (21).<\/p>\n<p style=\"text-align: justify\">Reedi\u00e7\u00e3o da Portaria 77<\/p>\n<p style=\"text-align: justify\">Outra pauta da reuni\u00e3o desta manh\u00e3 foi a reedi\u00e7\u00e3o da Portaria 77. De acordo com a Pasta, por um erro de digita\u00e7\u00e3o foi suprimido o termo &#8220;enfermeiro&#8221; no texto do documento. A SES firmou o compromisso de lan\u00e7ar uma reedi\u00e7\u00e3o da portaria em edi\u00e7\u00e3o extraordin\u00e1ria do Di\u00e1rio Oficial do DF (DODF) hoje, ou na edi\u00e7\u00e3o amanh\u00e3 (22) do DODF.<\/p>\n<p style=\"text-align: justify\">Dayse Amar\u00edlio, presidente do SindEnfermeiro, pede que todos enfermeiros da APS sejam eles generalistas ou ESF se unam. &#8220;\u00c9 importante que todos n\u00f3s estejamos juntos, porque somos um s\u00f3. Nosso desejo \u00e9 que estejamos onde somos capacitados para estar e fazendo a transforma\u00e7\u00e3o que s\u00f3 a APS pode fazer.&#8221;, destacou Dayse.<\/p>\n<p style=\"text-align: justify\">&#8220;N\u00f3s temos um projeto de resgate da Comiss\u00e3o de Aten\u00e7\u00e3o Prim\u00e1ria do SindEnfermeiro, que ficou paralisada por conta da pandemia. \u00c9 necess\u00e1ria haja unidade, para que pensando e lutando juntos por uma pauta maior: nossa reestrutura\u00e7\u00e3o.&#8221;, finalizou Dayse.<\/p>\n","protected":false},"excerpt":{"rendered":"<p>&nbsp; A Secretaria de Sa\u00fade do DF (SES-DF) e o Sindicato dos Enfermeiros do Distrito Federal (SindEnfermeiro-DF) se reuniram na manh\u00e3 desta segunda-feira, 21, para discutir a Circular n\u00ba 02\/2022. A Pasta recebeu prontamente a presidente do SindEnfermeiro-DF, Dayse Amar\u00edlio, e o diretor M\u00e1rcio da Mata, ap\u00f3s a s\u00e9rie de mobiliza\u00e7\u00f5es feitas pela diretoria do [&hellip;]<\/p>\n","protected":false},"author":6,"featured_media":42913,"comment_status":"open","ping_status":"open","sticky":false,"template":"","format":"standard","meta":{"footnotes":""},"categories":[6,5,1],"tags":[7,379,808,10,21,22],"class_list":["post-42902","post","type-post","status-publish","format-standard","has-post-thumbnail","hentry","category-noticias","category-rede-publica","category-sem-categoria","tag-enfermagem","tag-esf","tag-generalistas","tag-secretaria-de-saude","tag-sindenfermeiro","tag-sindicato-dos-enfermeiros"],"_links":{"self":[{"href":"https:\/\/sindenfermeiro.com.br\/index.php\/wp-json\/wp\/v2\/posts\/42902","targetHints":{"allow":["GET"]}}],"collection":[{"href":"https:\/\/sindenfermeiro.com.br\/index.php\/wp-json\/wp\/v2\/posts"}],"about":[{"href":"https:\/\/sindenfermeiro.com.br\/index.php\/wp-json\/wp\/v2\/types\/post"}],"author":[{"embeddable":true,"href":"https:\/\/sindenfermeiro.com.br\/index.php\/wp-json\/wp\/v2\/users\/6"}],"replies":[{"embeddable":true,"href":"https:\/\/sindenfermeiro.com.br\/index.php\/wp-json\/wp\/v2\/comments?post=42902"}],"version-history":[{"count":3,"href":"https:\/\/sindenfermeiro.com.br\/index.php\/wp-json\/wp\/v2\/posts\/42902\/revisions"}],"predecessor-version":[{"id":42919,"href":"https:\/\/sindenfermeiro.com.br\/index.php\/wp-json\/wp\/v2\/posts\/42902\/revisions\/42919"}],"wp:featuredmedia":[{"embeddable":true,"href":"https:\/\/sindenfermeiro.com.br\/index.php\/wp-json\/wp\/v2\/media\/42913"}],"wp:attachment":[{"href":"https:\/\/sindenfermeiro.com.br\/index.php\/wp-json\/wp\/v2\/media?parent=42902"}],"wp:term":[{"taxonomy":"category","embeddable":true,"href":"https:\/\/sindenfermeiro.com.br\/index.php\/wp-json\/wp\/v2\/categories?post=42902"},{"taxonomy":"post_tag","embeddable":true,"href":"https:\/\/sindenfermeiro.com.br\/index.php\/wp-json\/wp\/v2\/tags?post=42902"}],"curies":[{"name":"wp","href":"https:\/\/api.w.org\/{rel}","templated":true}]}}