{"id":42900,"date":"2022-02-19T11:21:11","date_gmt":"2022-02-19T14:21:11","guid":{"rendered":"https:\/\/sindenfermeiro.com.br\/?p=42900"},"modified":"2026-04-29T18:58:04","modified_gmt":"2026-04-29T21:58:04","slug":"posicionamento-circular-no-02-2022-e-mobilizacao-da-comissao-da-aps-dia-22-02-as-15h-na-sede-da-ses-df","status":"publish","type":"post","link":"https:\/\/sindenfermeiro.com.br\/index.php\/2022\/02\/19\/posicionamento-circular-no-02-2022-e-mobilizacao-da-comissao-da-aps-dia-22-02-as-15h-na-sede-da-ses-df\/","title":{"rendered":"Posicionamento  Circular n\u00ba 02\/2022 e mobiliza\u00e7\u00e3o  da comiss\u00e3o da APS dia  22\/02, \u00e0s 15h na sede da SES-DF"},"content":{"rendered":"<p>O Sindicato dos Enfermeiros do Distrito Federal vem por meio desta manifestar seu posicionamento contr\u00e1rio em rela\u00e7\u00e3o a circular n\u00b0 2\/2022 da Secretaria de Sa\u00fade (SES) publicada em 18 de fevereiro de 2022. A circular publicada na \u00faltima sexta-feira, onde o texto sinaliza que a perman\u00eancia s\u00f3 ocorrer\u00e1 durante a pandemia, trouxe ainda mais instabilidade, medo e agora muita indigna\u00e7\u00e3o, em que colegas expressam a sensa\u00e7\u00e3o de abandono.<\/p>\n<p>Estamos h\u00e1 muitos anos lutando para garantir o direito ison\u00f4mico aos enfermeiros lotados na Aten\u00e7\u00e3o Prim\u00e1ria em Sa\u00fade (APS), que em 2017 fizeram a transi\u00e7\u00e3o para Estrat\u00e9gia Sa\u00fade da Fam\u00edlia atrav\u00e9s do Converte. Esses servidores, que foram t\u00e3o importantes no processo de mudan\u00e7a do modelo de aten\u00e7\u00e3o \u00e0 sa\u00fade, at\u00e9 hoje n\u00e3o tiveram a op\u00e7\u00e3o de mudan\u00e7a de especialidade, por n\u00e3o ter ocorrido altera\u00e7\u00e3o na lei que regulamentasse tal mudan\u00e7a, como ocorreu com os m\u00e9dicos \u00e0 \u00e9poca.<\/p>\n<p>Com a finalidade de formalizar o compromisso de v\u00e1rios secret\u00e1rios de sa\u00fade que passaram pela pasta, solicitamos que a SES garantisse, por meio de instrumento legal interno, a perman\u00eancia dos enfermeiros atualmente lotados na APS, para que possam trabalhar sem medo e amea\u00e7as, o que foi atendido parcialmente pelo texto.<\/p>\n<p>Diante do exposto, e buscando meios legais de garantia dos direitos dos servidores, protocolamos hoje, 19\/02, eletronicamente a solicita\u00e7\u00e3o de readequa\u00e7\u00e3o da circular. O SindEnfermeiro entrou em contato com diversos representantes da Pasta para que at\u00e9 segunda-feira (21\/02) seja publicado um documento que formalize essa mudan\u00e7a no texto que expresse o compromisso da SES com enfermeiros.<\/p>\n<p>Atendendo as solicita\u00e7\u00f5es da categoria, o sindicato e uma comiss\u00e3o formada pelos enfermeiros impactados por essa situa\u00e7\u00e3o ir\u00e3o se reunir na pr\u00f3xima ter\u00e7a-feira, 22, \u00e0s 15 horas, na sede da Secretaria de Sa\u00fade, para solicitar uma audi\u00eancia com o Secret\u00e1rio de Sa\u00fade. O SindEnfermeiro-DF acredita que essa audi\u00eancia n\u00e3o seja necess\u00e1ria, visto que houveram indicativos de resolu\u00e7\u00e3o da quest\u00e3o na pr\u00f3xima segunda-feira.<\/p>\n","protected":false},"excerpt":{"rendered":"<p>O Sindicato dos Enfermeiros do Distrito Federal vem por meio desta manifestar seu posicionamento contr\u00e1rio em rela\u00e7\u00e3o a circular n\u00b0 2\/2022 da Secretaria de Sa\u00fade (SES) publicada em 18 de fevereiro de 2022. A circular publicada na \u00faltima sexta-feira, onde o texto sinaliza que a perman\u00eancia s\u00f3 ocorrer\u00e1 durante a pandemia, trouxe ainda mais instabilidade, [&hellip;]<\/p>\n","protected":false},"author":6,"featured_media":42612,"comment_status":"open","ping_status":"open","sticky":false,"template":"","format":"standard","meta":{"footnotes":""},"categories":[6,5],"tags":[7,81,21],"class_list":["post-42900","post","type-post","status-publish","format-standard","has-post-thumbnail","hentry","category-noticias","category-rede-publica","tag-enfermagem","tag-ses-df","tag-sindenfermeiro"],"_links":{"self":[{"href":"https:\/\/sindenfermeiro.com.br\/index.php\/wp-json\/wp\/v2\/posts\/42900","targetHints":{"allow":["GET"]}}],"collection":[{"href":"https:\/\/sindenfermeiro.com.br\/index.php\/wp-json\/wp\/v2\/posts"}],"about":[{"href":"https:\/\/sindenfermeiro.com.br\/index.php\/wp-json\/wp\/v2\/types\/post"}],"author":[{"embeddable":true,"href":"https:\/\/sindenfermeiro.com.br\/index.php\/wp-json\/wp\/v2\/users\/6"}],"replies":[{"embeddable":true,"href":"https:\/\/sindenfermeiro.com.br\/index.php\/wp-json\/wp\/v2\/comments?post=42900"}],"version-history":[{"count":1,"href":"https:\/\/sindenfermeiro.com.br\/index.php\/wp-json\/wp\/v2\/posts\/42900\/revisions"}],"predecessor-version":[{"id":42901,"href":"https:\/\/sindenfermeiro.com.br\/index.php\/wp-json\/wp\/v2\/posts\/42900\/revisions\/42901"}],"wp:featuredmedia":[{"embeddable":true,"href":"https:\/\/sindenfermeiro.com.br\/index.php\/wp-json\/wp\/v2\/media\/42612"}],"wp:attachment":[{"href":"https:\/\/sindenfermeiro.com.br\/index.php\/wp-json\/wp\/v2\/media?parent=42900"}],"wp:term":[{"taxonomy":"category","embeddable":true,"href":"https:\/\/sindenfermeiro.com.br\/index.php\/wp-json\/wp\/v2\/categories?post=42900"},{"taxonomy":"post_tag","embeddable":true,"href":"https:\/\/sindenfermeiro.com.br\/index.php\/wp-json\/wp\/v2\/tags?post=42900"}],"curies":[{"name":"wp","href":"https:\/\/api.w.org\/{rel}","templated":true}]}}