{"id":42896,"date":"2022-02-17T16:20:42","date_gmt":"2022-02-17T19:20:42","guid":{"rendered":"https:\/\/sindenfermeiro.com.br\/?p=42896"},"modified":"2026-04-29T18:59:10","modified_gmt":"2026-04-29T21:59:10","slug":"em-reuniao-na-ses-sindenfermeiro-discute-gt-de-prevencao-e-combate-a-violencia-contra-enfermeiras-na-rede-e-manutencao-de-generalistas-na-aps","status":"publish","type":"post","link":"https:\/\/sindenfermeiro.com.br\/index.php\/2022\/02\/17\/em-reuniao-na-ses-sindenfermeiro-discute-gt-de-prevencao-e-combate-a-violencia-contra-enfermeiras-na-rede-e-manutencao-de-generalistas-na-aps\/","title":{"rendered":"Em reuni\u00e3o na SES, SindEnfermeiro discute GT de preven\u00e7\u00e3o e combate \u00e0 viol\u00eancia contra enfermeiras na rede e manuten\u00e7\u00e3o de generalistas na APS"},"content":{"rendered":"<p><img loading=\"lazy\" decoding=\"async\" class=\"aligncenter wp-image-42898 \" src=\"https:\/\/sindenfermeiro.com.br\/wp-content\/uploads\/2022\/02\/WhatsApp-Image-2022-02-17-at-13.54.25-1024x768.jpeg\" alt=\"\" width=\"688\" height=\"516\" srcset=\"https:\/\/sindenfermeiro.com.br\/wp-content\/uploads\/2022\/02\/WhatsApp-Image-2022-02-17-at-13.54.25-1024x768.jpeg 1024w, https:\/\/sindenfermeiro.com.br\/wp-content\/uploads\/2022\/02\/WhatsApp-Image-2022-02-17-at-13.54.25-300x225.jpeg 300w, https:\/\/sindenfermeiro.com.br\/wp-content\/uploads\/2022\/02\/WhatsApp-Image-2022-02-17-at-13.54.25-768x576.jpeg 768w, https:\/\/sindenfermeiro.com.br\/wp-content\/uploads\/2022\/02\/WhatsApp-Image-2022-02-17-at-13.54.25-1536x1152.jpeg 1536w, https:\/\/sindenfermeiro.com.br\/wp-content\/uploads\/2022\/02\/WhatsApp-Image-2022-02-17-at-13.54.25.jpeg 1600w\" sizes=\"auto, (max-width: 688px) 100vw, 688px\" \/><\/p>\n<p>&nbsp;<\/p>\n<p>Na tarde de ontem (16), a presidente do SindEnfermeiro, Dayse Amar\u00edlio, e o secret\u00e1rio-geral da entidade, Jorge Henrique, se reuniram com o secret\u00e1rio de Sa\u00fade do DF, Gal. Manoel Pafiadache, para tratar de quest\u00f5es como a cria\u00e7\u00e3o de um grupo de trabalho com o objetivo avaliar e propor estrat\u00e9gias de combate e preven\u00e7\u00e3o \u00e0 viol\u00eancia contra profissionais de sa\u00fade nas unidades da rede p\u00fablica \u2013 al\u00e9m da manuten\u00e7\u00e3o dos enfermeiros generalistas que atuam na Aten\u00e7\u00e3o Prim\u00e1ria em suas lota\u00e7\u00f5es atuais.<\/p>\n<p>O encontro \u00e9 parte de uma s\u00e9rie de movimenta\u00e7\u00f5es do SindEnfermeiro para a forma\u00e7\u00e3o de um grupo com entidades de representa\u00e7\u00e3o da enfermagem, movimentos de estudantes \u2013 e agora, conta com as sinaliza\u00e7\u00f5es positivas da Secretaria de Sa\u00fade e da Secretaria da Mulher &#8211; na pessoa da secret\u00e1ria \u00c9ricka Filipelli, visando combater os recorrentes casos de agress\u00f5es sofridas por enfermeiras da rede p\u00fablica nos \u00faltimos meses.<\/p>\n<p><strong>Reuni\u00f5es para forma\u00e7\u00e3o de GT foram positivas<\/strong><\/p>\n<p>Para a presidente do SindEnfermeiro, Dayse Amar\u00edlio, a proposta do grupo de trabalho vem se tornando ainda mais concreta a cada reuni\u00e3o realizada e caminha para a cria\u00e7\u00e3o de um grande grupo intersetorial. Ela tamb\u00e9m ressaltou a import\u00e2ncia de contar com a participa\u00e7\u00e3o ativa da Secretaria de Sa\u00fade e lembrou que o secret\u00e1rio se disp\u00f4s a \u201ccuidar de quem est\u00e1 cuidando da popula\u00e7\u00e3o\u201d, nas palavras do pr\u00f3prio.<\/p>\n<p>\u201cO grupo est\u00e1 se solidificando, e as propostas que vem sendo apresentadas at\u00e9 aqui nos d\u00e3o a esperan\u00e7a de que vamos conseguir formar uma frente capaz de agir de forma propositiva e efetiva na preven\u00e7\u00e3o e combate \u00e0 viol\u00eancia contra as trabalhadoras da enfermagem. A sinaliza\u00e7\u00e3o positiva do secret\u00e1rio de sa\u00fade e a sensibilidade com que ele recebeu a demanda s\u00e3o muito importantes para fortalecer nossa luta\u201d, apontou.<\/p>\n<p><strong>Manuten\u00e7\u00e3o de enfermeiros generalistas na APS<\/strong><\/p>\n<p>A reuni\u00e3o na SES tamb\u00e9m tratou sobre a possibilidade de cria\u00e7\u00e3o de um dispositivo legal que garanta a manuten\u00e7\u00e3o dos enfermeiros generalistas que atuam na Aten\u00e7\u00e3o Prim\u00e1ria.<\/p>\n<p>Durante a conversa sobre o tema, Dayse lembrou a necessidade de amplia\u00e7\u00e3o das equipes de sa\u00fade da fam\u00edlia n\u00e3o s\u00f3 com a manuten\u00e7\u00e3o dos atuais generalistas, mas tamb\u00e9m com a nomea\u00e7\u00e3o de mais enfermeiros \u2013 destacando que com isso ser\u00e1 poss\u00edvel ampliar a cobertura do atendimento, sobretudo nas regi\u00f5es rurais e \u00e1reas de menor densidade populacional e de servi\u00e7os de sa\u00fade.<\/p>\n<p>\u201cPrecisamos formar novas equipes para ocupar os vazios assistenciais que ainda existem na Aten\u00e7\u00e3o Prim\u00e1ria, e a manuten\u00e7\u00e3o desses enfermeiros \u2013 al\u00e9m da nomea\u00e7\u00e3o de novos profissionais \u2013 \u00e9 fundamental nesse processo de fortalecimento da assist\u00eancia. Isso tamb\u00e9m significa ampliar a cobertura de salas de vacina\u00e7\u00e3o e acolhimento e garantir o cumprimento das horas m\u00ednimas necess\u00e1rias \u00e0 responsabilidade t\u00e9cnica dos enfermeiros nas UBSs\u201d, apontou.<\/p>\n<p>Ainda segundo Dayse, uma circular sobre a quest\u00e3o dos generalistas j\u00e1 foi preparada pela secretaria e deve ser publicada nos pr\u00f3ximos dias, assim como a errata em rela\u00e7\u00e3o \u00e0 reedi\u00e7\u00e3o da Portaria n\u00ba 77, que n\u00e3o faz men\u00e7\u00e3o direta aos enfermeiros generalistas.<\/p>\n<p>\u201cO sindicato nunca deixou de lutar para resolver essa quest\u00e3o que deixou muitos enfermeiros da APS aflitos, e inclusive vamos tentar incluir essa garantia no projeto de reestrutura\u00e7\u00e3o da carreira de enfermeiro, que certamente ser\u00e1 uma das grandes batalhas da enfermagem do DF em 2022\u201d, finalizou.<\/p>\n","protected":false},"excerpt":{"rendered":"<p>&nbsp; Na tarde de ontem (16), a presidente do SindEnfermeiro, Dayse Amar\u00edlio, e o secret\u00e1rio-geral da entidade, Jorge Henrique, se reuniram com o secret\u00e1rio de Sa\u00fade do DF, Gal. Manoel Pafiadache, para tratar de quest\u00f5es como a cria\u00e7\u00e3o de um grupo de trabalho com o objetivo avaliar e propor estrat\u00e9gias de combate e preven\u00e7\u00e3o \u00e0 [&hellip;]<\/p>\n","protected":false},"author":6,"featured_media":42898,"comment_status":"open","ping_status":"open","sticky":false,"template":"","format":"standard","meta":{"footnotes":""},"categories":[6,5],"tags":[54,805,806,236,56,807],"class_list":["post-42896","post","type-post","status-publish","format-standard","has-post-thumbnail","hentry","category-noticias","category-rede-publica","tag-enfermeiros","tag-reestruturacao","tag-saude-da-familia","tag-ses","tag-sindicato","tag-violencia-nas-unidades"],"_links":{"self":[{"href":"https:\/\/sindenfermeiro.com.br\/index.php\/wp-json\/wp\/v2\/posts\/42896","targetHints":{"allow":["GET"]}}],"collection":[{"href":"https:\/\/sindenfermeiro.com.br\/index.php\/wp-json\/wp\/v2\/posts"}],"about":[{"href":"https:\/\/sindenfermeiro.com.br\/index.php\/wp-json\/wp\/v2\/types\/post"}],"author":[{"embeddable":true,"href":"https:\/\/sindenfermeiro.com.br\/index.php\/wp-json\/wp\/v2\/users\/6"}],"replies":[{"embeddable":true,"href":"https:\/\/sindenfermeiro.com.br\/index.php\/wp-json\/wp\/v2\/comments?post=42896"}],"version-history":[{"count":1,"href":"https:\/\/sindenfermeiro.com.br\/index.php\/wp-json\/wp\/v2\/posts\/42896\/revisions"}],"predecessor-version":[{"id":42899,"href":"https:\/\/sindenfermeiro.com.br\/index.php\/wp-json\/wp\/v2\/posts\/42896\/revisions\/42899"}],"wp:featuredmedia":[{"embeddable":true,"href":"https:\/\/sindenfermeiro.com.br\/index.php\/wp-json\/wp\/v2\/media\/42898"}],"wp:attachment":[{"href":"https:\/\/sindenfermeiro.com.br\/index.php\/wp-json\/wp\/v2\/media?parent=42896"}],"wp:term":[{"taxonomy":"category","embeddable":true,"href":"https:\/\/sindenfermeiro.com.br\/index.php\/wp-json\/wp\/v2\/categories?post=42896"},{"taxonomy":"post_tag","embeddable":true,"href":"https:\/\/sindenfermeiro.com.br\/index.php\/wp-json\/wp\/v2\/tags?post=42896"}],"curies":[{"name":"wp","href":"https:\/\/api.w.org\/{rel}","templated":true}]}}