{"id":42893,"date":"2022-02-16T17:03:25","date_gmt":"2022-02-16T20:03:25","guid":{"rendered":"https:\/\/sindenfermeiro.com.br\/?p=42893"},"modified":"2026-04-29T18:59:18","modified_gmt":"2026-04-29T21:59:18","slug":"sindenfermeiro-em-acao-reuniao-entre-sindicato-e-igesdf-acerta-ultimos-detalhes-para-assinatura-de-minuta-do-act","status":"publish","type":"post","link":"https:\/\/sindenfermeiro.com.br\/index.php\/2022\/02\/16\/sindenfermeiro-em-acao-reuniao-entre-sindicato-e-igesdf-acerta-ultimos-detalhes-para-assinatura-de-minuta-do-act\/","title":{"rendered":"SindEnfermeiro em A\u00e7\u00e3o: reuni\u00e3o entre sindicato e IGESDF acerta \u00faltimos detalhes para assinatura de minuta do ACT"},"content":{"rendered":"<p><img loading=\"lazy\" decoding=\"async\" class=\"aligncenter wp-image-42894 \" src=\"https:\/\/sindenfermeiro.com.br\/wp-content\/uploads\/2022\/02\/WhatsApp-Image-2022-02-16-at-15.33.13-766x1024.jpeg\" alt=\"\" width=\"467\" height=\"625\" srcset=\"https:\/\/sindenfermeiro.com.br\/wp-content\/uploads\/2022\/02\/WhatsApp-Image-2022-02-16-at-15.33.13-766x1024.jpeg 766w, https:\/\/sindenfermeiro.com.br\/wp-content\/uploads\/2022\/02\/WhatsApp-Image-2022-02-16-at-15.33.13-225x300.jpeg 225w, https:\/\/sindenfermeiro.com.br\/wp-content\/uploads\/2022\/02\/WhatsApp-Image-2022-02-16-at-15.33.13-768x1026.jpeg 768w, https:\/\/sindenfermeiro.com.br\/wp-content\/uploads\/2022\/02\/WhatsApp-Image-2022-02-16-at-15.33.13.jpeg 958w\" sizes=\"auto, (max-width: 467px) 100vw, 467px\" \/><\/p>\n<p>Na tarde de hoje (16), o Sindicato dos Enfermeiros do Distrito Federal (SindEnfermeiro-DF), na pessoa da presidente Dayse Amar\u00edlio, esteve reunido com a c\u00fapula gestora do Instituto de Gest\u00e3o Estrat\u00e9gica da Sa\u00fade (IGESDF) \u2013 representado pela presidente Mariela de Jesus, e por membros da equipe de recursos humanos do instituto.<\/p>\n<p>Ap\u00f3s an\u00e1lise conjunta da minuta do Acordo Coletivo apresentado pelo sindicato, a gest\u00e3o do IGES se comprometeu a marcar uma nova reuni\u00e3o na pr\u00f3xima sexta-feira (18), quando ser\u00e1 feita a assinatura da minuta do acordo.<\/p>\n<p>Uma das principais reivindica\u00e7\u00f5es feitas pelo sindicato foi a garantia de manuten\u00e7\u00e3o das cl\u00e1usulas sociais previstas no \u00faltimo acordo \u2013 datado de 2020 \u2013 at\u00e9 que as defini\u00e7\u00f5es sobre os valores do reajuste sejam conclu\u00eddas.<\/p>\n<p>Dayse ressaltou que apesar das dificuldades enfrentadas com as sucessivas mudan\u00e7as de gest\u00e3o e outros problemas enfrentados no \u00faltimo ano, as conversas finalmente est\u00e3o evoluindo para um desfecho favor\u00e1vel \u00e0 categoria.<\/p>\n<p>\u201cOs trabalhadores do IGES n\u00e3o podem esperar mais [pelo acordo], pois j\u00e1 s\u00e3o quase dois anos sem um documento que \u00e9 b\u00e1sico para nortear os direitos e obriga\u00e7\u00f5es n\u00e3o s\u00f3 do trabalhador, mas tamb\u00e9m do instituto\u201d, afirmou. \u201cEstamos desde 2020 nesta batalha, e com todas as situa\u00e7\u00f5es ocorridas nesse per\u00edodo al\u00e9m da pandemia, as negocia\u00e7\u00f5es ficaram ainda mais dif\u00edceis. Mas esperamos que finalmente o acordo possa ser firmado em breve. Os enfermeiros do IGES merecem\u201d, completou.<\/p>\n<p>&nbsp;<\/p>\n","protected":false},"excerpt":{"rendered":"<p>Na tarde de hoje (16), o Sindicato dos Enfermeiros do Distrito Federal (SindEnfermeiro-DF), na pessoa da presidente Dayse Amar\u00edlio, esteve reunido com a c\u00fapula gestora do Instituto de Gest\u00e3o Estrat\u00e9gica da Sa\u00fade (IGESDF) \u2013 representado pela presidente Mariela de Jesus, e por membros da equipe de recursos humanos do instituto. Ap\u00f3s an\u00e1lise conjunta da minuta [&hellip;]<\/p>\n","protected":false},"author":6,"featured_media":42894,"comment_status":"open","ping_status":"open","sticky":false,"template":"","format":"standard","meta":{"footnotes":""},"categories":[6,13,5],"tags":[804,285,309,313,21],"class_list":["post-42893","post","type-post","status-publish","format-standard","has-post-thumbnail","hentry","category-noticias","category-rede-privada","category-rede-publica","tag-804","tag-acordo-coletivo","tag-act","tag-igesdf","tag-sindenfermeiro"],"_links":{"self":[{"href":"https:\/\/sindenfermeiro.com.br\/index.php\/wp-json\/wp\/v2\/posts\/42893","targetHints":{"allow":["GET"]}}],"collection":[{"href":"https:\/\/sindenfermeiro.com.br\/index.php\/wp-json\/wp\/v2\/posts"}],"about":[{"href":"https:\/\/sindenfermeiro.com.br\/index.php\/wp-json\/wp\/v2\/types\/post"}],"author":[{"embeddable":true,"href":"https:\/\/sindenfermeiro.com.br\/index.php\/wp-json\/wp\/v2\/users\/6"}],"replies":[{"embeddable":true,"href":"https:\/\/sindenfermeiro.com.br\/index.php\/wp-json\/wp\/v2\/comments?post=42893"}],"version-history":[{"count":1,"href":"https:\/\/sindenfermeiro.com.br\/index.php\/wp-json\/wp\/v2\/posts\/42893\/revisions"}],"predecessor-version":[{"id":42895,"href":"https:\/\/sindenfermeiro.com.br\/index.php\/wp-json\/wp\/v2\/posts\/42893\/revisions\/42895"}],"wp:featuredmedia":[{"embeddable":true,"href":"https:\/\/sindenfermeiro.com.br\/index.php\/wp-json\/wp\/v2\/media\/42894"}],"wp:attachment":[{"href":"https:\/\/sindenfermeiro.com.br\/index.php\/wp-json\/wp\/v2\/media?parent=42893"}],"wp:term":[{"taxonomy":"category","embeddable":true,"href":"https:\/\/sindenfermeiro.com.br\/index.php\/wp-json\/wp\/v2\/categories?post=42893"},{"taxonomy":"post_tag","embeddable":true,"href":"https:\/\/sindenfermeiro.com.br\/index.php\/wp-json\/wp\/v2\/tags?post=42893"}],"curies":[{"name":"wp","href":"https:\/\/api.w.org\/{rel}","templated":true}]}}