{"id":42884,"date":"2022-02-11T13:50:46","date_gmt":"2022-02-11T16:50:46","guid":{"rendered":"https:\/\/sindenfermeiro.com.br\/?p=42884"},"modified":"2026-04-29T18:57:57","modified_gmt":"2026-04-29T21:57:57","slug":"eleicoes-sindicais-2022-edital-de-convocacao","status":"publish","type":"post","link":"https:\/\/sindenfermeiro.com.br\/index.php\/2022\/02\/11\/eleicoes-sindicais-2022-edital-de-convocacao\/","title":{"rendered":"ELEI\u00c7\u00d5ES SINDICAIS 2022: EDITAL DE CONVOCA\u00c7\u00c3O"},"content":{"rendered":"<p style=\"text-align: justify\">A Comiss\u00e3o Eleitoral, eleita na Assembleia Geral Extraordin\u00e1ria realizada em 27\/01\/2022, com ata registrada em cart\u00f3rio e na sede do Sindicato, no uso das atribui\u00e7\u00f5es que lhe s\u00e3o conferidas pelo Estatuto da Entidade no art. 71 \u00a71\u00ba, <strong>CONVOCA<\/strong> os filiados e associados, em exerc\u00edcio pleno de seus direitos estatut\u00e1rios, com filia\u00e7\u00e3o de mais de seis meses e quites com suas contribui\u00e7\u00f5es, nos termos do art. 83 do Estatuto, para \u00e0 elei\u00e7\u00e3o da Diretoria Executiva, Diretoria Geral, Conselho Fiscal e respectivos suplentes, para o mandato de 04 (quatro) anos, a se realizar nos dias <strong><u>30\/03\/2022<\/u><\/strong> e <strong><u>31\/03\/2022<\/u><\/strong>, a partir de 08:00 horas at\u00e9 as 19:00 horas, podendo ser conclu\u00eddos antes, se tiverem votado todos os eleitores constantes das folhas de vota\u00e7\u00e3o, por meio do rito h\u00edbrido, que \u00e9 o meio f\u00edsico com urnas e por meio eletr\u00f4nico; a vota\u00e7\u00e3o f\u00edsica ser\u00e1 no local de vota\u00e7\u00e3o, definido pela presen\u00e7a da urna coletora fixa, que estar\u00e1 localizada na sede do Sindicato dos Enfermeiros do Distrito Federal, sendo a forma eletr\u00f4nica realizadas por internet (vota\u00e7\u00e3o online), seguindo todos os crit\u00e9rios de seguran\u00e7a e auditabilidade, de modo que garanta o sigilo e integridade do voto de cada eleitor, sem a necessidade de deslocamento at\u00e9 o ponto de vota\u00e7\u00e3o, por procedimento a ser publicado por resolu\u00e7\u00e3o da Comiss\u00e3o Eleitoral at\u00e9 10 (dez) dias \u00fateis antes do dia da elei\u00e7\u00e3o.<\/p>\n<p style=\"text-align: justify\">A vota\u00e7\u00e3o ter\u00e1 a primeira convoca\u00e7\u00e3o com mais de 10% (dez por cento) dos associados\/filiados em condi\u00e7\u00e3o de voto; e n\u00e3o obtido esse qu\u00f3rum, em segunda convoca\u00e7\u00e3o, 7 (sete) dias depois, com qualquer n\u00famero de associados\/filiados em condi\u00e7\u00e3o de votar, conforme art. 96 do Estatuto, sendo que todo o processo eleitoral ocorrer\u00e1 no local fixado e modo da primeira vota\u00e7\u00e3o. Em caso de empate dever\u00e1 ocorrer nova elei\u00e7\u00e3o no prazo de 15 (quinze) dias na data fixada no Edital de sua convoca\u00e7\u00e3o, no mesmo local e hor\u00e1rio, segundo art. 97 do Estatuto. Havendo somente uma chapa registrada para as elei\u00e7\u00f5es, ser\u00e1 realizada a elei\u00e7\u00e3o no mesmo rito, datas, locais e qu\u00f3rum acima. O prazo para registro de chapa, na sede da entidade, \u00e9 at\u00e9 15 (quinze) dias \u00fateis ap\u00f3s a publica\u00e7\u00e3o deste Edital de convoca\u00e7\u00e3o das elei\u00e7\u00f5es. O Hor\u00e1rio de funcionamento da secretaria do Sindicato no per\u00edodo eleitoral, \u00e9 das 9h00 \u00e0s 17h00, de segunda a sexta-feira, salvo feriados nacionais ou no Distrito Federal e pontos facultativos determinados pelo Distrito Federal.<\/p>\n<p style=\"text-align: justify\">Os modelos de requerimento e formul\u00e1rio para inscri\u00e7\u00e3o da chapa ficar\u00e3o dispon\u00edveis na sede do Sindicato. O prazo para impugna\u00e7\u00e3o de chapa ou de candidatos \u00e9 de 5 (dias) dias \u00fateis, contados da data de publica\u00e7\u00e3o da rela\u00e7\u00e3o nominal das chapas registradas, em jornais de grande circula\u00e7\u00e3o e meios de comunica\u00e7\u00e3o oficiais do Sindicato, nos termos do art. 85 do Estatuto. O presente edital de convoca\u00e7\u00e3o \u00e9 publicado por resumo, e ficar\u00e1 afixado na sede do Sindicato dos Enfermeiros do Distrito Federal localizado na SCRLN 714, Bloco H, Loja 2, Asa Norte, Bras\u00edlia, DF.<\/p>\n<p style=\"text-align: justify\">Bras\u00edlia\/DF, 10 de fevereiro de 2022.<\/p>\n<p style=\"text-align: justify\">Luciana Gon\u00e7alves da Silva Guimar\u00e3es.<\/p>\n<p style=\"text-align: justify\">Presidente da Comiss\u00e3o Eleitoral do SindEnfermeiro-DF<\/p>\n","protected":false},"excerpt":{"rendered":"<p>A Comiss\u00e3o Eleitoral, eleita na Assembleia Geral Extraordin\u00e1ria realizada em 27\/01\/2022, com ata registrada em cart\u00f3rio e na sede do Sindicato, no uso das atribui\u00e7\u00f5es que lhe s\u00e3o conferidas pelo Estatuto da Entidade no art. 71 \u00a71\u00ba, CONVOCA os filiados e associados, em exerc\u00edcio pleno de seus direitos estatut\u00e1rios, com filia\u00e7\u00e3o de mais de seis [&hellip;]<\/p>\n","protected":false},"author":6,"featured_media":42889,"comment_status":"open","ping_status":"open","sticky":false,"template":"","format":"standard","meta":{"footnotes":""},"categories":[6,13,5],"tags":[803,792,7],"class_list":["post-42884","post","type-post","status-publish","format-standard","has-post-thumbnail","hentry","category-noticias","category-rede-privada","category-rede-publica","tag-eleicoes-2022","tag-eleicoes-sindenfermeiro","tag-enfermagem"],"_links":{"self":[{"href":"https:\/\/sindenfermeiro.com.br\/index.php\/wp-json\/wp\/v2\/posts\/42884","targetHints":{"allow":["GET"]}}],"collection":[{"href":"https:\/\/sindenfermeiro.com.br\/index.php\/wp-json\/wp\/v2\/posts"}],"about":[{"href":"https:\/\/sindenfermeiro.com.br\/index.php\/wp-json\/wp\/v2\/types\/post"}],"author":[{"embeddable":true,"href":"https:\/\/sindenfermeiro.com.br\/index.php\/wp-json\/wp\/v2\/users\/6"}],"replies":[{"embeddable":true,"href":"https:\/\/sindenfermeiro.com.br\/index.php\/wp-json\/wp\/v2\/comments?post=42884"}],"version-history":[{"count":6,"href":"https:\/\/sindenfermeiro.com.br\/index.php\/wp-json\/wp\/v2\/posts\/42884\/revisions"}],"predecessor-version":[{"id":42891,"href":"https:\/\/sindenfermeiro.com.br\/index.php\/wp-json\/wp\/v2\/posts\/42884\/revisions\/42891"}],"wp:featuredmedia":[{"embeddable":true,"href":"https:\/\/sindenfermeiro.com.br\/index.php\/wp-json\/wp\/v2\/media\/42889"}],"wp:attachment":[{"href":"https:\/\/sindenfermeiro.com.br\/index.php\/wp-json\/wp\/v2\/media?parent=42884"}],"wp:term":[{"taxonomy":"category","embeddable":true,"href":"https:\/\/sindenfermeiro.com.br\/index.php\/wp-json\/wp\/v2\/categories?post=42884"},{"taxonomy":"post_tag","embeddable":true,"href":"https:\/\/sindenfermeiro.com.br\/index.php\/wp-json\/wp\/v2\/tags?post=42884"}],"curies":[{"name":"wp","href":"https:\/\/api.w.org\/{rel}","templated":true}]}}