{"id":42855,"date":"2022-02-09T16:55:10","date_gmt":"2022-02-09T19:55:10","guid":{"rendered":"https:\/\/sindenfermeiro.com.br\/?p=42855"},"modified":"2026-04-29T18:58:29","modified_gmt":"2026-04-29T21:58:29","slug":"entidades-da-enfermagem-apresentam-estudo-de-impacto-orcamentario-do-piso-salarial-na-camara","status":"publish","type":"post","link":"https:\/\/sindenfermeiro.com.br\/index.php\/2022\/02\/09\/entidades-da-enfermagem-apresentam-estudo-de-impacto-orcamentario-do-piso-salarial-na-camara\/","title":{"rendered":"Entidades da Enfermagem apresentam estudo de impacto or\u00e7ament\u00e1rio do Piso Salarial na C\u00e2mara"},"content":{"rendered":"<p><img loading=\"lazy\" decoding=\"async\" class=\"aligncenter wp-image-42857 \" src=\"https:\/\/sindenfermeiro.com.br\/wp-content\/uploads\/2022\/02\/WhatsApp-Image-2022-02-08-at-14.19.33-1024x768.jpeg\" alt=\"\" width=\"636\" height=\"477\" srcset=\"https:\/\/sindenfermeiro.com.br\/wp-content\/uploads\/2022\/02\/WhatsApp-Image-2022-02-08-at-14.19.33-1024x768.jpeg 1024w, https:\/\/sindenfermeiro.com.br\/wp-content\/uploads\/2022\/02\/WhatsApp-Image-2022-02-08-at-14.19.33-300x225.jpeg 300w, https:\/\/sindenfermeiro.com.br\/wp-content\/uploads\/2022\/02\/WhatsApp-Image-2022-02-08-at-14.19.33-768x576.jpeg 768w, https:\/\/sindenfermeiro.com.br\/wp-content\/uploads\/2022\/02\/WhatsApp-Image-2022-02-08-at-14.19.33-1536x1152.jpeg 1536w, https:\/\/sindenfermeiro.com.br\/wp-content\/uploads\/2022\/02\/WhatsApp-Image-2022-02-08-at-14.19.33.jpeg 1600w\" sizes=\"auto, (max-width: 636px) 100vw, 636px\" \/><\/p>\n<p>Na tarde de ontem (08), o grupo de trabalho respons\u00e1vel por avaliar o impacto or\u00e7ament\u00e1rio do Piso Salarial da Enfermagem na C\u00e2mara dos Deputados realizou a segunda reuni\u00e3o da s\u00e9rie de encontros com entidades de representa\u00e7\u00e3o dos enfermeiros, sindicatos patronais e representantes do setor hospitalar.<\/p>\n<p>As entidades da enfermagem apresentaram durante o encontro o estudo encomendado pela Federa\u00e7\u00e3o Nacional dos Enfermeiros (FNE) ao Departamento Intersindical de Estudos Socioecon\u00f4micos (DIEESE) em novembro passado, com o apoio dos sindicatos federados de 16 estados \u2013 incluindo o SindEnfermeiro-DF \u2013 que aponta para o baixo impacto or\u00e7ament\u00e1rio da aprova\u00e7\u00e3o do PL 2564.<\/p>\n<p>Representado pela presidente Dayse Amar\u00edlio, o SindEnfermeiro esteve presente na reuni\u00e3o a convite do deputado C\u00e9lio Studart (PV-CE), l\u00edder da Comiss\u00e3o Parlamentar Mista da Enfermagem e membro do grupo de trabalho \u2013 al\u00e9m de representantes da Federa\u00e7\u00e3o Nacional dos Enfermeiros (FNE), Conselho Federal de Enfermagem (Cofen), das confedera\u00e7\u00f5es Nacional dos Trabalhadores na Sa\u00fade (CNTS) e dos Trabalhadores da Seguridade Social (CNTSS), e da Associa\u00e7\u00e3o Nacional de Auxiliares e T\u00e9cnicos de Enfermagem (Anaten), entre outros.<\/p>\n<p>Dayse lembrou que os avan\u00e7os na discuss\u00e3o do projeto s\u00e3o o resultado de uma luta intensa travada pela categoria nas ruas e espa\u00e7os de poder, especialmente no \u00faltimo ano, e ressalta que a aprova\u00e7\u00e3o do PL vai marcar o reconhecimento do esfor\u00e7o e a valoriza\u00e7\u00e3o de uma categoria que batalhou pela vida de milh\u00f5es de brasileiros durante a pandemia.<\/p>\n<p>\u201cA luta pelo piso da enfermagem n\u00e3o vem de hoje. Mas, desde a apresenta\u00e7\u00e3o do PL [2564], a categoria se mobilizou de forma nunca antes vista, e isso fez com que a nossa voz fosse ouvida no parlamento. O Senado j\u00e1 reconheceu a import\u00e2ncia da valoriza\u00e7\u00e3o do enfermeiro, e agora a nossa luta na C\u00e2mara \u00e9 para que o projeto v\u00e1 o quanto antes ao plen\u00e1rio e seja aprovado \u2013 o que representa um passo hist\u00f3rico para a nossa categoria\u201d, afirmou.<\/p>\n<p><strong>Impacto \u00e9 menor que previsto pelo MS<\/strong><\/p>\n<p>O Minist\u00e9rio da Sa\u00fade afirma que o custo da aprova\u00e7\u00e3o do PL 2564 seria na ordem de R$ 24,9 bilh\u00f5es. No entanto, os estudos feitos pela pasta consideram o n\u00famero de registros ativos, e n\u00e3o o quantitativo de profissionais. Tamb\u00e9m n\u00e3o s\u00e3o levados em considera\u00e7\u00e3o os casos em que os profissionais j\u00e1 s\u00e3o remunerados acima do piso.<\/p>\n<p>J\u00e1 o estudo feito pelo DIEESE aponta para um custo de R$ 15 bilh\u00f5es e impacto de cerca de 2,08% no or\u00e7amento, como exposto pela diretora de forma\u00e7\u00e3o da Federa\u00e7\u00e3o Nacional dos Enfermeiros (FNE), Solange Caetano, durante a reuni\u00e3o.<\/p>\n<p><strong>Trabalhos ser\u00e3o conclu\u00eddos ainda em fevereiro<\/strong><\/p>\n<p>O grupo de trabalho que vai analisar o impacto or\u00e7ament\u00e1rio do PL 2564 deve concluir os trabalhos at\u00e9 o dia 25 de fevereiro. De acordo com o relator da pauta, deputado Alexandre Padilha (PT-SP), a ideia \u00e9 protocolar um pedido de urg\u00eancia para a vota\u00e7\u00e3o assim que os estudos sobre o impacto or\u00e7ament\u00e1rio sejam conclu\u00eddos, para que o projeto possa ir diretamente a plen\u00e1rio sem a necessidade de passar por todas as comiss\u00f5es.<\/p>\n<p><em>Com informa\u00e7\u00f5es da Ag\u00eancia C\u00e2mara Not\u00edcias<\/em><\/p>\n","protected":false},"excerpt":{"rendered":"<p>Na tarde de ontem (08), o grupo de trabalho respons\u00e1vel por avaliar o impacto or\u00e7ament\u00e1rio do Piso Salarial da Enfermagem na C\u00e2mara dos Deputados realizou a segunda reuni\u00e3o da s\u00e9rie de encontros com entidades de representa\u00e7\u00e3o dos enfermeiros, sindicatos patronais e representantes do setor hospitalar. As entidades da enfermagem apresentaram durante o encontro o estudo [&hellip;]<\/p>\n","protected":false},"author":6,"featured_media":42857,"comment_status":"open","ping_status":"open","sticky":false,"template":"","format":"standard","meta":{"footnotes":""},"categories":[6,13,5],"tags":[545,750,802,53,528],"class_list":["post-42855","post","type-post","status-publish","format-standard","has-post-thumbnail","hentry","category-noticias","category-rede-privada","category-rede-publica","tag-camara","tag-comissao","tag-grupo-de-trabalho","tag-piso-salarial","tag-pl-2564"],"_links":{"self":[{"href":"https:\/\/sindenfermeiro.com.br\/index.php\/wp-json\/wp\/v2\/posts\/42855","targetHints":{"allow":["GET"]}}],"collection":[{"href":"https:\/\/sindenfermeiro.com.br\/index.php\/wp-json\/wp\/v2\/posts"}],"about":[{"href":"https:\/\/sindenfermeiro.com.br\/index.php\/wp-json\/wp\/v2\/types\/post"}],"author":[{"embeddable":true,"href":"https:\/\/sindenfermeiro.com.br\/index.php\/wp-json\/wp\/v2\/users\/6"}],"replies":[{"embeddable":true,"href":"https:\/\/sindenfermeiro.com.br\/index.php\/wp-json\/wp\/v2\/comments?post=42855"}],"version-history":[{"count":1,"href":"https:\/\/sindenfermeiro.com.br\/index.php\/wp-json\/wp\/v2\/posts\/42855\/revisions"}],"predecessor-version":[{"id":42858,"href":"https:\/\/sindenfermeiro.com.br\/index.php\/wp-json\/wp\/v2\/posts\/42855\/revisions\/42858"}],"wp:featuredmedia":[{"embeddable":true,"href":"https:\/\/sindenfermeiro.com.br\/index.php\/wp-json\/wp\/v2\/media\/42857"}],"wp:attachment":[{"href":"https:\/\/sindenfermeiro.com.br\/index.php\/wp-json\/wp\/v2\/media?parent=42855"}],"wp:term":[{"taxonomy":"category","embeddable":true,"href":"https:\/\/sindenfermeiro.com.br\/index.php\/wp-json\/wp\/v2\/categories?post=42855"},{"taxonomy":"post_tag","embeddable":true,"href":"https:\/\/sindenfermeiro.com.br\/index.php\/wp-json\/wp\/v2\/tags?post=42855"}],"curies":[{"name":"wp","href":"https:\/\/api.w.org\/{rel}","templated":true}]}}