{"id":42851,"date":"2022-02-09T13:18:37","date_gmt":"2022-02-09T16:18:37","guid":{"rendered":"https:\/\/sindenfermeiro.com.br\/?p=42851"},"modified":"2026-04-29T18:58:04","modified_gmt":"2026-04-29T21:58:04","slug":"act-iges-df-sindenfermeiro-participara-de-reuniao-para-discutir-acordo-dos-enfermeiros","status":"publish","type":"post","link":"https:\/\/sindenfermeiro.com.br\/index.php\/2022\/02\/09\/act-iges-df-sindenfermeiro-participara-de-reuniao-para-discutir-acordo-dos-enfermeiros\/","title":{"rendered":"ACT IGES-DF: SindEnfermeiro participar\u00e1 de reuni\u00e3o para discutir acordo dos enfermeiros"},"content":{"rendered":"<p><img loading=\"lazy\" decoding=\"async\" class=\"size-medium wp-image-42852 aligncenter\" src=\"https:\/\/sindenfermeiro.com.br\/wp-content\/uploads\/2022\/02\/50993126572_3abb02c608_c-300x200.jpg\" alt=\"\" width=\"300\" height=\"200\" srcset=\"https:\/\/sindenfermeiro.com.br\/wp-content\/uploads\/2022\/02\/50993126572_3abb02c608_c-300x200.jpg 300w, https:\/\/sindenfermeiro.com.br\/wp-content\/uploads\/2022\/02\/50993126572_3abb02c608_c-768x512.jpg 768w, https:\/\/sindenfermeiro.com.br\/wp-content\/uploads\/2022\/02\/50993126572_3abb02c608_c.jpg 799w\" sizes=\"auto, (max-width: 300px) 100vw, 300px\" \/><\/p>\n<p style=\"text-align: center\"><strong><span style=\"font-size: 8pt\">Davidyson Damasceno\/Ascom IGESDF\u00a0<\/span><\/strong><\/p>\n<p style=\"text-align: justify\">A presidente do SindEnfermeiro-DF, Dayse Amar\u00edlio, se reunir\u00e1 com a presidente interina Instituto de Gest\u00e3o Estrat\u00e9gica de Sa\u00fade do Distrito Federal (IGES-DF), Mariela de Jesus, na pr\u00f3xima quinta-feira (10), para discutir o Acordo Coletivo de Trabalho (ACT) dos enfermeiros do instituto. O encontro tamb\u00e9m contar\u00e1 com a presen\u00e7a SindSa\u00fade-DF e ser\u00e1 realizado no Espa\u00e7o Rosa na unidade do Hospital de Base.<\/p>\n<p style=\"text-align: justify\">Com ACT vencido desde setembro de 2020, o SindEnfermeiro tem lutado h\u00e1 quase dois para aprovar um novo acordo, no entanto, por conta das constantes mudan\u00e7as na diretoria do instituto n\u00e3o existe avan\u00e7o nas tratativas.<\/p>\n<p style=\"text-align: justify\"><strong>Luta do sindicato<\/strong><\/p>\n<p style=\"text-align: justify\">E<a href=\"https:\/\/sindenfermeiro.com.br\/index.php\/2021\/03\/30\/sindenfermeiro-vai-ao-mpt-para-forcar-negociacoes-de-acordo-coletivo-do-igesdf\/\">m mar\u00e7o de 2021 o sindicato entrou com pedido de media\u00e7\u00e3o junto ao Minist\u00e9rio P\u00fablico do Trabalho do Distrito Federal (MPT-DF)<\/a> para que o IGESDF se propusesse a discutir os termos da renova\u00e7\u00e3o do acordo. No entanto as negocia\u00e7\u00f5es n\u00e3o avan\u00e7aram por conta das mudan\u00e7as na gest\u00e3o do instituto.<\/p>\n<p style=\"text-align: justify\">Para a presidente do SindEnfermeiro, <a href=\"https:\/\/www.instagram.com\/dayseamarilio\/\">Dayse Amar\u00edlio<\/a>, \u00e9 preocupante n\u00e3o haver uma media\u00e7\u00e3o com os profissionais. \u201cAs trabalhadoras e os trabalhadores n\u00e3o t\u00eam culpa das dificuldades que o IGES enfrenta. Inclusive a manuten\u00e7\u00e3o das clausulas sociais do acordo n\u00e3o foram mantidas. \u00c9 necess\u00e1rio que essa situa\u00e7\u00e3o seja resolvida, especialmente por conta desse momento que a Enfermagem sofre tanto\u201d, pontua Dayse.<\/p>\n","protected":false},"excerpt":{"rendered":"<p>Davidyson Damasceno\/Ascom IGESDF\u00a0 A presidente do SindEnfermeiro-DF, Dayse Amar\u00edlio, se reunir\u00e1 com a presidente interina Instituto de Gest\u00e3o Estrat\u00e9gica de Sa\u00fade do Distrito Federal (IGES-DF), Mariela de Jesus, na pr\u00f3xima quinta-feira (10), para discutir o Acordo Coletivo de Trabalho (ACT) dos enfermeiros do instituto. O encontro tamb\u00e9m contar\u00e1 com a presen\u00e7a SindSa\u00fade-DF e ser\u00e1 realizado [&hellip;]<\/p>\n","protected":false},"author":6,"featured_media":42852,"comment_status":"open","ping_status":"open","sticky":false,"template":"","format":"standard","meta":{"footnotes":""},"categories":[6,13],"tags":[309,222,7,99,54,313,22],"class_list":["post-42851","post","type-post","status-publish","format-standard","has-post-thumbnail","hentry","category-noticias","category-rede-privada","tag-act","tag-dayse-amarilio","tag-enfermagem","tag-enfermagem-df","tag-enfermeiros","tag-igesdf","tag-sindicato-dos-enfermeiros"],"_links":{"self":[{"href":"https:\/\/sindenfermeiro.com.br\/index.php\/wp-json\/wp\/v2\/posts\/42851","targetHints":{"allow":["GET"]}}],"collection":[{"href":"https:\/\/sindenfermeiro.com.br\/index.php\/wp-json\/wp\/v2\/posts"}],"about":[{"href":"https:\/\/sindenfermeiro.com.br\/index.php\/wp-json\/wp\/v2\/types\/post"}],"author":[{"embeddable":true,"href":"https:\/\/sindenfermeiro.com.br\/index.php\/wp-json\/wp\/v2\/users\/6"}],"replies":[{"embeddable":true,"href":"https:\/\/sindenfermeiro.com.br\/index.php\/wp-json\/wp\/v2\/comments?post=42851"}],"version-history":[{"count":2,"href":"https:\/\/sindenfermeiro.com.br\/index.php\/wp-json\/wp\/v2\/posts\/42851\/revisions"}],"predecessor-version":[{"id":42854,"href":"https:\/\/sindenfermeiro.com.br\/index.php\/wp-json\/wp\/v2\/posts\/42851\/revisions\/42854"}],"wp:featuredmedia":[{"embeddable":true,"href":"https:\/\/sindenfermeiro.com.br\/index.php\/wp-json\/wp\/v2\/media\/42852"}],"wp:attachment":[{"href":"https:\/\/sindenfermeiro.com.br\/index.php\/wp-json\/wp\/v2\/media?parent=42851"}],"wp:term":[{"taxonomy":"category","embeddable":true,"href":"https:\/\/sindenfermeiro.com.br\/index.php\/wp-json\/wp\/v2\/categories?post=42851"},{"taxonomy":"post_tag","embeddable":true,"href":"https:\/\/sindenfermeiro.com.br\/index.php\/wp-json\/wp\/v2\/tags?post=42851"}],"curies":[{"name":"wp","href":"https:\/\/api.w.org\/{rel}","templated":true}]}}