{"id":42848,"date":"2022-02-07T16:02:57","date_gmt":"2022-02-07T19:02:57","guid":{"rendered":"https:\/\/sindenfermeiro.com.br\/?p=42848"},"modified":"2026-04-29T18:59:18","modified_gmt":"2026-04-29T21:59:18","slug":"com-participacao-do-sindenfermeiro-deputados-e-entidades-da-enfermagem-vao-discutir-impacto-financeiro-do-pl-2564-na-camara","status":"publish","type":"post","link":"https:\/\/sindenfermeiro.com.br\/index.php\/2022\/02\/07\/com-participacao-do-sindenfermeiro-deputados-e-entidades-da-enfermagem-vao-discutir-impacto-financeiro-do-pl-2564-na-camara\/","title":{"rendered":"Com participa\u00e7\u00e3o do SindEnfermeiro, deputados e entidades da enfermagem v\u00e3o discutir impacto financeiro do PL 2564 na C\u00e2mara"},"content":{"rendered":"<div style=\"width: 778px\" class=\"wp-caption aligncenter\"><img loading=\"lazy\" decoding=\"async\" src=\"https:\/\/www.camara.leg.br\/midias\/image\/2022\/02\/img20210326110213309-768x512.jpg\" alt=\"\" width=\"768\" height=\"512\" \/><p class=\"wp-caption-text\">Foto: Bruno Cecim\/Ag\u00eancia Par\u00e1 de Not\u00edcias<\/p><\/div>\n<p>O grupo de trabalho da C\u00e2mara dos Deputados respons\u00e1vel pela an\u00e1lise de impacto financeiro do Projeto de Lei 2564\/2020 vai se reunir amanh\u00e3 (08), \u00e0s 14 horas, com as entidades de classe ligadas \u00e0 enfermagem de todo o Brasil \u2013 incluindo o Sindicato dos Enfermeiros do DF (SindEnfermeiro) \u2013 para apresenta\u00e7\u00e3o dos estudos de quantitativo de profissionais e os recursos necess\u00e1rios para a implementa\u00e7\u00e3o do piso.<\/p>\n<p>A reuni\u00e3o ser\u00e1 realizada de forma h\u00edbrida, no plen\u00e1rio da C\u00e2mara dos Deputados e atrav\u00e9s da plataforma Zoom, e ter\u00e1 a presen\u00e7a de sete entidades nacionais de representa\u00e7\u00e3o da categoria, sendo elas a Federa\u00e7\u00e3o Nacional dos Enfermeiros (FNE), Conselho Federal de Enfermagem (COFEN), Confedera\u00e7\u00e3o Nacional dos Trabalhadores na Sa\u00fade (CNTS), Confedera\u00e7\u00e3o Nacional dos Trabalhadores da Seguridade Social (CNTSS), Associa\u00e7\u00e3o Brasileira de Enfermagem (ABEn), Associa\u00e7\u00e3o Nacional de Auxiliares e T\u00e9cnicos de Enfermagem (ANATEN) e a Executiva Nacional dos Estudantes de Enfermagem (ENEENF).<\/p>\n<p>A presidente do SindEnfermeiro e representante da entidade na reuni\u00e3o, Dayse Amar\u00edlio, aponta que os avan\u00e7os na discuss\u00e3o do projeto s\u00e3o o resultado de uma luta intensa travada pela categoria nas ruas e espa\u00e7os de poder, especialmente no \u00faltimo ano, e ressalta que a aprova\u00e7\u00e3o do PL vai marcar o reconhecimento do esfor\u00e7o e a valoriza\u00e7\u00e3o de uma categoria que batalhou pela vida de milh\u00f5es de brasileiros durante a pandemia.<\/p>\n<p>\u201cA luta pelo piso da enfermagem n\u00e3o vem de hoje. Mas, desde a apresenta\u00e7\u00e3o do PL [2564], a categoria se mobilizou de forma nunca antes vista, e isso fez com que a nossa voz fosse ouvida no parlamento. O Senado j\u00e1 reconheceu a import\u00e2ncia da valoriza\u00e7\u00e3o do enfermeiro, e agora a nossa luta na C\u00e2mara \u00e9 para que o projeto v\u00e1 o quanto antes ao plen\u00e1rio e seja aprovado \u2013 o que representa um passo hist\u00f3rico para a nossa categoria\u201d, afirmou.<\/p>\n<p><strong>Impacto \u00e9 menor que estimado pelo MS<\/strong><\/p>\n<p>Em audi\u00eancia realizada em dezembro do ano passado pela Comiss\u00e3o de Seguridade Social e Fam\u00edlia da C\u00e2mara, o Minist\u00e9rio da Sa\u00fade argumentou que o piso salarial da enfermagem traria um impacto or\u00e7ament\u00e1rio de R$ 24 bilh\u00f5es nos cofres da Uni\u00e3o. No entanto, em estudo encomendado no mesmo per\u00edodo ao Departamento Intersindical de Estat\u00edstica e Estudos Socioecon\u00f4micos (DIEESE) pela Federa\u00e7\u00e3o Nacional dos Enfermeiros (FNE), o valor estimado ficou em R$ 15 bilh\u00f5es.<\/p>\n<p><strong>Trabalhos ser\u00e3o conclu\u00eddos ainda em fevereiro<\/strong><\/p>\n<p>O grupo de trabalho que vai analisar o impacto or\u00e7ament\u00e1rio do PL 2564 deve concluir os trabalhos at\u00e9 o dia 25 de fevereiro. De acordo com o relator da pauta, deputado Alexandre Padilha (PT-SP), a ideia \u00e9 protocolar um pedido de urg\u00eancia para a vota\u00e7\u00e3o assim que os estudos sobre o impacto or\u00e7ament\u00e1rio sejam conclu\u00eddos, para que o projeto possa ir diretamente a plen\u00e1rio sem a necessidade de passar por todas as comiss\u00f5es.<\/p>\n<p><em>Com informa\u00e7\u00f5es da Ag\u00eancia C\u00e2mara Not\u00edcias<\/em><\/p>\n","protected":false},"excerpt":{"rendered":"<p>O grupo de trabalho da C\u00e2mara dos Deputados respons\u00e1vel pela an\u00e1lise de impacto financeiro do Projeto de Lei 2564\/2020 vai se reunir amanh\u00e3 (08), \u00e0s 14 horas, com as entidades de classe ligadas \u00e0 enfermagem de todo o Brasil \u2013 incluindo o Sindicato dos Enfermeiros do DF (SindEnfermeiro) \u2013 para apresenta\u00e7\u00e3o dos estudos de quantitativo [&hellip;]<\/p>\n","protected":false},"author":6,"featured_media":42849,"comment_status":"open","ping_status":"open","sticky":false,"template":"","format":"standard","meta":{"footnotes":""},"categories":[6,13,5],"tags":[229,7,528],"class_list":["post-42848","post","type-post","status-publish","format-standard","has-post-thumbnail","hentry","category-noticias","category-rede-privada","category-rede-publica","tag-camara-dos-deputados","tag-enfermagem","tag-pl-2564"],"_links":{"self":[{"href":"https:\/\/sindenfermeiro.com.br\/index.php\/wp-json\/wp\/v2\/posts\/42848","targetHints":{"allow":["GET"]}}],"collection":[{"href":"https:\/\/sindenfermeiro.com.br\/index.php\/wp-json\/wp\/v2\/posts"}],"about":[{"href":"https:\/\/sindenfermeiro.com.br\/index.php\/wp-json\/wp\/v2\/types\/post"}],"author":[{"embeddable":true,"href":"https:\/\/sindenfermeiro.com.br\/index.php\/wp-json\/wp\/v2\/users\/6"}],"replies":[{"embeddable":true,"href":"https:\/\/sindenfermeiro.com.br\/index.php\/wp-json\/wp\/v2\/comments?post=42848"}],"version-history":[{"count":1,"href":"https:\/\/sindenfermeiro.com.br\/index.php\/wp-json\/wp\/v2\/posts\/42848\/revisions"}],"predecessor-version":[{"id":42850,"href":"https:\/\/sindenfermeiro.com.br\/index.php\/wp-json\/wp\/v2\/posts\/42848\/revisions\/42850"}],"wp:featuredmedia":[{"embeddable":true,"href":"https:\/\/sindenfermeiro.com.br\/index.php\/wp-json\/wp\/v2\/media\/42849"}],"wp:attachment":[{"href":"https:\/\/sindenfermeiro.com.br\/index.php\/wp-json\/wp\/v2\/media?parent=42848"}],"wp:term":[{"taxonomy":"category","embeddable":true,"href":"https:\/\/sindenfermeiro.com.br\/index.php\/wp-json\/wp\/v2\/categories?post=42848"},{"taxonomy":"post_tag","embeddable":true,"href":"https:\/\/sindenfermeiro.com.br\/index.php\/wp-json\/wp\/v2\/tags?post=42848"}],"curies":[{"name":"wp","href":"https:\/\/api.w.org\/{rel}","templated":true}]}}