{"id":42806,"date":"2022-01-27T12:35:00","date_gmt":"2022-01-27T15:35:00","guid":{"rendered":"https:\/\/sindenfermeiro.com.br\/?p=42806"},"modified":"2026-04-29T19:10:10","modified_gmt":"2026-04-29T22:10:10","slug":"opiniao-ate-onde-vai-o-igesdf-como-modelo-de-gestao-da-saude-publica","status":"publish","type":"post","link":"https:\/\/sindenfermeiro.com.br\/index.php\/2022\/01\/27\/opiniao-ate-onde-vai-o-igesdf-como-modelo-de-gestao-da-saude-publica\/","title":{"rendered":"OPINI\u00c3O:  At\u00e9 onde vai o IGESDF como modelo de gest\u00e3o da Sa\u00fade P\u00fablica?"},"content":{"rendered":"<p><img loading=\"lazy\" decoding=\"async\" class=\"size-medium wp-image-42807 aligncenter\" src=\"https:\/\/sindenfermeiro.com.br\/wp-content\/uploads\/2022\/01\/WhatsApp-Image-2022-01-27-at-12.25.35-300x200.jpeg\" alt=\"\" width=\"300\" height=\"200\" srcset=\"https:\/\/sindenfermeiro.com.br\/wp-content\/uploads\/2022\/01\/WhatsApp-Image-2022-01-27-at-12.25.35-300x200.jpeg 300w, https:\/\/sindenfermeiro.com.br\/wp-content\/uploads\/2022\/01\/WhatsApp-Image-2022-01-27-at-12.25.35-1024x682.jpeg 1024w, https:\/\/sindenfermeiro.com.br\/wp-content\/uploads\/2022\/01\/WhatsApp-Image-2022-01-27-at-12.25.35-768x512.jpeg 768w, https:\/\/sindenfermeiro.com.br\/wp-content\/uploads\/2022\/01\/WhatsApp-Image-2022-01-27-at-12.25.35.jpeg 1280w\" sizes=\"auto, (max-width: 300px) 100vw, 300px\" \/><\/p>\n<p style=\"text-align: center\"><span style=\"font-size: 8pt\"><strong>Foto: Davidyson Damasceno\/Ascom Iges-DF<\/strong><\/span><\/p>\n<p>Por: Jorge Henrique<\/p>\n<p>&nbsp;<\/p>\n<p style=\"text-align: justify\">Na sexta feira, dia 21, o general Gislei Morais de Oliveira pediu demiss\u00e3o do cargo de diretor-presidente do Instituto de Gest\u00e3o Estrat\u00e9gica de Sa\u00fade do Distrito Federal (IGESDF). Gislei estava desde setembro de 2021 no Instituto que, atualmente, \u00e9 respons\u00e1vel pela gest\u00e3o do Hospital de Base, Hospital Regional de Santa Maria e as UPAs do DF.<\/p>\n<p style=\"text-align: justify\">Os rumores sobre a sa\u00edda do ex-diretor presidente est\u00e3o relacionados \u00e0 falta de autonomia e interfer\u00eancias do Governo do DF em sua gest\u00e3o, e ocorre ap\u00f3s a demiss\u00e3o de duas funcion\u00e1rias comissionadas que foram recontratadas pelo IGESDF por ordem de superiores, ap\u00f3s a sa\u00edda do General. Gislei afirma, ainda, que recebeu uma lista de 90 nomes do GDF de pessoas intoc\u00e1veis \u2013 apadrinhados &#8211; que n\u00e3o possuem perfil t\u00e9cnico para ocupar os cargos.<\/p>\n<p style=\"text-align: justify\">Criado em 2019, o IGESDF j\u00e1 vai para o sexto presidente. O primeiro diretor, que virou secret\u00e1rio de sa\u00fade do DF ap\u00f3s cumprir seu mandato no instituto, foi preso na opera\u00e7\u00e3o \u201cfalso-negativo\u201d, no ano de 2020, pela suspeita de irregularidades na compra de testes r\u00e1pidos para Covid-19. De l\u00e1 pra c\u00e1, foram v\u00e1rias den\u00fancias na justi\u00e7a de favorecimento il\u00edcito de diretores e fornecedores, compras superfaturadas, etc.<\/p>\n<p style=\"text-align: justify\">Em setembro de 2021,\u00a0o Tribunal de Contas (TCDF) suspendeu o pagamento de uma ajuda de custo, em meio a uma crise financeira da institui\u00e7\u00e3o. Valores que variavam de R$ 4 mil a R$ 6 mil eram pagos aos diretores da entidade para quitar despesas de plano de previd\u00eancia privada, plano de sa\u00fade, seguro de vida e contas telef\u00f4nicas. Naquele momento, o IGES saiu de uma d\u00edvida de R$ 250 milh\u00f5es para uma de R$ 370 milh\u00f5es.<\/p>\n<p style=\"text-align: justify\">Ainda em setembro, o Minist\u00e9rio P\u00fablico (MPDFT) e a Pol\u00edcia Civil realizaram uma opera\u00e7\u00e3o para apurar suposto superfaturamento na contrata\u00e7\u00e3o de leitos de unidade de terapia intensiva (UTI) pela institui\u00e7\u00e3o, com o cumprimento de 61 mandados de busca e apreens\u00e3o.<\/p>\n<p style=\"text-align: justify\">Desde sua cria\u00e7\u00e3o, o IGESDF j\u00e1 est\u00e1 no 16\u00ba termo aditivo de contrato com a Secretaria de Sa\u00fade do DF. O or\u00e7amento do instituto que j\u00e1 havia duplicado de 2019 para 2020 (R$ 1,2 bilh\u00e3o), cresceu ainda mais no ano de 2021 com os termos aditivos. Em geral, s\u00e3o valores que ultrapassam R$ 100 milh\u00f5es. O instituto n\u00e3o apresenta relat\u00f3rios sobre suas atividades para o controle social, al\u00e9m disso, n\u00e3o existe nenhuma transpar\u00eancia com os gastos na realiza\u00e7\u00e3o de contratos com empresas que prestam servi\u00e7os, impossibilitando, assim, a avalia\u00e7\u00e3o de sua efic\u00e1cia como instrumento de gest\u00e3o.<\/p>\n<p style=\"text-align: justify\">\u00c9 question\u00e1vel que, enquanto o IGESDF tem aumentado seu or\u00e7amento nos \u00faltimos anos, a Secretaria de Sa\u00fade do DF tem centenas de equipes de Estrat\u00e9gia Sa\u00fade da Fam\u00edlia que sofrem com a falta de infraestrutura, com espa\u00e7o f\u00edsico inadequado para a realiza\u00e7\u00e3o de atividades, falta de insumos, um insuficiente sistema informatizado de dados, falta de equipamentos e falta de seguran\u00e7a para os servidores. A maioria das unidades necessitam de reformas e novas constru\u00e7\u00f5es, muitas equipes precisam compartilhar uma mesma sala para realizar consultas e outras atividades, e algumas sequer possuem salas de medica\u00e7\u00e3o, de curativo e de classifica\u00e7\u00e3o de risco.<\/p>\n<p style=\"text-align: justify\">O IGESDF n\u00e3o tem mais capacidade de gerir os hospitais p\u00fablicos e as UPAs do DF. O instituto s\u00f3 n\u00e3o foi extinto como modelo gest\u00e3o porque, conforme as den\u00fancias, serve de cabide de emprego e \u00e9 usado como moeda de troca do Buriti com os deputados distritais da base do governo que, em troca de indica\u00e7\u00e3o de cargos pol\u00edticos no instituto, aprovam a pol\u00edtica do mandat\u00e1rio de Bras\u00edlia. \u00c9 uma verdadeira farra com o dinheiro p\u00fablico da Sa\u00fade. Enquanto isso, a popula\u00e7\u00e3o sofre com a falta de atendimento nas unidades de sa\u00fade e com o cancelamento de procedimentos, exames e cirurgias.<\/p>\n<p style=\"text-align: justify\">As unidades de sa\u00fade sob gest\u00e3o do IGESDF precisam voltar para a gest\u00e3o direta da SES DF para que haja planejamento dos gastos, nomea\u00e7\u00e3o de servidores de carreira para os cargos t\u00e9cnicos, controle da efici\u00eancia da gest\u00e3o, organiza\u00e7\u00e3o da refer\u00eancia e contrarrefer\u00eancia da rede assistencial, mais investimentos para as unidades de sa\u00fade e realiza\u00e7\u00e3o de concurso p\u00fablico para recomposi\u00e7\u00e3o dos recursos humanos de hospitais e UPAs.<\/p>\n<p style=\"text-align: justify\">A sa\u00fade p\u00fablica do DF piorou com a gest\u00e3o IGESDF. O modelo de gest\u00e3o do instituto precisa acabar!<\/p>\n","protected":false},"excerpt":{"rendered":"<p>Foto: Davidyson Damasceno\/Ascom Iges-DF Por: Jorge Henrique &nbsp; Na sexta feira, dia 21, o general Gislei Morais de Oliveira pediu demiss\u00e3o do cargo de diretor-presidente do Instituto de Gest\u00e3o Estrat\u00e9gica de Sa\u00fade do Distrito Federal (IGESDF). Gislei estava desde setembro de 2021 no Instituto que, atualmente, \u00e9 respons\u00e1vel pela gest\u00e3o do Hospital de Base, Hospital [&hellip;]<\/p>\n","protected":false},"author":6,"featured_media":42807,"comment_status":"open","ping_status":"open","sticky":false,"template":"","format":"standard","meta":{"footnotes":""},"categories":[6,13],"tags":[794,7,313,532,795,796],"class_list":["post-42806","post","type-post","status-publish","format-standard","has-post-thumbnail","hentry","category-noticias","category-rede-privada","tag-corrupcao","tag-enfermagem","tag-igesdf","tag-jorge-henrique","tag-modelo-de-gestao","tag-texto-de-opiniao"],"_links":{"self":[{"href":"https:\/\/sindenfermeiro.com.br\/index.php\/wp-json\/wp\/v2\/posts\/42806","targetHints":{"allow":["GET"]}}],"collection":[{"href":"https:\/\/sindenfermeiro.com.br\/index.php\/wp-json\/wp\/v2\/posts"}],"about":[{"href":"https:\/\/sindenfermeiro.com.br\/index.php\/wp-json\/wp\/v2\/types\/post"}],"author":[{"embeddable":true,"href":"https:\/\/sindenfermeiro.com.br\/index.php\/wp-json\/wp\/v2\/users\/6"}],"replies":[{"embeddable":true,"href":"https:\/\/sindenfermeiro.com.br\/index.php\/wp-json\/wp\/v2\/comments?post=42806"}],"version-history":[{"count":4,"href":"https:\/\/sindenfermeiro.com.br\/index.php\/wp-json\/wp\/v2\/posts\/42806\/revisions"}],"predecessor-version":[{"id":42811,"href":"https:\/\/sindenfermeiro.com.br\/index.php\/wp-json\/wp\/v2\/posts\/42806\/revisions\/42811"}],"wp:featuredmedia":[{"embeddable":true,"href":"https:\/\/sindenfermeiro.com.br\/index.php\/wp-json\/wp\/v2\/media\/42807"}],"wp:attachment":[{"href":"https:\/\/sindenfermeiro.com.br\/index.php\/wp-json\/wp\/v2\/media?parent=42806"}],"wp:term":[{"taxonomy":"category","embeddable":true,"href":"https:\/\/sindenfermeiro.com.br\/index.php\/wp-json\/wp\/v2\/categories?post=42806"},{"taxonomy":"post_tag","embeddable":true,"href":"https:\/\/sindenfermeiro.com.br\/index.php\/wp-json\/wp\/v2\/tags?post=42806"}],"curies":[{"name":"wp","href":"https:\/\/api.w.org\/{rel}","templated":true}]}}