{"id":42798,"date":"2022-01-24T16:39:56","date_gmt":"2022-01-24T19:39:56","guid":{"rendered":"https:\/\/sindenfermeiro.com.br\/?p=42798"},"modified":"2026-04-29T19:12:36","modified_gmt":"2026-04-29T22:12:36","slug":"confira-o-edital-de-convocacao-para-assembleia-geral-ordinaria-para-eleicao-de-comissao-eleitoral-do-sindenfermeiro-df","status":"publish","type":"post","link":"https:\/\/sindenfermeiro.com.br\/index.php\/2022\/01\/24\/confira-o-edital-de-convocacao-para-assembleia-geral-ordinaria-para-eleicao-de-comissao-eleitoral-do-sindenfermeiro-df\/","title":{"rendered":"Confira o edital de convoca\u00e7\u00e3o para Assembleia Geral Ordin\u00e1ria para elei\u00e7\u00e3o de Comiss\u00e3o Eleitoral do SindEnfermeiro-DF"},"content":{"rendered":"<p style=\"text-align: justify\">Confira abaixo o edital e convoca\u00e7\u00e3o para a Assembleia Geral Ordin\u00e1ria que tratar\u00e1 da elei\u00e7\u00e3o de Comiss\u00e3o Eleitoral do SindEnfermeiro-DF<\/p>\n<p style=\"text-align: justify\"><strong>\u00a0<\/strong><\/p>\n<p style=\"text-align: justify\">O <strong>SINDICATO DOS ENFERMEIROS DO DISTRITO FEDERAL<\/strong>, CNPJ n\u00ba 00.627.877.877\/0001-07, com sede na SCRLN 714, Bloco H, Loja 2, Asa Norte \u2013 Bras\u00edlia (Distrito Federal), CEP: 70760-558, no uso das atribui\u00e7\u00f5es que lhe conferem o Estatuto Social, atrav\u00e9s do presente edital faz saber a todos que dele tiverem conhecimento, que convoca todos os FILIADOS, em Assembleia realizada na forma estatut\u00e1ria e regimental, para participarem da Assembleia Geral Ordin\u00e1ria para elei\u00e7\u00e3o da Comiss\u00e3o Eleitoral do Sindicato dos Enfermeiros do Distrito Federal, \u00e0 realizar-se no dia 27 de janeiro de 2022, \u00e0s 19 horas na sede do Sindicato localizada SCRLN 714, Bloco H, Loja 2, Asa Norte \u2013 Bras\u00edlia (Distrito Federal) CEP: 70760-558.<\/p>\n<p style=\"text-align: justify\">\u00c0s inscri\u00e7\u00f5es dos nomes para concorrer \u00e0 elei\u00e7\u00e3o para compor a Comiss\u00e3o Eleitoral, conforme art. 69 do Estatuto do Sindicato, dever\u00e3o ser feitas no dia 27 de janeiro de 2022, no per\u00edodo de at\u00e9 1 hora antes do in\u00edcio da Assembleia Geral Ordin\u00e1ria, prevista para 19 horas em primeira chamada para delibera\u00e7\u00e3o por maioria simples, \u00e0s 19 horas e 30 minutos caso n\u00e3o seja obtido o n\u00famero de cinquenta por cento mais um dos associados, com qualquer n\u00famero de filiados.<\/p>\n<p style=\"text-align: justify\">A Assembleia Geral Ordin\u00e1ria ir\u00e1 deliberar a seguinte ordem do dia:<\/p>\n<p style=\"text-align: justify\">1) Apresenta\u00e7\u00e3o da lista dos interessados em compor a Comiss\u00e3o Eleitoral devidamente inscritos;<\/p>\n<p style=\"text-align: justify\">2) Explica\u00e7\u00e3o sobre o processo de vota\u00e7\u00e3o da Comiss\u00e3o Eleitoral;<\/p>\n<p style=\"text-align: justify\">3) Vota\u00e7\u00e3o;<\/p>\n<p style=\"text-align: justify\">4) Proclama\u00e7\u00e3o dos eleitos que ser\u00e3o os 3 mais votados. Para a realiza\u00e7\u00e3o das assembleias ser\u00e3o observadas as regras sanit\u00e1rias de combate ao Covid 19, conforme determinado pelo Estado.<\/p>\n<p>&nbsp;<\/p>\n<p style=\"text-align: justify\"><strong>Informa\u00e7\u00f5es para os enfermeiros que quiserem compor a Comiss\u00e3o Eleitoral:<\/strong><\/p>\n<p style=\"text-align: justify\">Os interessados em compor a Comiss\u00e3o Eleitoral dever\u00e3o comparecer na sede do Sindicato at\u00e9 \u00e0s 18h do dia 27\/01\/2022 e solicitar a inclus\u00e3o do nome na lista de vota\u00e7\u00e3o. Verificada a condi\u00e7\u00e3o de filiado, a lista ser\u00e1 fechada na presen\u00e7a de todos os interessados e posteriormente ser\u00e1 feita a explica\u00e7\u00e3o do procedimento de vota\u00e7\u00e3o da Comiss\u00e3o Eleitoral.<\/p>\n<p style=\"text-align: justify\">\n","protected":false},"excerpt":{"rendered":"<p>Confira abaixo o edital e convoca\u00e7\u00e3o para a Assembleia Geral Ordin\u00e1ria que tratar\u00e1 da elei\u00e7\u00e3o de Comiss\u00e3o Eleitoral do SindEnfermeiro-DF \u00a0 O SINDICATO DOS ENFERMEIROS DO DISTRITO FEDERAL, CNPJ n\u00ba 00.627.877.877\/0001-07, com sede na SCRLN 714, Bloco H, Loja 2, Asa Norte \u2013 Bras\u00edlia (Distrito Federal), CEP: 70760-558, no uso das atribui\u00e7\u00f5es que lhe conferem [&hellip;]<\/p>\n","protected":false},"author":6,"featured_media":42803,"comment_status":"open","ping_status":"open","sticky":false,"template":"","format":"standard","meta":{"footnotes":""},"categories":[6,13,5],"tags":[793,792,226,7],"class_list":["post-42798","post","type-post","status-publish","format-standard","has-post-thumbnail","hentry","category-noticias","category-rede-privada","category-rede-publica","tag-assembleia-ordinaria","tag-eleicoes-sindenfermeiro","tag-eleicoes-sindicais","tag-enfermagem"],"_links":{"self":[{"href":"https:\/\/sindenfermeiro.com.br\/index.php\/wp-json\/wp\/v2\/posts\/42798","targetHints":{"allow":["GET"]}}],"collection":[{"href":"https:\/\/sindenfermeiro.com.br\/index.php\/wp-json\/wp\/v2\/posts"}],"about":[{"href":"https:\/\/sindenfermeiro.com.br\/index.php\/wp-json\/wp\/v2\/types\/post"}],"author":[{"embeddable":true,"href":"https:\/\/sindenfermeiro.com.br\/index.php\/wp-json\/wp\/v2\/users\/6"}],"replies":[{"embeddable":true,"href":"https:\/\/sindenfermeiro.com.br\/index.php\/wp-json\/wp\/v2\/comments?post=42798"}],"version-history":[{"count":4,"href":"https:\/\/sindenfermeiro.com.br\/index.php\/wp-json\/wp\/v2\/posts\/42798\/revisions"}],"predecessor-version":[{"id":42805,"href":"https:\/\/sindenfermeiro.com.br\/index.php\/wp-json\/wp\/v2\/posts\/42798\/revisions\/42805"}],"wp:featuredmedia":[{"embeddable":true,"href":"https:\/\/sindenfermeiro.com.br\/index.php\/wp-json\/wp\/v2\/media\/42803"}],"wp:attachment":[{"href":"https:\/\/sindenfermeiro.com.br\/index.php\/wp-json\/wp\/v2\/media?parent=42798"}],"wp:term":[{"taxonomy":"category","embeddable":true,"href":"https:\/\/sindenfermeiro.com.br\/index.php\/wp-json\/wp\/v2\/categories?post=42798"},{"taxonomy":"post_tag","embeddable":true,"href":"https:\/\/sindenfermeiro.com.br\/index.php\/wp-json\/wp\/v2\/tags?post=42798"}],"curies":[{"name":"wp","href":"https:\/\/api.w.org\/{rel}","templated":true}]}}