{"id":42786,"date":"2022-01-21T12:48:11","date_gmt":"2022-01-21T15:48:11","guid":{"rendered":"https:\/\/sindenfermeiro.com.br\/?p=42786"},"modified":"2026-04-29T19:12:20","modified_gmt":"2026-04-29T22:12:20","slug":"diretoras-do-sindenfermeiro-se-reunem-com-ericka-filippelli-secretaria-da-mulher-para-tracar-campanha-contra-violencia-na-enfermagem","status":"publish","type":"post","link":"https:\/\/sindenfermeiro.com.br\/index.php\/2022\/01\/21\/diretoras-do-sindenfermeiro-se-reunem-com-ericka-filippelli-secretaria-da-mulher-para-tracar-campanha-contra-violencia-na-enfermagem\/","title":{"rendered":"Diretoras do SindEnfermeiro se re\u00fanem com Ericka Filippelli, secret\u00e1ria da Mulher, para tra\u00e7ar campanha contra viol\u00eancia na Enfermagem"},"content":{"rendered":"<style type=\"text\/css\">\n#foogallery-gallery-42789 .fg-image { width: 640px; }<\/style>\n\t\t\t<div class=\"foogallery foogallery-container foogallery-image-viewer foogallery-link-image foogallery-lightbox-none fg-center fg-image-viewer fg-ready fg-light fg-border-thin fg-shadow-outline fg-loading-default fg-loaded-fade-in fg-caption-hover fg-hover-fade fg-hover-zoom\" id=\"foogallery-gallery-42789\" data-foogallery=\"{&quot;item&quot;:{&quot;showCaptionTitle&quot;:true,&quot;showCaptionDescription&quot;:true},&quot;lazy&quot;:true,&quot;template&quot;:{&quot;loop&quot;:true}}\" style=\"--fg-title-line-clamp: 0; --fg-description-line-clamp: 0;\" >\n\t<div class=\"fiv-inner\">\n\t\t<div class=\"fiv-inner-container\">\n\t\t\t<div class=\"fg-item fg-type-image fg-idle\"><figure class=\"fg-item-inner\"><a href=\"https:\/\/sindenfermeiro.com.br\/wp-content\/uploads\/2022\/01\/WhatsApp-Image-2022-01-20-at-16.45.44-1.jpeg\" data-attachment-id=\"42790\" data-type=\"image\" class=\"fg-thumb\"><span class=\"fg-image-wrap\"><img fetchpriority=\"high\" decoding=\"async\" width=\"640\" height=\"360\" class=\"skip-lazy fg-image\" data-src-fg=\"https:\/\/sindenfermeiro.com.br\/wp-content\/uploads\/cache\/2022\/01\/WhatsApp-Image-2022-01-20-at-16_45_44-1\/2480359075.jpeg\" src=\"data:image\/svg+xml,%3Csvg%20xmlns%3D%22http%3A%2F%2Fwww.w3.org%2F2000%2Fsvg%22%20width%3D%22640%22%20height%3D%22360%22%20viewBox%3D%220%200%20640%20360%22%3E%3C%2Fsvg%3E\" loading=\"eager\"><\/span><span class=\"fg-image-overlay\"><\/span><\/a><\/figure><div class=\"fg-loader\"><\/div><\/div><div class=\"fg-item fg-type-image fg-idle\"><figure class=\"fg-item-inner\"><a href=\"https:\/\/sindenfermeiro.com.br\/wp-content\/uploads\/2022\/01\/WhatsApp-Image-2022-01-20-at-16.45.44.jpeg\" data-attachment-id=\"42791\" data-type=\"image\" class=\"fg-thumb\"><span class=\"fg-image-wrap\"><img decoding=\"async\" width=\"640\" height=\"360\" class=\"skip-lazy fg-image\" data-src-fg=\"https:\/\/sindenfermeiro.com.br\/wp-content\/uploads\/cache\/2022\/01\/WhatsApp-Image-2022-01-20-at-16_45_44\/2067077048.jpeg\" src=\"data:image\/svg+xml,%3Csvg%20xmlns%3D%22http%3A%2F%2Fwww.w3.org%2F2000%2Fsvg%22%20width%3D%22640%22%20height%3D%22360%22%20viewBox%3D%220%200%20640%20360%22%3E%3C%2Fsvg%3E\" loading=\"eager\"><\/span><span class=\"fg-image-overlay\"><\/span><\/a><\/figure><div class=\"fg-loader\"><\/div><\/div><div class=\"fg-item fg-type-image fg-idle\"><figure class=\"fg-item-inner\"><a href=\"https:\/\/sindenfermeiro.com.br\/wp-content\/uploads\/2022\/01\/WhatsApp-Image-2022-01-20-at-16.45.45-1.jpeg\" data-attachment-id=\"42792\" data-type=\"image\" class=\"fg-thumb\"><span class=\"fg-image-wrap\"><img decoding=\"async\" width=\"640\" height=\"360\" class=\"skip-lazy fg-image\" data-src-fg=\"https:\/\/sindenfermeiro.com.br\/wp-content\/uploads\/cache\/2022\/01\/WhatsApp-Image-2022-01-20-at-16_45_45-1\/2672419115.jpeg\" src=\"data:image\/svg+xml,%3Csvg%20xmlns%3D%22http%3A%2F%2Fwww.w3.org%2F2000%2Fsvg%22%20width%3D%22640%22%20height%3D%22360%22%20viewBox%3D%220%200%20640%20360%22%3E%3C%2Fsvg%3E\" loading=\"eager\"><\/span><span class=\"fg-image-overlay\"><\/span><\/a><\/figure><div class=\"fg-loader\"><\/div><\/div><div class=\"fg-item fg-type-image fg-idle\"><figure class=\"fg-item-inner\"><a href=\"https:\/\/sindenfermeiro.com.br\/wp-content\/uploads\/2022\/01\/WhatsApp-Image-2022-01-20-at-16.45.46-1.jpeg\" data-attachment-id=\"42793\" data-type=\"image\" class=\"fg-thumb\"><span class=\"fg-image-wrap\"><img decoding=\"async\" width=\"640\" height=\"360\" class=\"skip-lazy fg-image\" data-src-fg=\"https:\/\/sindenfermeiro.com.br\/wp-content\/uploads\/cache\/2022\/01\/WhatsApp-Image-2022-01-20-at-16_45_46-1\/1612954382.jpeg\" src=\"data:image\/svg+xml,%3Csvg%20xmlns%3D%22http%3A%2F%2Fwww.w3.org%2F2000%2Fsvg%22%20width%3D%22640%22%20height%3D%22360%22%20viewBox%3D%220%200%20640%20360%22%3E%3C%2Fsvg%3E\" loading=\"eager\"><\/span><span class=\"fg-image-overlay\"><\/span><\/a><\/figure><div class=\"fg-loader\"><\/div><\/div><div class=\"fg-item fg-type-image fg-idle\"><figure class=\"fg-item-inner\"><a href=\"https:\/\/sindenfermeiro.com.br\/wp-content\/uploads\/2022\/01\/WhatsApp-Image-2022-01-20-at-16.45.46.jpeg\" data-attachment-id=\"42794\" data-type=\"image\" class=\"fg-thumb\"><span class=\"fg-image-wrap\"><img decoding=\"async\" width=\"640\" height=\"360\" class=\"skip-lazy fg-image\" data-src-fg=\"https:\/\/sindenfermeiro.com.br\/wp-content\/uploads\/cache\/2022\/01\/WhatsApp-Image-2022-01-20-at-16_45_46\/1700108308.jpeg\" src=\"data:image\/svg+xml,%3Csvg%20xmlns%3D%22http%3A%2F%2Fwww.w3.org%2F2000%2Fsvg%22%20width%3D%22640%22%20height%3D%22360%22%20viewBox%3D%220%200%20640%20360%22%3E%3C%2Fsvg%3E\" loading=\"eager\"><\/span><span class=\"fg-image-overlay\"><\/span><\/a><\/figure><div class=\"fg-loader\"><\/div><\/div><div class=\"fg-item fg-type-image fg-idle\"><figure class=\"fg-item-inner\"><a href=\"https:\/\/sindenfermeiro.com.br\/wp-content\/uploads\/2022\/01\/WhatsApp-Image-2022-01-20-at-16.45.45-2.jpeg\" data-attachment-id=\"42795\" data-type=\"image\" class=\"fg-thumb\"><span class=\"fg-image-wrap\"><img decoding=\"async\" width=\"640\" height=\"360\" class=\"skip-lazy fg-image\" data-src-fg=\"https:\/\/sindenfermeiro.com.br\/wp-content\/uploads\/cache\/2022\/01\/WhatsApp-Image-2022-01-20-at-16_45_45-2\/1275948883.jpeg\" src=\"data:image\/svg+xml,%3Csvg%20xmlns%3D%22http%3A%2F%2Fwww.w3.org%2F2000%2Fsvg%22%20width%3D%22640%22%20height%3D%22360%22%20viewBox%3D%220%200%20640%20360%22%3E%3C%2Fsvg%3E\" loading=\"eager\"><\/span><span class=\"fg-image-overlay\"><\/span><\/a><\/figure><div class=\"fg-loader\"><\/div><\/div>\t\t<\/div>\n\t\t<div class=\"fiv-ctrls\">\n\t\t\t<button type=\"button\" class=\"fiv-prev\" title=\"Prev\"><span>Prev<\/span><\/button>\n\t\t\t<label class=\"fiv-count\"><span class=\"fiv-count-current\">1<\/span>of<span class=\"fiv-count-total\">6<\/span><\/label>\n\t\t\t<button type=\"button\" class=\"fiv-next\" title=\"Next\"><span>Next<\/span><\/button>\n\t\t<\/div>\n\t<\/div>\n<\/div>\n<p><em><strong><span style=\"font-size: 8pt\">Fotos: Ryan Reynholz<\/span><\/strong><\/em><\/p>\n<p style=\"text-align: justify\">Na tarde da \u00faltima quinta, 21, a presidente do Sindicato dos Enfermeiros do DF (SindEnfermeiro-DF), Dayse Amar\u00edlio, e a diretora Ursula Nepomuceno se reuniram com a <a href=\"https:\/\/www.mulher.df.gov.br\/\">Secret\u00e1ria de Estado da Mulher<\/a>, Ericka Filippelli, para debater e tra\u00e7ar uma campanha contra a viol\u00eancia que trabalhadoras da Enfermagem t\u00eam sofrido.<\/p>\n<p style=\"text-align: justify\">A reuni\u00e3o tamb\u00e9m contou com a participa\u00e7\u00e3o de Patr\u00edcia \u00d3liver, presidente do Conselho de Mulheres Crist\u00e3s do Brasil e Irina Storni, Subsecretaria de Enfrentamento \u00e0 Viol\u00eancia da Pasta.<\/p>\n<p style=\"text-align: justify\">De acordo com Dayse Amar\u00edlio, a Secret\u00e1ria de Estado da Mulher, Ericka Filippelli abra\u00e7ou a ideia da campanha tento em vista do crescente n\u00famero de agress\u00f5es sofridas por profissionais da Enfermagem. &#8220;Conseguimos juntas identificar que ser\u00e1 necess\u00e1rio um grupo ampliado de trabalho. A inten\u00e7\u00e3o \u00e9 sensibilizar outras secretarias, principalmente a Secretaria de Sa\u00fade e representa\u00e7\u00f5es das mulheres.&#8221;, destacou Dayse.<\/p>\n<p style=\"text-align: justify\">&#8220;\u00c9 importante tra\u00e7ar a\u00e7\u00f5es, uma vez que a viol\u00eancia na Enfermagem \u00e9 uma quest\u00e3o multifatorial, passando pelo dimensionamento e desvaloriza\u00e7\u00e3o da categoria. Ela tamb\u00e9m tem rela\u00e7\u00e3o com o g\u00eanero, com o cuidado, a situa\u00e7\u00e3o da sa\u00fade, da pandemia, da vulnerabilidade. Outro fator que merece aten\u00e7\u00e3o \u00e9 a percep\u00e7\u00e3o da mulher sobre o que \u00e9 viol\u00eancia e o acolhimento que \u00e9 dado a esses casos de viol\u00eancia.&#8221;, afirmou a presidente Dayse Amar\u00edlio.<\/p>\n<p style=\"text-align: justify\"><strong>Uni\u00e3o entre outras Pastas<\/strong><\/p>\n<p style=\"text-align: justify\">Segundo Dayse Amar\u00edlio, a inten\u00e7\u00e3o \u00e9 que nos pr\u00f3ximos dias aconte\u00e7a outra reuni\u00e3o com outras secretarias. &#8220;Iremos ampliar e fazer um grupo muito s\u00e9rio envolvendo todos os atores que t\u00eam rela\u00e7\u00e3o com a viol\u00eancia, especialmente as trabalhadoras. Queremos fazer uma a\u00e7\u00e3o que previna e acabe com esses casos de viol\u00eancia contra as profissionais.&#8221;, pontuou Dayse.<\/p>\n<p style=\"text-align: justify\">&#8220;A Secret\u00e1ria da Mulher deu v\u00e1rias sugest\u00f5es e direcionamentos de como o SindEnfermeiro e a Pasta das Mulheres poder\u00e3o atuar juntos. Al\u00e9m disso, fomos prontamente acolhidas ela se comprometeu muito com a pauta. Isso nos deixou muito satisfeitas e esperan\u00e7osas&#8221;, finalizou Dayse Amar\u00edlio.<\/p>\n","protected":false},"excerpt":{"rendered":"<p>Fotos: Ryan Reynholz Na tarde da \u00faltima quinta, 21, a presidente do Sindicato dos Enfermeiros do DF (SindEnfermeiro-DF), Dayse Amar\u00edlio, e a diretora Ursula Nepomuceno se reuniram com a Secret\u00e1ria de Estado da Mulher, Ericka Filippelli, para debater e tra\u00e7ar uma campanha contra a viol\u00eancia que trabalhadoras da Enfermagem t\u00eam sofrido. A reuni\u00e3o tamb\u00e9m contou [&hellip;]<\/p>\n","protected":false},"author":6,"featured_media":42787,"comment_status":"open","ping_status":"open","sticky":false,"template":"","format":"standard","meta":{"footnotes":""},"categories":[6,13,5],"tags":[7,791,790,789],"class_list":["post-42786","post","type-post","status-publish","format-standard","has-post-thumbnail","hentry","category-noticias","category-rede-privada","category-rede-publica","tag-enfermagem","tag-luta-contra-a-violencia","tag-secretaria-da-mulher","tag-sindicato-dos-enfermeiro"],"_links":{"self":[{"href":"https:\/\/sindenfermeiro.com.br\/index.php\/wp-json\/wp\/v2\/posts\/42786","targetHints":{"allow":["GET"]}}],"collection":[{"href":"https:\/\/sindenfermeiro.com.br\/index.php\/wp-json\/wp\/v2\/posts"}],"about":[{"href":"https:\/\/sindenfermeiro.com.br\/index.php\/wp-json\/wp\/v2\/types\/post"}],"author":[{"embeddable":true,"href":"https:\/\/sindenfermeiro.com.br\/index.php\/wp-json\/wp\/v2\/users\/6"}],"replies":[{"embeddable":true,"href":"https:\/\/sindenfermeiro.com.br\/index.php\/wp-json\/wp\/v2\/comments?post=42786"}],"version-history":[{"count":3,"href":"https:\/\/sindenfermeiro.com.br\/index.php\/wp-json\/wp\/v2\/posts\/42786\/revisions"}],"predecessor-version":[{"id":42797,"href":"https:\/\/sindenfermeiro.com.br\/index.php\/wp-json\/wp\/v2\/posts\/42786\/revisions\/42797"}],"wp:featuredmedia":[{"embeddable":true,"href":"https:\/\/sindenfermeiro.com.br\/index.php\/wp-json\/wp\/v2\/media\/42787"}],"wp:attachment":[{"href":"https:\/\/sindenfermeiro.com.br\/index.php\/wp-json\/wp\/v2\/media?parent=42786"}],"wp:term":[{"taxonomy":"category","embeddable":true,"href":"https:\/\/sindenfermeiro.com.br\/index.php\/wp-json\/wp\/v2\/categories?post=42786"},{"taxonomy":"post_tag","embeddable":true,"href":"https:\/\/sindenfermeiro.com.br\/index.php\/wp-json\/wp\/v2\/tags?post=42786"}],"curies":[{"name":"wp","href":"https:\/\/api.w.org\/{rel}","templated":true}]}}