{"id":42779,"date":"2022-01-19T15:05:19","date_gmt":"2022-01-19T18:05:19","guid":{"rendered":"https:\/\/sindenfermeiro.com.br\/?p=42779"},"modified":"2026-04-29T19:11:28","modified_gmt":"2026-04-29T22:11:28","slug":"sindenfermeiro-se-reune-com-direcao-do-hrg-para-debater-mudanca-da-sala-administrativa-de-enfermagem","status":"publish","type":"post","link":"https:\/\/sindenfermeiro.com.br\/index.php\/2022\/01\/19\/sindenfermeiro-se-reune-com-direcao-do-hrg-para-debater-mudanca-da-sala-administrativa-de-enfermagem\/","title":{"rendered":"SindEnfermeiro se re\u00fane com dire\u00e7\u00e3o do HRG para debater mudan\u00e7a da sala administrativa de enfermagem"},"content":{"rendered":"<p><img loading=\"lazy\" decoding=\"async\" class=\"size-medium wp-image-42780 aligncenter\" src=\"https:\/\/sindenfermeiro.com.br\/wp-content\/uploads\/2022\/01\/WhatsApp-Image-2022-01-19-at-11.59.19-300x225.jpeg\" alt=\"\" width=\"300\" height=\"225\" srcset=\"https:\/\/sindenfermeiro.com.br\/wp-content\/uploads\/2022\/01\/WhatsApp-Image-2022-01-19-at-11.59.19-300x225.jpeg 300w, https:\/\/sindenfermeiro.com.br\/wp-content\/uploads\/2022\/01\/WhatsApp-Image-2022-01-19-at-11.59.19-1024x768.jpeg 1024w, https:\/\/sindenfermeiro.com.br\/wp-content\/uploads\/2022\/01\/WhatsApp-Image-2022-01-19-at-11.59.19-768x576.jpeg 768w, https:\/\/sindenfermeiro.com.br\/wp-content\/uploads\/2022\/01\/WhatsApp-Image-2022-01-19-at-11.59.19-1536x1152.jpeg 1536w, https:\/\/sindenfermeiro.com.br\/wp-content\/uploads\/2022\/01\/WhatsApp-Image-2022-01-19-at-11.59.19.jpeg 1600w\" sizes=\"auto, (max-width: 300px) 100vw, 300px\" \/><\/p>\n<p style=\"text-align: justify\">O Sindicato dos Enfermeiros do Distrito Federal (SindEnfermeiro-DF) participou na manh\u00e3 desta quarta-feira,19, de uma reuni\u00e3o com a dire\u00e7\u00e3o do Hospital Regional do Gama (HRG) para negociar a mudan\u00e7a do local da sala administrativa de enfermagem por conta de uma reforma no Pronto Socorro da institui\u00e7\u00e3o.<\/p>\n<p style=\"text-align: justify\">O encontro contou com a participa\u00e7\u00e3o do diretor executivo do SindEnfermeiro, M\u00e1rcio da Mata, da advogada do sindicato, Andressa Lago, com os diretores Lucimir Maia e Diego Silva e a gerente de enfermagem, Ver\u00f4nica Prado. A inten\u00e7\u00e3o foi garantir a sala em outro espa\u00e7o.<\/p>\n<p style=\"text-align: justify\">De acordo com a dire\u00e7\u00e3o do hospital, a sala atual precisa ser modificada de lugar para que sejam abertos mais leitos, no entanto, ser\u00e1 feita a reforma de outra sala para que seja garantido o espa\u00e7o para a sala administrativa de enfermagem. Tamb\u00e9m ficou acordado que o novo espa\u00e7o ter\u00e1 um banheiro.<\/p>\n","protected":false},"excerpt":{"rendered":"<p>O Sindicato dos Enfermeiros do Distrito Federal (SindEnfermeiro-DF) participou na manh\u00e3 desta quarta-feira,19, de uma reuni\u00e3o com a dire\u00e7\u00e3o do Hospital Regional do Gama (HRG) para negociar a mudan\u00e7a do local da sala administrativa de enfermagem por conta de uma reforma no Pronto Socorro da institui\u00e7\u00e3o. O encontro contou com a participa\u00e7\u00e3o do diretor executivo [&hellip;]<\/p>\n","protected":false},"author":6,"featured_media":42780,"comment_status":"open","ping_status":"open","sticky":false,"template":"","format":"standard","meta":{"footnotes":""},"categories":[6,5],"tags":[7,54,351,21,22],"class_list":["post-42779","post","type-post","status-publish","format-standard","has-post-thumbnail","hentry","category-noticias","category-rede-publica","tag-enfermagem","tag-enfermeiros","tag-hrg","tag-sindenfermeiro","tag-sindicato-dos-enfermeiros"],"_links":{"self":[{"href":"https:\/\/sindenfermeiro.com.br\/index.php\/wp-json\/wp\/v2\/posts\/42779","targetHints":{"allow":["GET"]}}],"collection":[{"href":"https:\/\/sindenfermeiro.com.br\/index.php\/wp-json\/wp\/v2\/posts"}],"about":[{"href":"https:\/\/sindenfermeiro.com.br\/index.php\/wp-json\/wp\/v2\/types\/post"}],"author":[{"embeddable":true,"href":"https:\/\/sindenfermeiro.com.br\/index.php\/wp-json\/wp\/v2\/users\/6"}],"replies":[{"embeddable":true,"href":"https:\/\/sindenfermeiro.com.br\/index.php\/wp-json\/wp\/v2\/comments?post=42779"}],"version-history":[{"count":4,"href":"https:\/\/sindenfermeiro.com.br\/index.php\/wp-json\/wp\/v2\/posts\/42779\/revisions"}],"predecessor-version":[{"id":42784,"href":"https:\/\/sindenfermeiro.com.br\/index.php\/wp-json\/wp\/v2\/posts\/42779\/revisions\/42784"}],"wp:featuredmedia":[{"embeddable":true,"href":"https:\/\/sindenfermeiro.com.br\/index.php\/wp-json\/wp\/v2\/media\/42780"}],"wp:attachment":[{"href":"https:\/\/sindenfermeiro.com.br\/index.php\/wp-json\/wp\/v2\/media?parent=42779"}],"wp:term":[{"taxonomy":"category","embeddable":true,"href":"https:\/\/sindenfermeiro.com.br\/index.php\/wp-json\/wp\/v2\/categories?post=42779"},{"taxonomy":"post_tag","embeddable":true,"href":"https:\/\/sindenfermeiro.com.br\/index.php\/wp-json\/wp\/v2\/tags?post=42779"}],"curies":[{"name":"wp","href":"https:\/\/api.w.org\/{rel}","templated":true}]}}