{"id":42767,"date":"2022-01-18T17:04:25","date_gmt":"2022-01-18T20:04:25","guid":{"rendered":"https:\/\/sindenfermeiro.com.br\/?p=42767"},"modified":"2026-05-01T05:38:34","modified_gmt":"2026-05-01T08:38:34","slug":"ate-quando-a-enfermagem-continuara-desvalorizada","status":"publish","type":"post","link":"https:\/\/sindenfermeiro.com.br\/index.php\/2022\/01\/18\/ate-quando-a-enfermagem-continuara-desvalorizada\/","title":{"rendered":"At\u00e9 quando a Enfermagem continuar\u00e1 desvalorizada?"},"content":{"rendered":"<p><img loading=\"lazy\" decoding=\"async\" class=\"size-medium wp-image-42770 aligncenter\" src=\"https:\/\/sindenfermeiro.com.br\/wp-content\/uploads\/2022\/01\/foto-300x300.jpg\" alt=\"\" width=\"300\" height=\"300\" srcset=\"https:\/\/sindenfermeiro.com.br\/wp-content\/uploads\/2022\/01\/foto-300x300.jpg 300w, https:\/\/sindenfermeiro.com.br\/wp-content\/uploads\/2022\/01\/foto-1024x1024.jpg 1024w, https:\/\/sindenfermeiro.com.br\/wp-content\/uploads\/2022\/01\/foto-150x150.jpg 150w, https:\/\/sindenfermeiro.com.br\/wp-content\/uploads\/2022\/01\/foto-768x768.jpg 768w, https:\/\/sindenfermeiro.com.br\/wp-content\/uploads\/2022\/01\/foto-1536x1536.jpg 1536w, https:\/\/sindenfermeiro.com.br\/wp-content\/uploads\/2022\/01\/foto.jpg 2000w\" sizes=\"auto, (max-width: 300px) 100vw, 300px\" \/><\/p>\n<p style=\"text-align: justify\">Na \u00faltima sexta-feira o <a href=\"https:\/\/www.gov.br\/saude\/pt-br\/assuntos\/noticias\/2022\/janeiro\/medicos-pelo-brasil-programa-aumenta-em-25-a-remuneracao-dos-profissionais\">Minist\u00e9rio da Sa\u00fade lan\u00e7ou o M\u00e9dicos pelo Brasil<\/a>.\u00a0 O programa que engloba m\u00e9dicos estrat\u00e9gia sa\u00fade da fam\u00edlia e de quebra aumentou em 25% a remunera\u00e7\u00e3o desses profissionais. Agora, os sal\u00e1rios dos m\u00e9dicos passar\u00e3o de R$ 12 mil para R$ 15 mil, enquanto os m\u00e9dicos tutores receber\u00e3o R$ 17,5 mil ao inv\u00e9s de R$ 14 mil.<\/p>\n<p style=\"text-align: justify\">\u00c9 necess\u00e1rio salientar que defendemos a import\u00e2ncias os profissionais da medicina, mas ao contr\u00e1rio do que se pensa, os Enfermeiros e a Enfermagem s\u00e3o pilares do Sistema \u00danico de Sa\u00fade e das Equipes de Sa\u00fade da Fam\u00edlia. Nossa categoria teve papel fundamental na luta contra a covid-19, quando a doen\u00e7a ainda era desconhecida.<\/p>\n<p style=\"text-align: justify\">Na vacina\u00e7\u00e3o da popula\u00e7\u00e3o, a Enfermagem n\u00e3o tem medido esfor\u00e7os para imunizar centenas de milhares de pessoas diariamente. Percorremos quil\u00f4metros, enfrentamos muitas vezes condi\u00e7\u00f5es de trabalho exaustivas e desumanas para se quer termos um sal\u00e1rio digno. Durante a pandemia de covid, a Enfermagem foi a categoria que mais perdeu profissionais para a doen\u00e7a.<\/p>\n<p style=\"text-align: justify\">Infelizmente regulamentar a nossa jornada de trabalho ou estabelecer um piso salarial digno \u00e9 visto como um gasto invi\u00e1vel. No entanto, valorizar a Enfermagem n\u00e3o deveria ser visto como gasto, mas sim um investimento. <a href=\"https:\/\/sindenfermeiro.com.br\/index.php\/2020\/05\/20\/opiniao-qual-o-sentido-historico-da-exploracao-do-trabalho-de-enfermagem-no-brasil\/\">Investimento em quem fez, faz e far\u00e1 muito pela sa\u00fade do Brasil.<\/a><\/p>\n<p style=\"text-align: justify\">A possibilidade de mudar a realidade da Enfermagem est\u00e1 nas nossas m\u00e3os. Necessitamos escolher parlamentares que sejam da nossa categoria. Necessitamos colocar enfermeiras e mulheres nos espa\u00e7os de poder. A hora \u00e9 agora!<\/p>\n<p>Confira parte da live em que o programa e a altera\u00e7\u00e3o salarial \u00e9 apresentada:<\/p>\n<div style=\"width: 720px;\" class=\"wp-video\"><video class=\"wp-video-shortcode\" id=\"video-42767-1\" width=\"720\" height=\"1280\" preload=\"metadata\" controls=\"controls\"><source type=\"video\/mp4\" src=\"https:\/\/sindenfermeiro.com.br\/wp-content\/uploads\/2022\/01\/WhatsApp-Video-2022-01-18-at-15.55.29.mp4?_=1\" \/><a href=\"https:\/\/sindenfermeiro.com.br\/wp-content\/uploads\/2022\/01\/WhatsApp-Video-2022-01-18-at-15.55.29.mp4\">https:\/\/sindenfermeiro.com.br\/wp-content\/uploads\/2022\/01\/WhatsApp-Video-2022-01-18-at-15.55.29.mp4<\/a><\/video><\/div>\n","protected":false},"excerpt":{"rendered":"<p>Na \u00faltima sexta-feira o Minist\u00e9rio da Sa\u00fade lan\u00e7ou o M\u00e9dicos pelo Brasil.\u00a0 O programa que engloba m\u00e9dicos estrat\u00e9gia sa\u00fade da fam\u00edlia e de quebra aumentou em 25% a remunera\u00e7\u00e3o desses profissionais. Agora, os sal\u00e1rios dos m\u00e9dicos passar\u00e3o de R$ 12 mil para R$ 15 mil, enquanto os m\u00e9dicos tutores receber\u00e3o R$ 17,5 mil ao inv\u00e9s [&hellip;]<\/p>\n","protected":false},"author":6,"featured_media":42770,"comment_status":"open","ping_status":"open","sticky":false,"template":"","format":"standard","meta":{"footnotes":""},"categories":[6,13,5],"tags":[454,222,7,54,428,716,21],"class_list":["post-42767","post","type-post","status-publish","format-standard","has-post-thumbnail","hentry","category-noticias","category-rede-privada","category-rede-publica","tag-covid-19","tag-dayse-amarilio","tag-enfermagem","tag-enfermeiros","tag-opiniao","tag-pl2564","tag-sindenfermeiro"],"_links":{"self":[{"href":"https:\/\/sindenfermeiro.com.br\/index.php\/wp-json\/wp\/v2\/posts\/42767","targetHints":{"allow":["GET"]}}],"collection":[{"href":"https:\/\/sindenfermeiro.com.br\/index.php\/wp-json\/wp\/v2\/posts"}],"about":[{"href":"https:\/\/sindenfermeiro.com.br\/index.php\/wp-json\/wp\/v2\/types\/post"}],"author":[{"embeddable":true,"href":"https:\/\/sindenfermeiro.com.br\/index.php\/wp-json\/wp\/v2\/users\/6"}],"replies":[{"embeddable":true,"href":"https:\/\/sindenfermeiro.com.br\/index.php\/wp-json\/wp\/v2\/comments?post=42767"}],"version-history":[{"count":6,"href":"https:\/\/sindenfermeiro.com.br\/index.php\/wp-json\/wp\/v2\/posts\/42767\/revisions"}],"predecessor-version":[{"id":42775,"href":"https:\/\/sindenfermeiro.com.br\/index.php\/wp-json\/wp\/v2\/posts\/42767\/revisions\/42775"}],"wp:featuredmedia":[{"embeddable":true,"href":"https:\/\/sindenfermeiro.com.br\/index.php\/wp-json\/wp\/v2\/media\/42770"}],"wp:attachment":[{"href":"https:\/\/sindenfermeiro.com.br\/index.php\/wp-json\/wp\/v2\/media?parent=42767"}],"wp:term":[{"taxonomy":"category","embeddable":true,"href":"https:\/\/sindenfermeiro.com.br\/index.php\/wp-json\/wp\/v2\/categories?post=42767"},{"taxonomy":"post_tag","embeddable":true,"href":"https:\/\/sindenfermeiro.com.br\/index.php\/wp-json\/wp\/v2\/tags?post=42767"}],"curies":[{"name":"wp","href":"https:\/\/api.w.org\/{rel}","templated":true}]}}