{"id":42558,"date":"2021-10-22T16:55:55","date_gmt":"2021-10-22T19:55:55","guid":{"rendered":"https:\/\/sindenfermeiro.com.br\/?p=42558"},"modified":"2026-05-01T05:44:19","modified_gmt":"2026-05-01T08:44:19","slug":"acao-conjunta-covid-19-vai-ao-hospital-de-base-igesdf-vistoriar-denuncias-de-falta-de-medicamentos-insumos","status":"publish","type":"post","link":"https:\/\/sindenfermeiro.com.br\/index.php\/2021\/10\/22\/acao-conjunta-covid-19-vai-ao-hospital-de-base-igesdf-vistoriar-denuncias-de-falta-de-medicamentos-insumos\/","title":{"rendered":"A\u00e7\u00e3o Conjunta Covid-19 vai ao Hospital de Base (IGESDF) vistoriar den\u00fancias de falta de medicamentos &#8211; insumos"},"content":{"rendered":"<p>Na manh\u00e3 da \u00faltima sexta-feira (22), a A\u00e7\u00e3o Conjunta Covid-19 visitou Hospital de Base \u2013 unidade hospitalar gerida pelo IGESDF &#8211; para apurar den\u00fancias sobre a poss\u00edvel falta de medicamentos essenciais para o atendimento de pacientes internados na unidade de sa\u00fade.<\/p>\n<p>A visita contou com a participa\u00e7\u00e3o da presidente do SindEnfermeiro, Dayse Amar\u00edlio, e da diretora Ursula Nepomoceno, al\u00e9m do deputado distrital Fabio F\u00e9lix (PSOL), da presidente do Conselho de Sa\u00fade do DF, Jeov\u00e2nia Rodrigues, da representante da Comiss\u00e3o de Direitos Humanos da C\u00e2mara Legislativa do Distrito Federal (CLDF), Perla Ribeiro e de representantes do Sindicato dos Odontologistas, SINDATE, SindM\u00e9dico.<\/p>\n<p>O grupo visitou a Unidade de Tratamento Intensivo (UTI), o Centro de Materiais e Esteriliza\u00e7\u00e3o (CME) e farm\u00e1cia do hospital. Na farm\u00e1cia, A A\u00e7\u00e3o Conjunta encontrou diversos problemas, entre eles: d\u00e9ficit de farmac\u00eauticos e de t\u00e9cnicos de farm\u00e1cia, falta de medicamentos utilizados na seda\u00e7\u00e3o de pacientes, baixo estoque de medicamentos utilizados na rotina di\u00e1ria do hospital, al\u00e9m da necessidade de equipamentos para agilizar no rastreamento e auxiliar na dosagem dos rem\u00e9dios \u2013 o que tem sido feito de forma manual.<\/p>\n<p><strong>Falta de equipamentos no CME<\/strong><\/p>\n<p>A situa\u00e7\u00e3o encontrada no CME foi a falta de enfermeiros e t\u00e9cnicos em enfermagem para a cobertura da escala. Outro ponto observado foi o alto n\u00famero de afastamento de trabalhadores devido problemas relacionados \u00e0 sa\u00fade mental e coluna. Para Ursula Nepomoceno, diretora do sindicato, \u201cos problemas mais graves encontrados no setor foram apenas tr\u00eas das cinco autoclaves estarem funcionando e o elevador que leva as bandejas do setor para o centro cir\u00fargico estar quebrado\u201d.<\/p>\n<p>\u201c\u00c9 importante ressaltar que o setor estava funcionando com mantas \u2013 materiais necess\u00e1rios para embalar as bandejas cir\u00fargicas \u2013 e o servi\u00e7o n\u00e3o parou por conta das doa\u00e7\u00f5es que o CME tem recebido\u201d, pontua Ursula.<\/p>\n<p><strong>Situa\u00e7\u00e3o preocupante<\/strong><\/p>\n<p>Para a presidente do SindEnfermeiro, Dayse Amar\u00edlio, a situa\u00e7\u00e3o do Hospital de Base \u00e9 preocupante. \u201cOs recursos humanos de enfermagem est\u00e3o em um n\u00famero muito ruim, tanto para enfermeiros quanto para t\u00e9cnicos em enfermagem. Faltam desde insumos b\u00e1sicos at\u00e9 antibi\u00f3ticos e sedativos. N\u00e3o haviam esses materiais para hoje. Havia previs\u00e3o de chegada, mas n\u00e3o havia material hoje\u201d, pontua Dayse.<\/p>\n<p>\u201cOs medicamentes s\u00e3o extremamente necess\u00e1rios para pacientes graves. O perfil da UTI do Hospital de Base \u00e9 exclusivo da institui\u00e7\u00e3o. N\u00e3o tem como transferir os pacientes de l\u00e1, por exemplo. \u00c9 preciso que esses insumos em falta cheguem o mais breve poss\u00edvel, pois a institui\u00e7\u00e3o \u00e9 a \u00fanica especializada em politrauma no Distrito Federal\u201d, finaliza Dayse.<\/p>\n","protected":false},"excerpt":{"rendered":"<p>Na manh\u00e3 da \u00faltima sexta-feira (22), a A\u00e7\u00e3o Conjunta Covid-19 visitou Hospital de Base \u2013 unidade hospitalar gerida pelo IGESDF &#8211; para apurar den\u00fancias sobre a poss\u00edvel falta de medicamentos essenciais para o atendimento de pacientes internados na unidade de sa\u00fade. A visita contou com a participa\u00e7\u00e3o da presidente do SindEnfermeiro, Dayse Amar\u00edlio, e da [&hellip;]<\/p>\n","protected":false},"author":6,"featured_media":42559,"comment_status":"open","ping_status":"open","sticky":false,"template":"","format":"standard","meta":{"footnotes":""},"categories":[6,13,5],"tags":[497,7,311,313],"class_list":["post-42558","post","type-post","status-publish","format-standard","has-post-thumbnail","hentry","category-noticias","category-rede-privada","category-rede-publica","tag-acao-conjunta-covid-19","tag-enfermagem","tag-hbdf","tag-igesdf"],"_links":{"self":[{"href":"https:\/\/sindenfermeiro.com.br\/index.php\/wp-json\/wp\/v2\/posts\/42558","targetHints":{"allow":["GET"]}}],"collection":[{"href":"https:\/\/sindenfermeiro.com.br\/index.php\/wp-json\/wp\/v2\/posts"}],"about":[{"href":"https:\/\/sindenfermeiro.com.br\/index.php\/wp-json\/wp\/v2\/types\/post"}],"author":[{"embeddable":true,"href":"https:\/\/sindenfermeiro.com.br\/index.php\/wp-json\/wp\/v2\/users\/6"}],"replies":[{"embeddable":true,"href":"https:\/\/sindenfermeiro.com.br\/index.php\/wp-json\/wp\/v2\/comments?post=42558"}],"version-history":[{"count":1,"href":"https:\/\/sindenfermeiro.com.br\/index.php\/wp-json\/wp\/v2\/posts\/42558\/revisions"}],"predecessor-version":[{"id":42560,"href":"https:\/\/sindenfermeiro.com.br\/index.php\/wp-json\/wp\/v2\/posts\/42558\/revisions\/42560"}],"wp:featuredmedia":[{"embeddable":true,"href":"https:\/\/sindenfermeiro.com.br\/index.php\/wp-json\/wp\/v2\/media\/42559"}],"wp:attachment":[{"href":"https:\/\/sindenfermeiro.com.br\/index.php\/wp-json\/wp\/v2\/media?parent=42558"}],"wp:term":[{"taxonomy":"category","embeddable":true,"href":"https:\/\/sindenfermeiro.com.br\/index.php\/wp-json\/wp\/v2\/categories?post=42558"},{"taxonomy":"post_tag","embeddable":true,"href":"https:\/\/sindenfermeiro.com.br\/index.php\/wp-json\/wp\/v2\/tags?post=42558"}],"curies":[{"name":"wp","href":"https:\/\/api.w.org\/{rel}","templated":true}]}}