{"id":42468,"date":"2021-10-15T14:17:48","date_gmt":"2021-10-15T17:17:48","guid":{"rendered":"https:\/\/sindenfermeiro.com.br\/?p=42468"},"modified":"2026-05-01T05:44:22","modified_gmt":"2026-05-01T08:44:22","slug":"em-assembleia-enfermeiros-discutem-mobilizacoes-pela-reestruturacao-da-carreira-e-equiparacao-salarial","status":"publish","type":"post","link":"https:\/\/sindenfermeiro.com.br\/index.php\/2021\/10\/15\/em-assembleia-enfermeiros-discutem-mobilizacoes-pela-reestruturacao-da-carreira-e-equiparacao-salarial\/","title":{"rendered":"Em assembleia, enfermeiros discutem mobiliza\u00e7\u00f5es pela reestrutura\u00e7\u00e3o da carreira e equipara\u00e7\u00e3o salarial"},"content":{"rendered":"<p><img loading=\"lazy\" decoding=\"async\" class=\"aligncenter wp-image-42469 \" src=\"https:\/\/sindenfermeiro.com.br\/wp-content\/uploads\/2021\/10\/assembleia-14.10-reestruturacao.png-a-1024x603.jpg\" alt=\"\" width=\"655\" height=\"386\" srcset=\"https:\/\/sindenfermeiro.com.br\/wp-content\/uploads\/2021\/10\/assembleia-14.10-reestruturacao.png-a-1024x603.jpg 1024w, https:\/\/sindenfermeiro.com.br\/wp-content\/uploads\/2021\/10\/assembleia-14.10-reestruturacao.png-a-300x177.jpg 300w, https:\/\/sindenfermeiro.com.br\/wp-content\/uploads\/2021\/10\/assembleia-14.10-reestruturacao.png-a-768x452.jpg 768w, https:\/\/sindenfermeiro.com.br\/wp-content\/uploads\/2021\/10\/assembleia-14.10-reestruturacao.png-a.jpg 1517w\" sizes=\"auto, (max-width: 655px) 100vw, 655px\" \/><\/p>\n<p>Na noite de ontem (14), o SindEnfermeiro-DF realizou assembleia geral com a categoria para debater e refor\u00e7ar a import\u00e2ncia de mobiliza\u00e7\u00e3o da categoria quanto \u00e0 reestrutura\u00e7\u00e3o da carreira de enfermeiro na Secretaria de Sa\u00fade (SES-DF), assim como a equipara\u00e7\u00e3o salarial dos enfermeiros com os odont\u00f3logos.<\/p>\n<p>Cerca de 100 pessoas participaram do encontro virtual, conduzido pela presidente do SindEnfermeiro, Dayse Amar\u00edlio, o secret\u00e1rio-geral da entidade, Jorge Henrique, e a diretora Ursula Nepomoceno.<\/p>\n<p>O encontro serviu como base para as delibera\u00e7\u00f5es que ser\u00e3o de fato tomadas na pr\u00f3xima segunda-feira (18), em nova assembleia a ser realizada no mesmo hor\u00e1rio, e tamb\u00e9m por meio virtual, refor\u00e7ando pautas como a forma\u00e7\u00e3o de comiss\u00f5es para acompanhar os desdobramentos de quest\u00f5es de interesse da categoria, e a pactua\u00e7\u00e3o de mobiliza\u00e7\u00e3o pela equipara\u00e7\u00e3o salarial.<\/p>\n<p>Al\u00e9m de retificar as pautas discutidas na assembleia de ontem, o novo chamamento busca atender aos profissionais que n\u00e3o puderam acompanhar os debates por raz\u00f5es diversas, bem como aqueles que enfrentaram dificuldades de acesso ap\u00f3s a plataforma atingir a lota\u00e7\u00e3o m\u00e1xima dispon\u00edvel no momento.<\/p>\n<p><strong>Enfermeiros lutam para corrigir discrep\u00e2ncias<\/strong><\/p>\n<p>O secret\u00e1rio-geral do SindEnfermeiro, Jorge Henrique, ressaltou a for\u00e7a de mobiliza\u00e7\u00e3o dos enfermeiros pela reestrutura\u00e7\u00e3o da carreira, tendo em vista a boa ades\u00e3o \u00e0 assembleia, e lembrou que a atua\u00e7\u00e3o da enfermagem no combate ao coronav\u00edrus refor\u00e7ou ainda mais a necessidade de valoriza\u00e7\u00e3o da categoria.<\/p>\n<p>\u201cA assembleia mostrou que os enfermeiros est\u00e3o mobilizados para conquistar a reestrutura\u00e7\u00e3o da carreira e corrigir as discrep\u00e2ncias entre os profissionais de n\u00edvel superior na SES. \u00c9 uma bandeira hist\u00f3rica e uma quest\u00e3o de justi\u00e7a, pois os enfermeiros s\u00e3o essenciais para a sa\u00fade p\u00fablica do DF, e est\u00e3o desenvolvendo um papel muito importante na pandemia \u2013 inclusive liderando a campanha de vacina\u00e7\u00e3o contra o coronav\u00edrus. Valorizar a enfermagem \u00e9 tamb\u00e9m fortalecer o SUS e democratizar o acesso da popula\u00e7\u00e3o \u00e0 sa\u00fade\u201d, afirmou.<\/p>\n<p><strong>Informa\u00e7\u00f5es sobre a assembleia<\/strong><\/p>\n<p>A assembleia sobre a reestrutura\u00e7\u00e3o das carreiras da enfermagem e a equipara\u00e7\u00e3o salarial ser\u00e1 no dia 18 de outubro (segunda-feira), com in\u00edcio \u00e0s 19 horas \u2013 <a href=\"https:\/\/bit.ly\/30suYd8\">atrav\u00e9s da plataforma virtual Zoom<\/a>.<\/p>\n","protected":false},"excerpt":{"rendered":"<p>Na noite de ontem (14), o SindEnfermeiro-DF realizou assembleia geral com a categoria para debater e refor\u00e7ar a import\u00e2ncia de mobiliza\u00e7\u00e3o da categoria quanto \u00e0 reestrutura\u00e7\u00e3o da carreira de enfermeiro na Secretaria de Sa\u00fade (SES-DF), assim como a equipara\u00e7\u00e3o salarial dos enfermeiros com os odont\u00f3logos. Cerca de 100 pessoas participaram do encontro virtual, conduzido pela [&hellip;]<\/p>\n","protected":false},"author":6,"featured_media":42469,"comment_status":"open","ping_status":"open","sticky":false,"template":"","format":"standard","meta":{"footnotes":""},"categories":[6,5],"tags":[413,768],"class_list":["post-42468","post","type-post","status-publish","format-standard","has-post-thumbnail","hentry","category-noticias","category-rede-publica","tag-assembleia","tag-reestruturacao-salarial"],"_links":{"self":[{"href":"https:\/\/sindenfermeiro.com.br\/index.php\/wp-json\/wp\/v2\/posts\/42468","targetHints":{"allow":["GET"]}}],"collection":[{"href":"https:\/\/sindenfermeiro.com.br\/index.php\/wp-json\/wp\/v2\/posts"}],"about":[{"href":"https:\/\/sindenfermeiro.com.br\/index.php\/wp-json\/wp\/v2\/types\/post"}],"author":[{"embeddable":true,"href":"https:\/\/sindenfermeiro.com.br\/index.php\/wp-json\/wp\/v2\/users\/6"}],"replies":[{"embeddable":true,"href":"https:\/\/sindenfermeiro.com.br\/index.php\/wp-json\/wp\/v2\/comments?post=42468"}],"version-history":[{"count":2,"href":"https:\/\/sindenfermeiro.com.br\/index.php\/wp-json\/wp\/v2\/posts\/42468\/revisions"}],"predecessor-version":[{"id":42474,"href":"https:\/\/sindenfermeiro.com.br\/index.php\/wp-json\/wp\/v2\/posts\/42468\/revisions\/42474"}],"wp:featuredmedia":[{"embeddable":true,"href":"https:\/\/sindenfermeiro.com.br\/index.php\/wp-json\/wp\/v2\/media\/42469"}],"wp:attachment":[{"href":"https:\/\/sindenfermeiro.com.br\/index.php\/wp-json\/wp\/v2\/media?parent=42468"}],"wp:term":[{"taxonomy":"category","embeddable":true,"href":"https:\/\/sindenfermeiro.com.br\/index.php\/wp-json\/wp\/v2\/categories?post=42468"},{"taxonomy":"post_tag","embeddable":true,"href":"https:\/\/sindenfermeiro.com.br\/index.php\/wp-json\/wp\/v2\/tags?post=42468"}],"curies":[{"name":"wp","href":"https:\/\/api.w.org\/{rel}","templated":true}]}}