{"id":42025,"date":"2021-08-11T17:15:39","date_gmt":"2021-08-11T20:15:39","guid":{"rendered":"https:\/\/sindenfermeiro.com.br\/?p=42025"},"modified":"2026-04-30T09:00:52","modified_gmt":"2026-04-30T12:00:52","slug":"enfermeiros-da-rede-privada-tem-direito-a-afastamento-da-linha-de-frente-por-fatores-de-risco","status":"publish","type":"post","link":"https:\/\/sindenfermeiro.com.br\/index.php\/2021\/08\/11\/enfermeiros-da-rede-privada-tem-direito-a-afastamento-da-linha-de-frente-por-fatores-de-risco\/","title":{"rendered":"Enfermeiros da Rede Privada tem direito a afastamento da linha de frente por fatores de risco"},"content":{"rendered":"<p><img loading=\"lazy\" decoding=\"async\" class=\"aligncenter wp-image-42026 \" src=\"https:\/\/sindenfermeiro.com.br\/wp-content\/uploads\/2021\/08\/FOTO-NOTA-JURIDICO-1024x1024.jpg\" alt=\"\" width=\"525\" height=\"525\" srcset=\"https:\/\/sindenfermeiro.com.br\/wp-content\/uploads\/2021\/08\/FOTO-NOTA-JURIDICO-1024x1024.jpg 1024w, https:\/\/sindenfermeiro.com.br\/wp-content\/uploads\/2021\/08\/FOTO-NOTA-JURIDICO-300x300.jpg 300w, https:\/\/sindenfermeiro.com.br\/wp-content\/uploads\/2021\/08\/FOTO-NOTA-JURIDICO-150x150.jpg 150w, https:\/\/sindenfermeiro.com.br\/wp-content\/uploads\/2021\/08\/FOTO-NOTA-JURIDICO-768x768.jpg 768w, https:\/\/sindenfermeiro.com.br\/wp-content\/uploads\/2021\/08\/FOTO-NOTA-JURIDICO-1536x1536.jpg 1536w, https:\/\/sindenfermeiro.com.br\/wp-content\/uploads\/2021\/08\/FOTO-NOTA-JURIDICO.jpg 2000w\" sizes=\"auto, (max-width: 525px) 100vw, 525px\" \/><\/p>\n<p>Por decis\u00e3o da 8\u00aa Vara do Trabalho do Distrito Federal, os estabelecimentos de sa\u00fade da rede privada do Distrito Federal s\u00e3o obrigados a realocar os profissionais de Enfermagem com comorbidades e\/ou outros fatores de risco para o coronav\u00edrus, impedindo sua atua\u00e7\u00e3o na linha de frente como medida de resguardo para a sa\u00fade do profissional.<\/p>\n<p>A decis\u00e3o foi tomada a partir de a\u00e7\u00e3o civil p\u00fablica movida pelo Conselho Federal de Enfermagem (Cofen) no ano passado. Com isso, os estabelecimentos de sa\u00fade do Distrito Federal est\u00e3o obrigados a afastar esses trabalhadores da linha de frente e, em caso de impossibilidade de realoca\u00e7\u00e3o em outra fun\u00e7\u00e3o, o profissional deve ser dispensado de suas atividades at\u00e9 o fim da pandemia, sem qualquer preju\u00edzo em seus vencimentos.<\/p>\n<p>A institui\u00e7\u00e3o que descumprir a decis\u00e3o sofrer\u00e1 multa di\u00e1ria de R$ 1.000,00, por cada profissional mantido de maneira irregular.<\/p>\n<p><strong>Veja aqui os fatores considerados como de risco para atua\u00e7\u00e3o na linha de frente:<\/strong><\/p>\n<p>Profissionais acima de 60 anos;<\/p>\n<p>Gestantes<\/p>\n<p>Pu\u00e9rperas<\/p>\n<p>Pessoas de qualquer idade com comorbidades, como cardiopatia, diabetes mellitus, pneumopatia, doen\u00e7a neurol\u00f3gica ou renal e imunodepress\u00e3o.<\/p>\n<p>Se voc\u00ea possui alguma d\u00favida sobre o tema, ou alguma den\u00fancia de profissionais com fatores de risco atuando na linha de frente, entre em contato com o departamento jur\u00eddico do SindEnfermeiro atrav\u00e9s dos telefones (61) 3447-9697, (61) 9 9277-3825 (WhatsApp), ou pelo e-mail juridico@sindenfermeiro.com.br.<\/p>\n","protected":false},"excerpt":{"rendered":"<p>Por decis\u00e3o da 8\u00aa Vara do Trabalho do Distrito Federal, os estabelecimentos de sa\u00fade da rede privada do Distrito Federal s\u00e3o obrigados a realocar os profissionais de Enfermagem com comorbidades e\/ou outros fatores de risco para o coronav\u00edrus, impedindo sua atua\u00e7\u00e3o na linha de frente como medida de resguardo para a sa\u00fade do profissional. A [&hellip;]<\/p>\n","protected":false},"author":6,"featured_media":42026,"comment_status":"open","ping_status":"open","sticky":false,"template":"","format":"standard","meta":{"footnotes":""},"categories":[334,6,13],"tags":[61,46,56],"class_list":["post-42025","post","type-post","status-publish","format-standard","has-post-thumbnail","hentry","category-juridico","category-noticias","category-rede-privada","tag-juridico","tag-rede-privada","tag-sindicato"],"_links":{"self":[{"href":"https:\/\/sindenfermeiro.com.br\/index.php\/wp-json\/wp\/v2\/posts\/42025","targetHints":{"allow":["GET"]}}],"collection":[{"href":"https:\/\/sindenfermeiro.com.br\/index.php\/wp-json\/wp\/v2\/posts"}],"about":[{"href":"https:\/\/sindenfermeiro.com.br\/index.php\/wp-json\/wp\/v2\/types\/post"}],"author":[{"embeddable":true,"href":"https:\/\/sindenfermeiro.com.br\/index.php\/wp-json\/wp\/v2\/users\/6"}],"replies":[{"embeddable":true,"href":"https:\/\/sindenfermeiro.com.br\/index.php\/wp-json\/wp\/v2\/comments?post=42025"}],"version-history":[{"count":1,"href":"https:\/\/sindenfermeiro.com.br\/index.php\/wp-json\/wp\/v2\/posts\/42025\/revisions"}],"predecessor-version":[{"id":42027,"href":"https:\/\/sindenfermeiro.com.br\/index.php\/wp-json\/wp\/v2\/posts\/42025\/revisions\/42027"}],"wp:featuredmedia":[{"embeddable":true,"href":"https:\/\/sindenfermeiro.com.br\/index.php\/wp-json\/wp\/v2\/media\/42026"}],"wp:attachment":[{"href":"https:\/\/sindenfermeiro.com.br\/index.php\/wp-json\/wp\/v2\/media?parent=42025"}],"wp:term":[{"taxonomy":"category","embeddable":true,"href":"https:\/\/sindenfermeiro.com.br\/index.php\/wp-json\/wp\/v2\/categories?post=42025"},{"taxonomy":"post_tag","embeddable":true,"href":"https:\/\/sindenfermeiro.com.br\/index.php\/wp-json\/wp\/v2\/tags?post=42025"}],"curies":[{"name":"wp","href":"https:\/\/api.w.org\/{rel}","templated":true}]}}