{"id":41779,"date":"2021-07-02T11:52:36","date_gmt":"2021-07-02T14:52:36","guid":{"rendered":"https:\/\/sindenfermeiro.com.br\/?p=41779"},"modified":"2026-04-30T09:03:52","modified_gmt":"2026-04-30T12:03:52","slug":"enfermeiros-da-atencao-domiciliar-tem-direito-a-gratificacao-por-condicoes-especiais-de-trabalho","status":"publish","type":"post","link":"https:\/\/sindenfermeiro.com.br\/index.php\/2021\/07\/02\/enfermeiros-da-atencao-domiciliar-tem-direito-a-gratificacao-por-condicoes-especiais-de-trabalho\/","title":{"rendered":"Enfermeiros da Aten\u00e7\u00e3o Domiciliar t\u00eam direito \u00e0 Gratifica\u00e7\u00e3o por Condi\u00e7\u00f5es Especiais de Trabalho"},"content":{"rendered":"<p><img loading=\"lazy\" decoding=\"async\" class=\"aligncenter wp-image-41780 \" src=\"https:\/\/sindenfermeiro.com.br\/wp-content\/uploads\/2021\/07\/WhatsApp-Image-2021-07-02-at-11.00.35-1024x683.jpeg\" alt=\"\" width=\"648\" height=\"432\" srcset=\"https:\/\/sindenfermeiro.com.br\/wp-content\/uploads\/2021\/07\/WhatsApp-Image-2021-07-02-at-11.00.35-1024x683.jpeg 1024w, https:\/\/sindenfermeiro.com.br\/wp-content\/uploads\/2021\/07\/WhatsApp-Image-2021-07-02-at-11.00.35-300x200.jpeg 300w, https:\/\/sindenfermeiro.com.br\/wp-content\/uploads\/2021\/07\/WhatsApp-Image-2021-07-02-at-11.00.35-768x512.jpeg 768w, https:\/\/sindenfermeiro.com.br\/wp-content\/uploads\/2021\/07\/WhatsApp-Image-2021-07-02-at-11.00.35.jpeg 1280w\" sizes=\"auto, (max-width: 648px) 100vw, 648px\" \/><\/p>\n<p>O Departamento Jur\u00eddico do SindEnfermeiro-DF vem por meio desta nota comunicar aos enfermeiros que atuam na Aten\u00e7\u00e3o Domiciliar da Rede P\u00fablica de Sa\u00fade do DF sobre a import\u00e2ncia de checar seus contracheques, no sentido de verificar se o pagamento da Gratifica\u00e7\u00e3o por Condi\u00e7\u00f5es Especiais de Trabalho (GCET) est\u00e1 sendo debitada em seus vencimentos.<\/p>\n<p>De acordo com defini\u00e7\u00e3o do Tribunal de Justi\u00e7a do Distrito Federal e Territ\u00f3rios (TJDFT), mesmo que o N\u00facleo Regional de Aten\u00e7\u00e3o Domiciliar (NRAD) n\u00e3o seja representado por unidades f\u00edsicas de sa\u00fade, a atividade desempenhada pelos enfermeiros nesta condi\u00e7\u00e3o \u00e9 vinculada \u00e0 aten\u00e7\u00e3o prim\u00e1ria \u2013 o que garante aos trabalhadores o direito \u00e0 gratifica\u00e7\u00e3o.<\/p>\n<p>Se voc\u00ea atua nestas condi\u00e7\u00f5es, e n\u00e3o est\u00e1 recebendo a gratifica\u00e7\u00e3o, o Departamento Jur\u00eddico do SindEnfermeiro orienta sobre a possibilidade de ingressar com a\u00e7\u00e3o judicial para requerer o pagamento dos valores retroativos ao ingresso na Aten\u00e7\u00e3o Domiciliar.<\/p>\n<p>Para isso, \u00e9 necess\u00e1rio que o servidor formule requerimento no SEI destinado a Subsecretaria de Gest\u00e3o de Pessoal (SUGEP) solicitando a integra\u00e7\u00e3o da gratifica\u00e7\u00e3o nos seus vencimentos. Caso o pedido seja recusado, voc\u00ea pode procurar nossos advogados para formalizar a entrada do processo judicial, encaminhando os seguintes documentos ao e-mail jur\u00eddico.sedf@gmail.com:<\/p>\n<p>1) RG e comprovante de resid\u00eancia;<br \/>\n2) Processo SEI na \u00edntegra e em PDF;<br \/>\n3) Fichas financeiras desde o ingresso no setor at\u00e9 2021 (se ainda estiver lotado na Aten\u00e7\u00e3o Domiciliar);<br \/>\n4) Nomea\u00e7\u00e3o no setor (Di\u00e1rio Oficial do DF, ordem de servi\u00e7o).<\/p>\n<p>Para maiores informa\u00e7\u00f5es, voc\u00ea pode entrar em contato com o departamento jur\u00eddico do sindicato, atrav\u00e9s dos telefones (61) 3447-9697, (61) 9 9277-3825 (WhatsApp), ou pelo e-mail juridico@sindenfermeiro.com.br.<\/p>\n","protected":false},"excerpt":{"rendered":"<p>O Departamento Jur\u00eddico do SindEnfermeiro-DF vem por meio desta nota comunicar aos enfermeiros que atuam na Aten\u00e7\u00e3o Domiciliar da Rede P\u00fablica de Sa\u00fade do DF sobre a import\u00e2ncia de checar seus contracheques, no sentido de verificar se o pagamento da Gratifica\u00e7\u00e3o por Condi\u00e7\u00f5es Especiais de Trabalho (GCET) est\u00e1 sendo debitada em seus vencimentos. De acordo [&hellip;]<\/p>\n","protected":false},"author":6,"featured_media":41780,"comment_status":"open","ping_status":"open","sticky":false,"template":"","format":"standard","meta":{"footnotes":""},"categories":[334,6,5],"tags":[730,61,21],"class_list":["post-41779","post","type-post","status-publish","format-standard","has-post-thumbnail","hentry","category-juridico","category-noticias","category-rede-publica","tag-gcet","tag-juridico","tag-sindenfermeiro"],"_links":{"self":[{"href":"https:\/\/sindenfermeiro.com.br\/index.php\/wp-json\/wp\/v2\/posts\/41779","targetHints":{"allow":["GET"]}}],"collection":[{"href":"https:\/\/sindenfermeiro.com.br\/index.php\/wp-json\/wp\/v2\/posts"}],"about":[{"href":"https:\/\/sindenfermeiro.com.br\/index.php\/wp-json\/wp\/v2\/types\/post"}],"author":[{"embeddable":true,"href":"https:\/\/sindenfermeiro.com.br\/index.php\/wp-json\/wp\/v2\/users\/6"}],"replies":[{"embeddable":true,"href":"https:\/\/sindenfermeiro.com.br\/index.php\/wp-json\/wp\/v2\/comments?post=41779"}],"version-history":[{"count":1,"href":"https:\/\/sindenfermeiro.com.br\/index.php\/wp-json\/wp\/v2\/posts\/41779\/revisions"}],"predecessor-version":[{"id":41781,"href":"https:\/\/sindenfermeiro.com.br\/index.php\/wp-json\/wp\/v2\/posts\/41779\/revisions\/41781"}],"wp:featuredmedia":[{"embeddable":true,"href":"https:\/\/sindenfermeiro.com.br\/index.php\/wp-json\/wp\/v2\/media\/41780"}],"wp:attachment":[{"href":"https:\/\/sindenfermeiro.com.br\/index.php\/wp-json\/wp\/v2\/media?parent=41779"}],"wp:term":[{"taxonomy":"category","embeddable":true,"href":"https:\/\/sindenfermeiro.com.br\/index.php\/wp-json\/wp\/v2\/categories?post=41779"},{"taxonomy":"post_tag","embeddable":true,"href":"https:\/\/sindenfermeiro.com.br\/index.php\/wp-json\/wp\/v2\/tags?post=41779"}],"curies":[{"name":"wp","href":"https:\/\/api.w.org\/{rel}","templated":true}]}}