{"id":41665,"date":"2021-06-02T16:34:16","date_gmt":"2021-06-02T19:34:16","guid":{"rendered":"https:\/\/sindenfermeiro.com.br\/?p=41665"},"modified":"2026-04-26T23:15:50","modified_gmt":"2026-04-27T02:15:50","slug":"enfermeirs-incriveis-e-book-criado-a-partir-de-projeto-da-voz-aos-sentimentos-da-enfermagem-na-pandemia","status":"publish","type":"post","link":"https:\/\/sindenfermeiro.com.br\/index.php\/2021\/06\/02\/enfermeirs-incriveis-e-book-criado-a-partir-de-projeto-da-voz-aos-sentimentos-da-enfermagem-na-pandemia\/","title":{"rendered":"Enfermeir@s Incr\u00edveis: e-book criado a partir de projeto d\u00e1 voz aos sentimentos da Enfermagem na pandemia"},"content":{"rendered":"<div id=\"attachment_41667\" style=\"width: 537px\" class=\"wp-caption aligncenter\"><img loading=\"lazy\" decoding=\"async\" aria-describedby=\"caption-attachment-41667\" class=\"wp-image-41667 size-full\" src=\"https:\/\/sindenfermeiro.com.br\/wp-content\/uploads\/2021\/06\/Sem-titulo.jpg\" alt=\"\" width=\"527\" height=\"493\" srcset=\"https:\/\/sindenfermeiro.com.br\/wp-content\/uploads\/2021\/06\/Sem-titulo.jpg 527w, https:\/\/sindenfermeiro.com.br\/wp-content\/uploads\/2021\/06\/Sem-titulo-300x281.jpg 300w\" sizes=\"auto, (max-width: 527px) 100vw, 527px\" \/><p id=\"caption-attachment-41667\" class=\"wp-caption-text\">Foto: Reprodu\u00e7\u00e3o\/Sentimentos na Pandemia &#8211; Vozes da Enfermagem (capa)<\/p><\/div>\n<p>O trabalho dos profissionais de Enfermagem durante a pandemia do coronav\u00edrus tem sido fundamental para salvar a vida de milhares de pessoas diariamente. Mas toda a dedica\u00e7\u00e3o desses profissionais tem um pre\u00e7o: estar longe da fam\u00edlia, ter menos de tr\u00eas horas de sono por noite, ou \u00e0s vezes at\u00e9 mesmo a solid\u00e3o de n\u00e3o ter com quem desabafar sobre esse momento t\u00e3o complicado.<\/p>\n<p>Pensando nisso, a Mentoria Estudantil em Enfermagem da Universidade de Bras\u00edlia (UnB) promoveu a iniciativa \u201cEnfermeir@s Incr\u00edveis\u201d durante o ano de 2020, com o objetivo de contar e valorizar as hist\u00f3rias de enfermeiros que atuam na linha de frente contra o coronav\u00edrus, dando voz e vez aos seus sentimentos.<\/p>\n<p>Os relatos dos trabalhadores, juntamente com poesias, fotos e ilustra\u00e7\u00f5es produzidas por docentes e alunos da UnB, por sua vez, deram origem ao livro \u201cSentimentos na Pandemia: vozes da Enfermagem\u201d \u2013 um registro simb\u00f3lico da luta enfrentada pelos profissionais.<\/p>\n<p>De acordo com a coordenadora do projeto e professora da Faculdade de Sa\u00fade da UnB, Mariana Franzoi, \u201cn\u00e3o se trata de um livro acad\u00eamico. \u00c9 uma obra po\u00e9tica permeada de beleza, sensibilidade, afetos, sentimentos e emo\u00e7\u00f5es\u201d.<\/p>\n<p>Sobre a experi\u00eancia, uma das participantes &#8211; a estudante de Enfermagem Bianca Evellyn afirmou: \u201cAprendi a valorizar os pequenos detalhes. A compreender um pouquinho sobre o que \u00e9 cuidar do outro. A aproveitar mais o tempo com a fam\u00edlia. Gostaria que todo mundo pudesse sentir o que eu senti\u201d.<\/p>\n<p><strong>Enfermagem retratada atrav\u00e9s da arte<\/strong><\/p>\n<p>O livro \u00e9 o resultado de quase um ano de trabalho, onde os estudantes foram a campo buscar os relatos de enfermeiras e enfermeiros na linha de frente \u2013 e transformaram o material coletado em ilustra\u00e7\u00f5es, poesias, fotografias e textos divididos em cinco tem\u00e1ticas: &#8220;sobre cuidado&#8221;, &#8220;sobre lutas e lutos&#8221;, &#8220;sobre esperan\u00e7a&#8221;, &#8220;sobre vida&#8221; e &#8220;al\u00e9m das palavras&#8221;.<\/p>\n<p>Lan\u00e7ado no \u00faltimo dia 20 de maio como encerramento das atividades da Semana de Enfermagem da FS, o livro est\u00e1 dispon\u00edvel gratuitamente <a href=\"https:\/\/mentoriaenfunb.com.br\/blog\/53\">aqui<\/a>. Tamb\u00e9m \u00e9 poss\u00edvel solicitar a compra da vers\u00e3o f\u00edsica, a pre\u00e7o de custo, atrav\u00e9s do e-mail mentoriaenfunb@gmail.com.<\/p>\n<p>E para conhecer mais sobre a iniciativa \u201cEnfermeir@s Incr\u00edveis\u201d, voc\u00ea pode ler a <a href=\"https:\/\/sindenfermeiro.com.br\/index.php\/2020\/09\/10\/enfermeirs-incriveis-estudantes-de-enfermagem-da-unb-contam-as-historias-de-quem-esta-na-linha-de-frente-contra-a-covid-19\/?fbclid=IwAR11NGlneyKJeSgr8MKf8T3mlvOCNXwBmL8x_cP-QK4nFpc_ydYLIk1wNgM\">mat\u00e9ria que o SindEnfermeiro produziu com as idealizadoras do projeto, em setembro do ano passado<\/a>, ou acessar o site da Mentoria <a href=\"https:\/\/mentoriaenfunb.com.br\/\">aqui<\/a>.<\/p>\n<p>Com informa\u00e7\u00f5es da <a href=\"https:\/\/noticias.unb.br\/125-saude\/4988-vozes-de-esperanca-cuidado-e-dor\">Secom-UnB<\/a>.<\/p>\n","protected":false},"excerpt":{"rendered":"<p>O trabalho dos profissionais de Enfermagem durante a pandemia do coronav\u00edrus tem sido fundamental para salvar a vida de milhares de pessoas diariamente. Mas toda a dedica\u00e7\u00e3o desses profissionais tem um pre\u00e7o: estar longe da fam\u00edlia, ter menos de tr\u00eas horas de sono por noite, ou \u00e0s vezes at\u00e9 mesmo a solid\u00e3o de n\u00e3o ter [&hellip;]<\/p>\n","protected":false},"author":6,"featured_media":41667,"comment_status":"open","ping_status":"open","sticky":false,"template":"","format":"standard","meta":{"footnotes":""},"categories":[6,5],"tags":[717,283,317,603],"class_list":["post-41665","post","type-post","status-publish","format-standard","has-post-thumbnail","hentry","category-noticias","category-rede-publica","tag-enfermeiras-incriveis","tag-estudantes","tag-livro","tag-unb"],"_links":{"self":[{"href":"https:\/\/sindenfermeiro.com.br\/index.php\/wp-json\/wp\/v2\/posts\/41665","targetHints":{"allow":["GET"]}}],"collection":[{"href":"https:\/\/sindenfermeiro.com.br\/index.php\/wp-json\/wp\/v2\/posts"}],"about":[{"href":"https:\/\/sindenfermeiro.com.br\/index.php\/wp-json\/wp\/v2\/types\/post"}],"author":[{"embeddable":true,"href":"https:\/\/sindenfermeiro.com.br\/index.php\/wp-json\/wp\/v2\/users\/6"}],"replies":[{"embeddable":true,"href":"https:\/\/sindenfermeiro.com.br\/index.php\/wp-json\/wp\/v2\/comments?post=41665"}],"version-history":[{"count":1,"href":"https:\/\/sindenfermeiro.com.br\/index.php\/wp-json\/wp\/v2\/posts\/41665\/revisions"}],"predecessor-version":[{"id":41668,"href":"https:\/\/sindenfermeiro.com.br\/index.php\/wp-json\/wp\/v2\/posts\/41665\/revisions\/41668"}],"wp:featuredmedia":[{"embeddable":true,"href":"https:\/\/sindenfermeiro.com.br\/index.php\/wp-json\/wp\/v2\/media\/41667"}],"wp:attachment":[{"href":"https:\/\/sindenfermeiro.com.br\/index.php\/wp-json\/wp\/v2\/media?parent=41665"}],"wp:term":[{"taxonomy":"category","embeddable":true,"href":"https:\/\/sindenfermeiro.com.br\/index.php\/wp-json\/wp\/v2\/categories?post=41665"},{"taxonomy":"post_tag","embeddable":true,"href":"https:\/\/sindenfermeiro.com.br\/index.php\/wp-json\/wp\/v2\/tags?post=41665"}],"curies":[{"name":"wp","href":"https:\/\/api.w.org\/{rel}","templated":true}]}}