{"id":41659,"date":"2021-06-01T16:48:43","date_gmt":"2021-06-01T19:48:43","guid":{"rendered":"https:\/\/sindenfermeiro.com.br\/?p=41659"},"modified":"2026-04-26T18:57:11","modified_gmt":"2026-04-26T21:57:11","slug":"calendario-de-mobilizacoes","status":"publish","type":"post","link":"https:\/\/sindenfermeiro.com.br\/index.php\/2021\/06\/01\/calendario-de-mobilizacoes\/","title":{"rendered":"Calend\u00e1rio de mobiliza\u00e7\u00f5es"},"content":{"rendered":"<p><img loading=\"lazy\" decoding=\"async\" class=\"size-medium wp-image-41660 aligncenter\" src=\"https:\/\/sindenfermeiro.com.br\/wp-content\/uploads\/2021\/06\/Calendario-de-Mobilizacoes-Imagem-300x188.jpg\" alt=\"\" width=\"300\" height=\"188\" srcset=\"https:\/\/sindenfermeiro.com.br\/wp-content\/uploads\/2021\/06\/Calendario-de-Mobilizacoes-Imagem-300x188.jpg 300w, https:\/\/sindenfermeiro.com.br\/wp-content\/uploads\/2021\/06\/Calendario-de-Mobilizacoes-Imagem-1024x643.jpg 1024w, https:\/\/sindenfermeiro.com.br\/wp-content\/uploads\/2021\/06\/Calendario-de-Mobilizacoes-Imagem-768x482.jpg 768w, https:\/\/sindenfermeiro.com.br\/wp-content\/uploads\/2021\/06\/Calendario-de-Mobilizacoes-Imagem-1536x965.jpg 1536w, https:\/\/sindenfermeiro.com.br\/wp-content\/uploads\/2021\/06\/Calendario-de-Mobilizacoes-Imagem.jpg 2000w\" sizes=\"auto, (max-width: 300px) 100vw, 300px\" \/><\/p>\n<p>O SindEnfermeiro-DF far\u00e1 uma s\u00e9rie atividades nesse m\u00eas! Fique atento ao cronograma<\/p>\n<p><a href=\"https:\/\/bit.ly\/3uGIzH8\">07\/06 &#8211; Assembleia <\/a><br \/>\nPautas: Estado de Greve e Mobiliza\u00e7\u00f5es<\/p>\n<p><a href=\"https:\/\/bit.ly\/3wKIgN1\">08\/06 &#8211; Lan\u00e7amento do Manifesto pela Unidade das Entidades de Classe da Enfermagem na Luta pela a Aprova\u00e7\u00e3o do Piso Salarial<\/a><\/p>\n<p>14\/06 &#8211; Dia Nacional de Lutas<\/p>\n<p>Enfermeiro, \u00e9 muito importante que voc\u00ea fique atento as redes sociais do SindEnfermeiro. Todo o cronograma e a\u00e7\u00f5es ser\u00e3o divulgadas em nossas redes sociais.<\/p>\n","protected":false},"excerpt":{"rendered":"<p>O SindEnfermeiro-DF far\u00e1 uma s\u00e9rie atividades nesse m\u00eas! Fique atento ao cronograma 07\/06 &#8211; Assembleia Pautas: Estado de Greve e Mobiliza\u00e7\u00f5es 08\/06 &#8211; Lan\u00e7amento do Manifesto pela Unidade das Entidades de Classe da Enfermagem na Luta pela a Aprova\u00e7\u00e3o do Piso Salarial 14\/06 &#8211; Dia Nacional de Lutas Enfermeiro, \u00e9 muito importante que voc\u00ea fique [&hellip;]<\/p>\n","protected":false},"author":6,"featured_media":41660,"comment_status":"open","ping_status":"open","sticky":false,"template":"","format":"standard","meta":{"footnotes":""},"categories":[6,13,5],"tags":[222,7,715,716,21],"class_list":["post-41659","post","type-post","status-publish","format-standard","has-post-thumbnail","hentry","category-noticias","category-rede-privada","category-rede-publica","tag-dayse-amarilio","tag-enfermagem","tag-mobilizacoes","tag-pl2564","tag-sindenfermeiro"],"_links":{"self":[{"href":"https:\/\/sindenfermeiro.com.br\/index.php\/wp-json\/wp\/v2\/posts\/41659","targetHints":{"allow":["GET"]}}],"collection":[{"href":"https:\/\/sindenfermeiro.com.br\/index.php\/wp-json\/wp\/v2\/posts"}],"about":[{"href":"https:\/\/sindenfermeiro.com.br\/index.php\/wp-json\/wp\/v2\/types\/post"}],"author":[{"embeddable":true,"href":"https:\/\/sindenfermeiro.com.br\/index.php\/wp-json\/wp\/v2\/users\/6"}],"replies":[{"embeddable":true,"href":"https:\/\/sindenfermeiro.com.br\/index.php\/wp-json\/wp\/v2\/comments?post=41659"}],"version-history":[{"count":1,"href":"https:\/\/sindenfermeiro.com.br\/index.php\/wp-json\/wp\/v2\/posts\/41659\/revisions"}],"predecessor-version":[{"id":41661,"href":"https:\/\/sindenfermeiro.com.br\/index.php\/wp-json\/wp\/v2\/posts\/41659\/revisions\/41661"}],"wp:featuredmedia":[{"embeddable":true,"href":"https:\/\/sindenfermeiro.com.br\/index.php\/wp-json\/wp\/v2\/media\/41660"}],"wp:attachment":[{"href":"https:\/\/sindenfermeiro.com.br\/index.php\/wp-json\/wp\/v2\/media?parent=41659"}],"wp:term":[{"taxonomy":"category","embeddable":true,"href":"https:\/\/sindenfermeiro.com.br\/index.php\/wp-json\/wp\/v2\/categories?post=41659"},{"taxonomy":"post_tag","embeddable":true,"href":"https:\/\/sindenfermeiro.com.br\/index.php\/wp-json\/wp\/v2\/tags?post=41659"}],"curies":[{"name":"wp","href":"https:\/\/api.w.org\/{rel}","templated":true}]}}