{"id":41624,"date":"2021-05-19T14:32:05","date_gmt":"2021-05-19T17:32:05","guid":{"rendered":"https:\/\/sindenfermeiro.com.br\/?p=41624"},"modified":"2026-04-26T18:48:50","modified_gmt":"2026-04-26T21:48:50","slug":"com-medo-da-instalacao-da-cpi-da-pandemia-distritais-governistas-esvaziam-sessao","status":"publish","type":"post","link":"https:\/\/sindenfermeiro.com.br\/index.php\/2021\/05\/19\/com-medo-da-instalacao-da-cpi-da-pandemia-distritais-governistas-esvaziam-sessao\/","title":{"rendered":"Com medo da instala\u00e7\u00e3o da CPI da Pandemia, distritais governistas esvaziam sess\u00e3o"},"content":{"rendered":"<p><img loading=\"lazy\" decoding=\"async\" class=\"size-medium wp-image-41625 aligncenter\" src=\"https:\/\/sindenfermeiro.com.br\/wp-content\/uploads\/2021\/05\/cldf-300x167.jpg\" alt=\"\" width=\"300\" height=\"167\" srcset=\"https:\/\/sindenfermeiro.com.br\/wp-content\/uploads\/2021\/05\/cldf-300x167.jpg 300w, https:\/\/sindenfermeiro.com.br\/wp-content\/uploads\/2021\/05\/cldf-768x427.jpg 768w, https:\/\/sindenfermeiro.com.br\/wp-content\/uploads\/2021\/05\/cldf.jpg 1000w\" sizes=\"auto, (max-width: 300px) 100vw, 300px\" \/><\/p>\n<p style=\"text-align: center\"><span style=\"font-size: 8pt\">Foto: CLDF\/Reprodu\u00e7\u00e3o<\/span><\/p>\n<p style=\"text-align: justify\">Quem tem medo da CPI que investigar\u00e1 os gastos do Executivo durante a pandemia de covid no DF? Parece que os deputados distritais governistas t\u00eam! A sess\u00e3o plen\u00e1ria da C\u00e2mara Legislativa do DF (CLDF) da \u00faltima ter\u00e7a-feira (18) foi encerrada sem que houvesse a vota\u00e7\u00e3o da cria\u00e7\u00e3o da Comiss\u00e3o Parlamentar de Inqu\u00e9rito (CPI) para investigar a atua\u00e7\u00e3o do Governo do DF durante a pandemia de covid-19.<\/p>\n<p style=\"text-align: justify\">A sess\u00e3o iniciou com 17 deputados que votaram e aprovaram tr\u00eas projetos, no entanto, quando o debate sobre a cria\u00e7\u00e3o da CPI se iniciou, apenas 10 distritais permaneceram \u2013 a quantidade m\u00ednima para delibera\u00e7\u00e3o era de 13 parlamentares.<\/p>\n<p style=\"text-align: justify\"><strong>Manobra pol\u00edtica<\/strong><\/p>\n<p style=\"text-align: justify\">Antes de encerrar a sess\u00e3o, o presidente da Casa, Rafael Prudente (MDB), reconheceu que houve uma &#8220;manobra&#8221;. &#8220;Toda manobra aqui \u00e9 leg\u00edtima. Seja por for\u00e7a da base, seja por for\u00e7a da oposi\u00e7\u00e3o. Estou aqui garantindo o regimento&#8221;, disse Rafael Prudente.<\/p>\n<p style=\"text-align: justify\"><strong>CLDF \u00e9 um puxadinho do Buriti?<\/strong><\/p>\n<p style=\"text-align: justify\">\u201cInfelizmente a CLDF continua sendo um \u2018puxadinho\u2019 do Buriti. Parece que o mandato da maioria dos parlamentares \u00e9 apenas para a defesa dos seus pr\u00f3prios interesses. \u00c9 direito da popula\u00e7\u00e3o do DF saber para onde foram os recursos da sa\u00fade\u201d, destaca a presidente do SindEnfermeiro-DF, Dayse Amar\u00edlio.<\/p>\n<p style=\"text-align: justify\">De acordo com Dayse, a instaura\u00e7\u00e3o da CPI da Pandemia \u00e9 necess\u00e1ria ainda mais num cen\u00e1rio em que existe ind\u00edcios de desvio de recursos p\u00fablicos. \u201cHouveram pris\u00f5es, o Tribunal de Contas do DF sinalizou irregularidades com a distribui\u00e7\u00e3o dos recursos. \u00c9 dever da C\u00e2mara investigar. Infelizmente a Casa est\u00e1 fugindo do seu dever, que \u00e9 investigar esses ind\u00edcios\u201d, completa Dayse.<\/p>\n<p style=\"text-align: justify\"><strong>\u00a0<\/strong><\/p>\n<p style=\"text-align: justify\"><strong>Quem estava na sess\u00e3o da CLDF?<\/strong><\/p>\n<p style=\"text-align: justify\"><em>Deputados que ficaram para votar cria\u00e7\u00e3o da CPI da Covid-19 na CLDF:<\/em><\/p>\n<p style=\"text-align: justify\">Leandro Grass (Rede)<\/p>\n<p style=\"text-align: justify\">Rafael Prudente (MDB)<\/p>\n<p style=\"text-align: justify\">Chico Vigilante (PT)<\/p>\n<p style=\"text-align: justify\">Arlete Sampaio (PT)<\/p>\n<p style=\"text-align: justify\">Reginaldo Veras (PDT)<\/p>\n<p style=\"text-align: justify\">Jo\u00e3o Cardoso (Avante)<\/p>\n<p style=\"text-align: justify\">F\u00e1bio Felix (Psol)<\/p>\n<p style=\"text-align: justify\">Fernando Fernandes (Pros)<\/p>\n<p style=\"text-align: justify\">Julia Lucy (Novo)<\/p>\n<p style=\"text-align: justify\">Roosevelt Vilela (PSB)<\/p>\n<p style=\"text-align: justify\"><em>Deputados que sa\u00edram antes de votar sobre cria\u00e7\u00e3o da CPI da Covid na CLDF:<\/em><\/p>\n<p style=\"text-align: justify\">Daniel Donizet (PSL)<\/p>\n<p style=\"text-align: justify\">Cl\u00e1udio Abrantes (PDT)<\/p>\n<p style=\"text-align: justify\">Hermeto (PHS)<\/p>\n<p style=\"text-align: justify\">Iolando (PSC)<\/p>\n<p style=\"text-align: justify\">Martins Machado (PRB)<\/p>\n<p style=\"text-align: justify\">Reginaldo Sardinha (Avante)<\/p>\n<p style=\"text-align: justify\">Valdelino Barcelos (PP)<\/p>\n<p style=\"text-align: justify\"><em>Deputados que n\u00e3o apareceram na sess\u00e3o:<\/em><\/p>\n<p style=\"text-align: justify\">Agaciel Maia (PL)<\/p>\n<p style=\"text-align: justify\">Delmasso (Republicanos)<\/p>\n<p style=\"text-align: justify\">Jorge Vianna (Podemos)<\/p>\n<p style=\"text-align: justify\">Rob\u00e9rio Negreiros (PSD)<\/p>\n<p style=\"text-align: justify\">Jaqueline Silva (PTB)<\/p>\n<p style=\"text-align: justify\"><em>Com informa\u00e7\u00f5es do Portal G1-DF.<\/em><\/p>\n","protected":false},"excerpt":{"rendered":"<p>Foto: CLDF\/Reprodu\u00e7\u00e3o Quem tem medo da CPI que investigar\u00e1 os gastos do Executivo durante a pandemia de covid no DF? Parece que os deputados distritais governistas t\u00eam! A sess\u00e3o plen\u00e1ria da C\u00e2mara Legislativa do DF (CLDF) da \u00faltima ter\u00e7a-feira (18) foi encerrada sem que houvesse a vota\u00e7\u00e3o da cria\u00e7\u00e3o da Comiss\u00e3o Parlamentar de Inqu\u00e9rito (CPI) [&hellip;]<\/p>\n","protected":false},"author":6,"featured_media":41625,"comment_status":"open","ping_status":"open","sticky":false,"template":"","format":"standard","meta":{"footnotes":""},"categories":[6,13,5],"tags":[34,604,7],"class_list":["post-41624","post","type-post","status-publish","format-standard","has-post-thumbnail","hentry","category-noticias","category-rede-privada","category-rede-publica","tag-cldf","tag-cpi-da-pandemia","tag-enfermagem"],"_links":{"self":[{"href":"https:\/\/sindenfermeiro.com.br\/index.php\/wp-json\/wp\/v2\/posts\/41624","targetHints":{"allow":["GET"]}}],"collection":[{"href":"https:\/\/sindenfermeiro.com.br\/index.php\/wp-json\/wp\/v2\/posts"}],"about":[{"href":"https:\/\/sindenfermeiro.com.br\/index.php\/wp-json\/wp\/v2\/types\/post"}],"author":[{"embeddable":true,"href":"https:\/\/sindenfermeiro.com.br\/index.php\/wp-json\/wp\/v2\/users\/6"}],"replies":[{"embeddable":true,"href":"https:\/\/sindenfermeiro.com.br\/index.php\/wp-json\/wp\/v2\/comments?post=41624"}],"version-history":[{"count":6,"href":"https:\/\/sindenfermeiro.com.br\/index.php\/wp-json\/wp\/v2\/posts\/41624\/revisions"}],"predecessor-version":[{"id":41631,"href":"https:\/\/sindenfermeiro.com.br\/index.php\/wp-json\/wp\/v2\/posts\/41624\/revisions\/41631"}],"wp:featuredmedia":[{"embeddable":true,"href":"https:\/\/sindenfermeiro.com.br\/index.php\/wp-json\/wp\/v2\/media\/41625"}],"wp:attachment":[{"href":"https:\/\/sindenfermeiro.com.br\/index.php\/wp-json\/wp\/v2\/media?parent=41624"}],"wp:term":[{"taxonomy":"category","embeddable":true,"href":"https:\/\/sindenfermeiro.com.br\/index.php\/wp-json\/wp\/v2\/categories?post=41624"},{"taxonomy":"post_tag","embeddable":true,"href":"https:\/\/sindenfermeiro.com.br\/index.php\/wp-json\/wp\/v2\/tags?post=41624"}],"curies":[{"name":"wp","href":"https:\/\/api.w.org\/{rel}","templated":true}]}}