{"id":41620,"date":"2021-05-13T15:02:46","date_gmt":"2021-05-13T18:02:46","guid":{"rendered":"https:\/\/sindenfermeiro.com.br\/?p=41620"},"modified":"2026-04-26T18:52:52","modified_gmt":"2026-04-26T21:52:52","slug":"sindenfermeiro-participa-de-lancamento-da-frente-parlamentar-contra-a-reforma-administrativa-na-cldf","status":"publish","type":"post","link":"https:\/\/sindenfermeiro.com.br\/index.php\/2021\/05\/13\/sindenfermeiro-participa-de-lancamento-da-frente-parlamentar-contra-a-reforma-administrativa-na-cldf\/","title":{"rendered":"SindEnfermeiro participa de lan\u00e7amento da Frente Parlamentar contra a Reforma Administrativa na CLDF"},"content":{"rendered":"<div id=\"attachment_41622\" style=\"width: 821px\" class=\"wp-caption aligncenter\"><img loading=\"lazy\" decoding=\"async\" aria-describedby=\"caption-attachment-41622\" class=\"wp-image-41622\" src=\"https:\/\/sindenfermeiro.com.br\/wp-content\/uploads\/2021\/05\/aaaas-1024x576.jpg\" alt=\"\" width=\"811\" height=\"456\" srcset=\"https:\/\/sindenfermeiro.com.br\/wp-content\/uploads\/2021\/05\/aaaas-1024x576.jpg 1024w, https:\/\/sindenfermeiro.com.br\/wp-content\/uploads\/2021\/05\/aaaas-300x169.jpg 300w, https:\/\/sindenfermeiro.com.br\/wp-content\/uploads\/2021\/05\/aaaas-768x432.jpg 768w, https:\/\/sindenfermeiro.com.br\/wp-content\/uploads\/2021\/05\/aaaas-1536x864.jpg 1536w, https:\/\/sindenfermeiro.com.br\/wp-content\/uploads\/2021\/05\/aaaas.jpg 1920w\" sizes=\"auto, (max-width: 811px) 100vw, 811px\" \/><p id=\"caption-attachment-41622\" class=\"wp-caption-text\">Foto: Reprodu\u00e7\u00e3o\/TV Web CLDF<\/p><\/div>\n<p>Na manh\u00e3 de hoje (13), o secret\u00e1rio-geral do SindEnfermeiro-DF, Jorge Henrique, participou do lan\u00e7amento da Frente Parlamentar contra a Reforma Administrativa na C\u00e2mara Legislativa do DF, em audi\u00eancia para debater com parlamentares e lideran\u00e7as trabalhistas os malef\u00edcios da PEC 32 \u2013 proposta que tem o objetivo de reformular toda a estrutura do funcionalismo p\u00fablico.<\/p>\n<p>A frente foi uma iniciativa do deputado distrital F\u00e1bio Felix (PSOL) e conta com o apoio de outros distritais, como Arlete Sampaio (PT), e dos deputados federais Erika Kokay (PT-DF) e Israel Batista (PV-DF). Na audi\u00eancia, foram debatidas as consequ\u00eancias da proposta para a continuidade da presta\u00e7\u00e3o dos servi\u00e7os p\u00fablicos, e o impacto nas diferentes \u00e1reas de interesse da sociedade.<\/p>\n<p>Em sua fala durante a audi\u00eancia de lan\u00e7amento, Jorge ressaltou o impacto da PEC 32 especialmente na \u00e1rea da Sa\u00fade, e lembrou a import\u00e2ncia dos trabalhos realizados pela A\u00e7\u00e3o Conjunta Covid-19 durante o \u00faltimo ano, citando o exemplo do IGES e o direcionamento dado pela SES \u00e0 iniciativa privada durante o mandato do ex-secret\u00e1rio de Sa\u00fade Francisco Ara\u00fajo, r\u00e9u com outras 14 pessoas por organiza\u00e7\u00e3o criminosa, fraude \u00e0 licita\u00e7\u00e3o, fraude na entrega de uma mercadoria por outra (marca diversa) e peculato.<\/p>\n<p>\u201cNo ano passado, n\u00f3s tivemos [no DF] um pre\u00e2mbulo do que pode significar a Reforma Administrativa atrav\u00e9s das fiscaliza\u00e7\u00f5es que realizamos nas unidades de sa\u00fade. Com as fiscaliza\u00e7\u00f5es, a gente conseguiu desnudar todo o processo de corrup\u00e7\u00e3o que acontece no Estado por via das terceiriza\u00e7\u00f5es. Quando o ex-presidente do IGES foi para a SES, estabeleceu como prioridade a\u00e7\u00f5es que pudessem favorecer o setor privado e terceirizado da sa\u00fade\u201d, afirmou.<\/p>\n<p>Por fim, emendou afirmando que a pris\u00e3o da alta c\u00fapula da SES no ano passado \u00e9 \u201cnada mais, nada menos do que o resultado deste processo\u201d.<\/p>\n<p><strong>Entenda o PEC 32\/2020<\/strong><\/p>\n<p>A Reforma Administrativa do governo Bolsonaro prev\u00ea a reorganiza\u00e7\u00e3o de toda a estrutura do funcionalismo p\u00fablico, mas exclui justamente as classes de servidores que s\u00e3o respons\u00e1veis pelos maiores gastos da Uni\u00e3o \u2013 como membros dos Tr\u00eas Poderes, parlamentares, militares, magistrados e membros do Minist\u00e9rio P\u00fablico, e que possuem benef\u00edcios bem acima da realidade de grande parte dos brasileiros.<\/p>\n<p><strong>Alguns dos principais pontos da proposta s\u00e3o:<\/strong><\/p>\n<p>\u2022 Mais poderes ao presidente para extinguir ou readequar cargos, gratifica\u00e7\u00f5es, fun\u00e7\u00f5es e \u00f3rg\u00e3os, transformar cargos vagos e reorganizar autarquias e funda\u00e7\u00f5es \u2013 o que pode acabar com mecanismos como o SUS.<\/p>\n<p>\u2022 Cargos estrat\u00e9gicos nos n\u00edveis mais altos da adm. p\u00fablica, como secret\u00e1rios e assessores poder\u00e3o ser nomeados livremente pelo governo.<\/p>\n<p>\u2022 Para os chamados cargos de lideran\u00e7a e assessoramento, n\u00e3o haver\u00e1 necessidade de concurso \u2013 fator que pode levar ao enfraquecimento do funcionalismo e favorecer pr\u00e1ticas como o apadrinhamento e nepotismo.<\/p>\n<p>\u2022 Fim da estabilidade e possibilidade de exonera\u00e7\u00e3o por \u201cdesempenho insuficiente\u201d. O precedente \u00e9 perigoso e pode levar a situa\u00e7\u00f5es como persegui\u00e7\u00e3o pol\u00edtico-ideol\u00f3gica a servidores que tenham opini\u00f5es contr\u00e1rias ao governo.<\/p>\n<p>\u2022 Fim da licen\u00e7a-pr\u00eamio, adicionais por tempo de servi\u00e7o e aumentos retroativos.<\/p>\n","protected":false},"excerpt":{"rendered":"<p>Na manh\u00e3 de hoje (13), o secret\u00e1rio-geral do SindEnfermeiro-DF, Jorge Henrique, participou do lan\u00e7amento da Frente Parlamentar contra a Reforma Administrativa na C\u00e2mara Legislativa do DF, em audi\u00eancia para debater com parlamentares e lideran\u00e7as trabalhistas os malef\u00edcios da PEC 32 \u2013 proposta que tem o objetivo de reformular toda a estrutura do funcionalismo p\u00fablico. A [&hellip;]<\/p>\n","protected":false},"author":6,"featured_media":41622,"comment_status":"open","ping_status":"open","sticky":false,"template":"","format":"standard","meta":{"footnotes":""},"categories":[6,13,5],"tags":[7,713,310,712,352,21],"class_list":["post-41620","post","type-post","status-publish","format-standard","has-post-thumbnail","hentry","category-noticias","category-rede-privada","category-rede-publica","tag-enfermagem","tag-frente-parlamentar","tag-iges","tag-pec-32","tag-reforma-administrativa","tag-sindenfermeiro"],"_links":{"self":[{"href":"https:\/\/sindenfermeiro.com.br\/index.php\/wp-json\/wp\/v2\/posts\/41620","targetHints":{"allow":["GET"]}}],"collection":[{"href":"https:\/\/sindenfermeiro.com.br\/index.php\/wp-json\/wp\/v2\/posts"}],"about":[{"href":"https:\/\/sindenfermeiro.com.br\/index.php\/wp-json\/wp\/v2\/types\/post"}],"author":[{"embeddable":true,"href":"https:\/\/sindenfermeiro.com.br\/index.php\/wp-json\/wp\/v2\/users\/6"}],"replies":[{"embeddable":true,"href":"https:\/\/sindenfermeiro.com.br\/index.php\/wp-json\/wp\/v2\/comments?post=41620"}],"version-history":[{"count":1,"href":"https:\/\/sindenfermeiro.com.br\/index.php\/wp-json\/wp\/v2\/posts\/41620\/revisions"}],"predecessor-version":[{"id":41623,"href":"https:\/\/sindenfermeiro.com.br\/index.php\/wp-json\/wp\/v2\/posts\/41620\/revisions\/41623"}],"wp:featuredmedia":[{"embeddable":true,"href":"https:\/\/sindenfermeiro.com.br\/index.php\/wp-json\/wp\/v2\/media\/41622"}],"wp:attachment":[{"href":"https:\/\/sindenfermeiro.com.br\/index.php\/wp-json\/wp\/v2\/media?parent=41620"}],"wp:term":[{"taxonomy":"category","embeddable":true,"href":"https:\/\/sindenfermeiro.com.br\/index.php\/wp-json\/wp\/v2\/categories?post=41620"},{"taxonomy":"post_tag","embeddable":true,"href":"https:\/\/sindenfermeiro.com.br\/index.php\/wp-json\/wp\/v2\/tags?post=41620"}],"curies":[{"name":"wp","href":"https:\/\/api.w.org\/{rel}","templated":true}]}}