{"id":41616,"date":"2021-05-07T10:37:38","date_gmt":"2021-05-07T13:37:38","guid":{"rendered":"https:\/\/sindenfermeiro.com.br\/?p=41616"},"modified":"2026-04-26T18:54:34","modified_gmt":"2026-04-26T21:54:34","slug":"nota-de-apoio-as-enfermeiras-e-enfermeiros-que-estao-atuando-na-vacinacao-contra-a-covid-19","status":"publish","type":"post","link":"https:\/\/sindenfermeiro.com.br\/index.php\/2021\/05\/07\/nota-de-apoio-as-enfermeiras-e-enfermeiros-que-estao-atuando-na-vacinacao-contra-a-covid-19\/","title":{"rendered":"Nota de Apoio \u00e0s Enfermeiras e Enfermeiros que est\u00e3o atuando na vacina\u00e7\u00e3o contra a covid-19"},"content":{"rendered":"<p>O Sindicato dos Enfermeiros do Distrito Federal (SindEnfermeiro-DF) vem demonstrar seu apoio \u00e0s enfermeiras, enfermeiros e demais profissionais da enfermagem que est\u00e3o atuando na vacina\u00e7\u00e3o da popula\u00e7\u00e3o contra a covid-19 e t\u00eam sido constantemente hostilizados e amea\u00e7ados por pessoas que n\u00e3o entendem a import\u00e2ncia da enfermagem.<\/p>\n<p>O SindEnfermeiro tem recebido diversas den\u00fancias de que esses trabalhadores s\u00e3o coagidos, constrangidos e maltratados nos postos de vacina\u00e7\u00e3o de todo o DF. A m\u00e1 conduta de alguns poucos profissionais n\u00e3o justifica o desrespeito aos bons profissionais que est\u00e3o comprometidos com a sa\u00fade e com o Sistema \u00danico de Sa\u00fade.<\/p>\n<p>\u00c0 popula\u00e7\u00e3o, pedimos que respeitem os hor\u00e1rios de vacina\u00e7\u00e3o marcado no agendamento e que levem a documenta\u00e7\u00e3o necess\u00e1ria para que n\u00e3o ocorram atrasos na hora da imuniza\u00e7\u00e3o. A enfermagem tem compromisso com a sa\u00fade, mas somos seres humanos, n\u00e3o m\u00e1quinas!<\/p>\n<p>\u00c0 Secretaria de Sa\u00fade, pedimos que melhore o site, preste informa\u00e7\u00f5es de forma mais espec\u00edfica para evitar ru\u00eddos de comunica\u00e7\u00e3o, isso evitar\u00e1 que os profissionais da enfermagem se desgastem com um problema que n\u00e3o foi causado por eles.<\/p>\n<p>Aos profissionais da enfermagem, deixamos aqui o nosso muito obrigado e apoio. O sindicato tem recebido e apurado todas as den\u00fancias para que as medidas legais sejam tomadas.<\/p>\n<p>Por fim, ressaltamos a import\u00e2ncia das enfermeiras e enfermeiros no combate \u00e0 covid-19. #LuteComoUmaEnfermeira<\/p>\n<p>&nbsp;<\/p>\n<p>Confira o recado da diretora do SindEnfermeiro, Ursula Nepomoceno:<\/p>\n<div style=\"width: 854px;\" class=\"wp-video\"><video class=\"wp-video-shortcode\" id=\"video-41616-1\" width=\"854\" height=\"480\" preload=\"metadata\" controls=\"controls\"><source type=\"video\/mp4\" src=\"https:\/\/sindenfermeiro.com.br\/wp-content\/uploads\/2021\/05\/WhatsApp-Video-2021-05-07-at-09.04.26.mp4?_=1\" \/><a href=\"https:\/\/sindenfermeiro.com.br\/wp-content\/uploads\/2021\/05\/WhatsApp-Video-2021-05-07-at-09.04.26.mp4\">https:\/\/sindenfermeiro.com.br\/wp-content\/uploads\/2021\/05\/WhatsApp-Video-2021-05-07-at-09.04.26.mp4<\/a><\/video><\/div>\n","protected":false},"excerpt":{"rendered":"<p>O Sindicato dos Enfermeiros do Distrito Federal (SindEnfermeiro-DF) vem demonstrar seu apoio \u00e0s enfermeiras, enfermeiros e demais profissionais da enfermagem que est\u00e3o atuando na vacina\u00e7\u00e3o da popula\u00e7\u00e3o contra a covid-19 e t\u00eam sido constantemente hostilizados e amea\u00e7ados por pessoas que n\u00e3o entendem a import\u00e2ncia da enfermagem. O SindEnfermeiro tem recebido diversas den\u00fancias de que esses [&hellip;]<\/p>\n","protected":false},"author":6,"featured_media":41618,"comment_status":"open","ping_status":"open","sticky":false,"template":"","format":"standard","meta":{"footnotes":""},"categories":[6,13,5],"tags":[454,84,7,21,711,471],"class_list":["post-41616","post","type-post","status-publish","format-standard","has-post-thumbnail","hentry","category-noticias","category-rede-privada","category-rede-publica","tag-covid-19","tag-df","tag-enfermagem","tag-sindenfermeiro","tag-vacina-e-vida","tag-vacinacao"],"_links":{"self":[{"href":"https:\/\/sindenfermeiro.com.br\/index.php\/wp-json\/wp\/v2\/posts\/41616","targetHints":{"allow":["GET"]}}],"collection":[{"href":"https:\/\/sindenfermeiro.com.br\/index.php\/wp-json\/wp\/v2\/posts"}],"about":[{"href":"https:\/\/sindenfermeiro.com.br\/index.php\/wp-json\/wp\/v2\/types\/post"}],"author":[{"embeddable":true,"href":"https:\/\/sindenfermeiro.com.br\/index.php\/wp-json\/wp\/v2\/users\/6"}],"replies":[{"embeddable":true,"href":"https:\/\/sindenfermeiro.com.br\/index.php\/wp-json\/wp\/v2\/comments?post=41616"}],"version-history":[{"count":1,"href":"https:\/\/sindenfermeiro.com.br\/index.php\/wp-json\/wp\/v2\/posts\/41616\/revisions"}],"predecessor-version":[{"id":41619,"href":"https:\/\/sindenfermeiro.com.br\/index.php\/wp-json\/wp\/v2\/posts\/41616\/revisions\/41619"}],"wp:featuredmedia":[{"embeddable":true,"href":"https:\/\/sindenfermeiro.com.br\/index.php\/wp-json\/wp\/v2\/media\/41618"}],"wp:attachment":[{"href":"https:\/\/sindenfermeiro.com.br\/index.php\/wp-json\/wp\/v2\/media?parent=41616"}],"wp:term":[{"taxonomy":"category","embeddable":true,"href":"https:\/\/sindenfermeiro.com.br\/index.php\/wp-json\/wp\/v2\/categories?post=41616"},{"taxonomy":"post_tag","embeddable":true,"href":"https:\/\/sindenfermeiro.com.br\/index.php\/wp-json\/wp\/v2\/tags?post=41616"}],"curies":[{"name":"wp","href":"https:\/\/api.w.org\/{rel}","templated":true}]}}