{"id":41607,"date":"2021-05-03T17:18:14","date_gmt":"2021-05-03T20:18:14","guid":{"rendered":"https:\/\/sindenfermeiro.com.br\/?p=41607"},"modified":"2026-04-26T18:51:50","modified_gmt":"2026-04-26T21:51:50","slug":"sorteio-a-saude-mental-da-enfermagem-importa","status":"publish","type":"post","link":"https:\/\/sindenfermeiro.com.br\/index.php\/2021\/05\/03\/sorteio-a-saude-mental-da-enfermagem-importa\/","title":{"rendered":"[SORTEIO] A sa\u00fade mental da Enfermagem importa!"},"content":{"rendered":"<p><img loading=\"lazy\" decoding=\"async\" class=\"aligncenter wp-image-41608 \" src=\"https:\/\/sindenfermeiro.com.br\/wp-content\/uploads\/2021\/05\/WhatsApp-Image-2021-05-03-at-17.07.55-1024x1024.jpeg\" alt=\"\" width=\"605\" height=\"605\" srcset=\"https:\/\/sindenfermeiro.com.br\/wp-content\/uploads\/2021\/05\/WhatsApp-Image-2021-05-03-at-17.07.55-1024x1024.jpeg 1024w, https:\/\/sindenfermeiro.com.br\/wp-content\/uploads\/2021\/05\/WhatsApp-Image-2021-05-03-at-17.07.55-300x300.jpeg 300w, https:\/\/sindenfermeiro.com.br\/wp-content\/uploads\/2021\/05\/WhatsApp-Image-2021-05-03-at-17.07.55-150x150.jpeg 150w, https:\/\/sindenfermeiro.com.br\/wp-content\/uploads\/2021\/05\/WhatsApp-Image-2021-05-03-at-17.07.55-768x768.jpeg 768w, https:\/\/sindenfermeiro.com.br\/wp-content\/uploads\/2021\/05\/WhatsApp-Image-2021-05-03-at-17.07.55.jpeg 1280w\" sizes=\"auto, (max-width: 605px) 100vw, 605px\" \/><\/p>\n<p>A Enfermagem est\u00e1 lutando diariamente contra um inimigo invis\u00edvel, mas letal \u2013 o coronav\u00edrus. Mas at\u00e9 mesmo aqueles que s\u00e3o chamados de \u201cher\u00f3is\u201d podem adoecer, inclusive por causa de outro inimigo silencioso: a depress\u00e3o.<\/p>\n<p>E para n\u00f3s do SindEnfermeiro, ser muito mais que um sindicato \u00e9 acolher e cuidar de quem cuida da sa\u00fade da popula\u00e7\u00e3o. Por isso, em parceria com a Cl\u00ednica TOPMED, Zilmara Alencar Consultoria, Instituto Conecta, Sindilegis, Sindjus-DF e Legisclub, estamos oferecendo 37 vagas com quatro sess\u00f5es para acompanhamento psicol\u00f3gico gratuito!<\/p>\n<p>Veja mais informa\u00e7\u00f5es sobre o sorteio, e fa\u00e7a a sua inscri\u00e7\u00e3o <a href=\"https:\/\/forms.gle\/i6jyzvd584xJksY27\">AQUI<\/a><\/p>\n<p><strong>ATEN\u00c7\u00c3O: Este sorteio \u00e9 somente para filiados ao SindEnfermeiro. Datas e prazos ser\u00e3o divulgados em breve. Fique atento!<\/strong><\/p>\n","protected":false},"excerpt":{"rendered":"<p>A Enfermagem est\u00e1 lutando diariamente contra um inimigo invis\u00edvel, mas letal \u2013 o coronav\u00edrus. Mas at\u00e9 mesmo aqueles que s\u00e3o chamados de \u201cher\u00f3is\u201d podem adoecer, inclusive por causa de outro inimigo silencioso: a depress\u00e3o. E para n\u00f3s do SindEnfermeiro, ser muito mais que um sindicato \u00e9 acolher e cuidar de quem cuida da sa\u00fade da [&hellip;]<\/p>\n","protected":false},"author":6,"featured_media":41608,"comment_status":"open","ping_status":"open","sticky":false,"template":"","format":"standard","meta":{"footnotes":""},"categories":[6,13,5],"tags":[7,706,489,21,592],"class_list":["post-41607","post","type-post","status-publish","format-standard","has-post-thumbnail","hentry","category-noticias","category-rede-privada","category-rede-publica","tag-enfermagem","tag-promocao","tag-saude-mental","tag-sindenfermeiro","tag-sorteio"],"_links":{"self":[{"href":"https:\/\/sindenfermeiro.com.br\/index.php\/wp-json\/wp\/v2\/posts\/41607","targetHints":{"allow":["GET"]}}],"collection":[{"href":"https:\/\/sindenfermeiro.com.br\/index.php\/wp-json\/wp\/v2\/posts"}],"about":[{"href":"https:\/\/sindenfermeiro.com.br\/index.php\/wp-json\/wp\/v2\/types\/post"}],"author":[{"embeddable":true,"href":"https:\/\/sindenfermeiro.com.br\/index.php\/wp-json\/wp\/v2\/users\/6"}],"replies":[{"embeddable":true,"href":"https:\/\/sindenfermeiro.com.br\/index.php\/wp-json\/wp\/v2\/comments?post=41607"}],"version-history":[{"count":1,"href":"https:\/\/sindenfermeiro.com.br\/index.php\/wp-json\/wp\/v2\/posts\/41607\/revisions"}],"predecessor-version":[{"id":41609,"href":"https:\/\/sindenfermeiro.com.br\/index.php\/wp-json\/wp\/v2\/posts\/41607\/revisions\/41609"}],"wp:featuredmedia":[{"embeddable":true,"href":"https:\/\/sindenfermeiro.com.br\/index.php\/wp-json\/wp\/v2\/media\/41608"}],"wp:attachment":[{"href":"https:\/\/sindenfermeiro.com.br\/index.php\/wp-json\/wp\/v2\/media?parent=41607"}],"wp:term":[{"taxonomy":"category","embeddable":true,"href":"https:\/\/sindenfermeiro.com.br\/index.php\/wp-json\/wp\/v2\/categories?post=41607"},{"taxonomy":"post_tag","embeddable":true,"href":"https:\/\/sindenfermeiro.com.br\/index.php\/wp-json\/wp\/v2\/tags?post=41607"}],"curies":[{"name":"wp","href":"https:\/\/api.w.org\/{rel}","templated":true}]}}