{"id":41543,"date":"2021-04-30T17:11:29","date_gmt":"2021-04-30T20:11:29","guid":{"rendered":"https:\/\/sindenfermeiro.com.br\/?p=41543"},"modified":"2026-04-26T23:14:11","modified_gmt":"2026-04-27T02:14:11","slug":"os-inimigos-da-enfermagem-mostram-novamente-suas-garras","status":"publish","type":"post","link":"https:\/\/sindenfermeiro.com.br\/index.php\/2021\/04\/30\/os-inimigos-da-enfermagem-mostram-novamente-suas-garras\/","title":{"rendered":"Os inimigos da Enfermagem mostram novamente suas garras!"},"content":{"rendered":"<p><img loading=\"lazy\" decoding=\"async\" class=\"wp-image-41545  aligncenter\" src=\"https:\/\/sindenfermeiro.com.br\/wp-content\/uploads\/2021\/04\/WhatsApp-Image-2021-04-30-at-16.56.43-1024x1024.jpeg\" alt=\"\" width=\"756\" height=\"756\" srcset=\"https:\/\/sindenfermeiro.com.br\/wp-content\/uploads\/2021\/04\/WhatsApp-Image-2021-04-30-at-16.56.43-1024x1024.jpeg 1024w, https:\/\/sindenfermeiro.com.br\/wp-content\/uploads\/2021\/04\/WhatsApp-Image-2021-04-30-at-16.56.43-300x300.jpeg 300w, https:\/\/sindenfermeiro.com.br\/wp-content\/uploads\/2021\/04\/WhatsApp-Image-2021-04-30-at-16.56.43-150x150.jpeg 150w, https:\/\/sindenfermeiro.com.br\/wp-content\/uploads\/2021\/04\/WhatsApp-Image-2021-04-30-at-16.56.43-768x768.jpeg 768w, https:\/\/sindenfermeiro.com.br\/wp-content\/uploads\/2021\/04\/WhatsApp-Image-2021-04-30-at-16.56.43.jpeg 1280w\" sizes=\"auto, (max-width: 756px) 100vw, 756px\" \/>A Confedera\u00e7\u00e3o Nacional dos Munic\u00edpios, entidade que h\u00e1 mais de 20 anos atua no Congresso Nacional fazendo lobby contra as pautas da Enfermagem, agora elegeu mais um inimigo: o PL 2564\/2020!<\/p>\n<p>O of\u00edcio enviado ao Senado chama de \u201cbomba fiscal\u201d um direito que \u00e9 garantido a todas as categorias da sa\u00fade no Brasil, mas continua sendo negado a uma das categorias que tem trabalhado mais ativamente no combate \u00e0 pandemia do coronav\u00edrus \u2013 e que tem arriscado suas vidas como poucos para garantir o direito universal \u00e0 assist\u00eancia de todos os cidad\u00e3os brasileiros.<\/p>\n<p>Voc\u00ea pode ler a \u00edntegra do of\u00edcio <a href=\"https:\/\/sindenfermeiro.com.br\/wp-content\/uploads\/2021\/04\/OF_C-29_2021_Senadores_Piso-Efermagem.pdf\">AQUI.<\/a><\/p>\n","protected":false},"excerpt":{"rendered":"<p>A Confedera\u00e7\u00e3o Nacional dos Munic\u00edpios, entidade que h\u00e1 mais de 20 anos atua no Congresso Nacional fazendo lobby contra as pautas da Enfermagem, agora elegeu mais um inimigo: o PL 2564\/2020! O of\u00edcio enviado ao Senado chama de \u201cbomba fiscal\u201d um direito que \u00e9 garantido a todas as categorias da sa\u00fade no Brasil, mas continua [&hellip;]<\/p>\n","protected":false},"author":6,"featured_media":41545,"comment_status":"open","ping_status":"open","sticky":false,"template":"","format":"standard","meta":{"footnotes":""},"categories":[6,5],"tags":[703,528,116],"class_list":["post-41543","post","type-post","status-publish","format-standard","has-post-thumbnail","hentry","category-noticias","category-rede-publica","tag-lobby","tag-pl-2564","tag-senado"],"_links":{"self":[{"href":"https:\/\/sindenfermeiro.com.br\/index.php\/wp-json\/wp\/v2\/posts\/41543","targetHints":{"allow":["GET"]}}],"collection":[{"href":"https:\/\/sindenfermeiro.com.br\/index.php\/wp-json\/wp\/v2\/posts"}],"about":[{"href":"https:\/\/sindenfermeiro.com.br\/index.php\/wp-json\/wp\/v2\/types\/post"}],"author":[{"embeddable":true,"href":"https:\/\/sindenfermeiro.com.br\/index.php\/wp-json\/wp\/v2\/users\/6"}],"replies":[{"embeddable":true,"href":"https:\/\/sindenfermeiro.com.br\/index.php\/wp-json\/wp\/v2\/comments?post=41543"}],"version-history":[{"count":1,"href":"https:\/\/sindenfermeiro.com.br\/index.php\/wp-json\/wp\/v2\/posts\/41543\/revisions"}],"predecessor-version":[{"id":41546,"href":"https:\/\/sindenfermeiro.com.br\/index.php\/wp-json\/wp\/v2\/posts\/41543\/revisions\/41546"}],"wp:featuredmedia":[{"embeddable":true,"href":"https:\/\/sindenfermeiro.com.br\/index.php\/wp-json\/wp\/v2\/media\/41545"}],"wp:attachment":[{"href":"https:\/\/sindenfermeiro.com.br\/index.php\/wp-json\/wp\/v2\/media?parent=41543"}],"wp:term":[{"taxonomy":"category","embeddable":true,"href":"https:\/\/sindenfermeiro.com.br\/index.php\/wp-json\/wp\/v2\/categories?post=41543"},{"taxonomy":"post_tag","embeddable":true,"href":"https:\/\/sindenfermeiro.com.br\/index.php\/wp-json\/wp\/v2\/tags?post=41543"}],"curies":[{"name":"wp","href":"https:\/\/api.w.org\/{rel}","templated":true}]}}