{"id":41531,"date":"2021-04-29T16:41:46","date_gmt":"2021-04-29T19:41:46","guid":{"rendered":"https:\/\/sindenfermeiro.com.br\/?p=41531"},"modified":"2026-04-26T18:54:34","modified_gmt":"2026-04-26T21:54:34","slug":"em-relatorio-senadora-zenaide-maia-emite-parecer-favoravel-ao-pl-2564-20","status":"publish","type":"post","link":"https:\/\/sindenfermeiro.com.br\/index.php\/2021\/04\/29\/em-relatorio-senadora-zenaide-maia-emite-parecer-favoravel-ao-pl-2564-20\/","title":{"rendered":"Em relat\u00f3rio, senadora Zenaide Maia emite parecer favor\u00e1vel ao PL 2564\/20"},"content":{"rendered":"<div id=\"attachment_41532\" style=\"width: 577px\" class=\"wp-caption aligncenter\"><img loading=\"lazy\" decoding=\"async\" aria-describedby=\"caption-attachment-41532\" class=\"wp-image-41532 \" src=\"https:\/\/sindenfermeiro.com.br\/wp-content\/uploads\/2021\/04\/RN-Zenaide-Maia-Ag.-Camara-1024x683.jpg\" alt=\"\" width=\"567\" height=\"378\" srcset=\"https:\/\/sindenfermeiro.com.br\/wp-content\/uploads\/2021\/04\/RN-Zenaide-Maia-Ag.-Camara-1024x683.jpg 1024w, https:\/\/sindenfermeiro.com.br\/wp-content\/uploads\/2021\/04\/RN-Zenaide-Maia-Ag.-Camara-300x200.jpg 300w, https:\/\/sindenfermeiro.com.br\/wp-content\/uploads\/2021\/04\/RN-Zenaide-Maia-Ag.-Camara-768x512.jpg 768w, https:\/\/sindenfermeiro.com.br\/wp-content\/uploads\/2021\/04\/RN-Zenaide-Maia-Ag.-Camara-1536x1025.jpg 1536w, https:\/\/sindenfermeiro.com.br\/wp-content\/uploads\/2021\/04\/RN-Zenaide-Maia-Ag.-Camara.jpg 1800w\" sizes=\"auto, (max-width: 567px) 100vw, 567px\" \/><p id=\"caption-attachment-41532\" class=\"wp-caption-text\">Foto: reprodu\u00e7\u00e3o\/Congresso em Foco\/Ag\u00eancia Senado<\/p><\/div>\n<p>Na tarde de hoje (29), o Projeto de Lei 2564\/2020, que estabelece o piso salarial e a jornada de 30 horas semanais para a Enfermagem, recebeu parecer favor\u00e1vel por parte da senadora Zenaide Maia (PROS-RN).<\/p>\n<p>O documento apresenta as justificativas da parlamentar para o apoio ao PL \u2013 que encontra eco em grande parte dos senadores, mas tem esbarrado no lobby das entidades que representam o setor de sa\u00fade suplementar.<\/p>\n<p>Entre os trechos de destaque do documento, est\u00e1 o respaldo para o piso previsto no artigo 7\u00ba da Constitui\u00e7\u00e3o Federal \u2013 que deve ser \u201cproporcional \u00e0 extens\u00e3o e complexidade do trabalho\u201d.<\/p>\n<p>Outros argumentos apresentados pela senadora falam sobre a necessidade de valoriza\u00e7\u00e3o dos profissionais, que sofrem com a \u201cfalta de remunera\u00e7\u00e3o digna\u201d, e o fato de que \u201cnada justifica a alta defasagem [&#8230;] entre enfermeiros e m\u00e9dicos (sic): ambos possuem forma\u00e7\u00e3o de n\u00edvel superior\u201d.<\/p>\n<p>O relat\u00f3rio destaca ainda que \u201cn\u00e3o \u00e9 razo\u00e1vel exigir que, justamente aqueles que trabalham nas piores condi\u00e7\u00f5es recebam os piores sal\u00e1rios ou remunera\u00e7\u00f5es\u201d, e aponta que a valoriza\u00e7\u00e3o dos profissionais de Enfermagem \u201ctrar\u00e1 uma melhoria na qualidade do atendimento e haver\u00e1 um est\u00edmulo \u00e0 interioriza\u00e7\u00e3o dos mais competentes\u201d.<\/p>\n<p>A presidente do SindEnfermeiro, Dayse Amar\u00edlio, reiterou a import\u00e2ncia de tais posicionamentos por parte dos senadores, e a aprova\u00e7\u00e3o do PL como forma de reconhecer o importante papel desempenhado pela Enfermagem no contexto da assist\u00eancia \u2013 sobretudo durante a pandemia do coronav\u00edrus.<\/p>\n<p>\u201cN\u00f3s n\u00e3o somos her\u00f3is, e precisamos de muito mais que palmas. N\u00f3s merecemos dignidade e valoriza\u00e7\u00e3o, desejo que \u00e9 expresso atrav\u00e9s desse projeto (o PL 2564). E a sociedade precisa entender tamb\u00e9m a import\u00e2ncia do PL, inclusive para o SUS. O nosso apelo agora \u00e9: cuidem de n\u00f3s. Cuidamos de voc\u00eas nas UTIs e nas unidades de sa\u00fade, mas agora quem precisa de cuidado somos n\u00f3s\u201d, afirmou.<\/p>\n<p>Com informa\u00e7\u00f5es do <a href=\"http:\/\/www.cofen.gov.br\/senadora-zenaide-maia-emite-parecer-favoravel-ao-pl-do-piso_86651.html\">Cofen<\/a><\/p>\n","protected":false},"excerpt":{"rendered":"<p>Na tarde de hoje (29), o Projeto de Lei 2564\/2020, que estabelece o piso salarial e a jornada de 30 horas semanais para a Enfermagem, recebeu parecer favor\u00e1vel por parte da senadora Zenaide Maia (PROS-RN). O documento apresenta as justificativas da parlamentar para o apoio ao PL \u2013 que encontra eco em grande parte dos [&hellip;]<\/p>\n","protected":false},"author":6,"featured_media":41532,"comment_status":"open","ping_status":"open","sticky":false,"template":"","format":"standard","meta":{"footnotes":""},"categories":[6,13,5],"tags":[228,7,53,528,570],"class_list":["post-41531","post","type-post","status-publish","format-standard","has-post-thumbnail","hentry","category-noticias","category-rede-privada","category-rede-publica","tag-30-horas","tag-enfermagem","tag-piso-salarial","tag-pl-2564","tag-senado-federal"],"_links":{"self":[{"href":"https:\/\/sindenfermeiro.com.br\/index.php\/wp-json\/wp\/v2\/posts\/41531","targetHints":{"allow":["GET"]}}],"collection":[{"href":"https:\/\/sindenfermeiro.com.br\/index.php\/wp-json\/wp\/v2\/posts"}],"about":[{"href":"https:\/\/sindenfermeiro.com.br\/index.php\/wp-json\/wp\/v2\/types\/post"}],"author":[{"embeddable":true,"href":"https:\/\/sindenfermeiro.com.br\/index.php\/wp-json\/wp\/v2\/users\/6"}],"replies":[{"embeddable":true,"href":"https:\/\/sindenfermeiro.com.br\/index.php\/wp-json\/wp\/v2\/comments?post=41531"}],"version-history":[{"count":1,"href":"https:\/\/sindenfermeiro.com.br\/index.php\/wp-json\/wp\/v2\/posts\/41531\/revisions"}],"predecessor-version":[{"id":41533,"href":"https:\/\/sindenfermeiro.com.br\/index.php\/wp-json\/wp\/v2\/posts\/41531\/revisions\/41533"}],"wp:featuredmedia":[{"embeddable":true,"href":"https:\/\/sindenfermeiro.com.br\/index.php\/wp-json\/wp\/v2\/media\/41532"}],"wp:attachment":[{"href":"https:\/\/sindenfermeiro.com.br\/index.php\/wp-json\/wp\/v2\/media?parent=41531"}],"wp:term":[{"taxonomy":"category","embeddable":true,"href":"https:\/\/sindenfermeiro.com.br\/index.php\/wp-json\/wp\/v2\/categories?post=41531"},{"taxonomy":"post_tag","embeddable":true,"href":"https:\/\/sindenfermeiro.com.br\/index.php\/wp-json\/wp\/v2\/tags?post=41531"}],"curies":[{"name":"wp","href":"https:\/\/api.w.org\/{rel}","templated":true}]}}