{"id":41470,"date":"2021-04-27T15:49:27","date_gmt":"2021-04-27T18:49:27","guid":{"rendered":"https:\/\/sindenfermeiro.com.br\/?p=41470"},"modified":"2026-04-26T18:50:33","modified_gmt":"2026-04-26T21:50:33","slug":"sindenfermeiro-reune-enfermeiros-do-icdf-em-assembleia-virtual-para-discutir-clausulas-sociais","status":"publish","type":"post","link":"https:\/\/sindenfermeiro.com.br\/index.php\/2021\/04\/27\/sindenfermeiro-reune-enfermeiros-do-icdf-em-assembleia-virtual-para-discutir-clausulas-sociais\/","title":{"rendered":"SindEnfermeiro re\u00fane enfermeiros do ICDF em assembleia virtual para discutir cl\u00e1usulas sociais"},"content":{"rendered":"<p><img loading=\"lazy\" decoding=\"async\" class=\"aligncenter wp-image-41471 size-full\" src=\"https:\/\/sindenfermeiro.com.br\/wp-content\/uploads\/2021\/04\/unnamed.jpg\" alt=\"\" width=\"512\" height=\"268\" srcset=\"https:\/\/sindenfermeiro.com.br\/wp-content\/uploads\/2021\/04\/unnamed.jpg 512w, https:\/\/sindenfermeiro.com.br\/wp-content\/uploads\/2021\/04\/unnamed-300x157.jpg 300w\" sizes=\"auto, (max-width: 512px) 100vw, 512px\" \/><\/p>\n<p style=\"text-align: center\"><span style=\"font-size: 10pt\">Foto: reprodu\u00e7\u00e3o da internet\/Google imagens<\/span><\/p>\n<p>O Sindicato dos Enfermeiros do Distrito Federal (SindEnfermeiro-DF) realizou ontem (26) Assembleia virtual com os enfermeiros do Instituto de Cardiologia do Distrito Federal (ICDF), para discutir junto \u00e0 categoria a cria\u00e7\u00e3o de poss\u00edveis cl\u00e1usulas sociais para cumprimento por parte do instituto, como compensa\u00e7\u00e3o aos quatro meses de sal\u00e1rios atrasados \u2013 entre setembro de 2020 e janeiro de 2021.<\/p>\n<p>A presidente do SindEnfermeiro, Dayse Amar\u00edlio, o secret\u00e1rio-geral Jorge Henrique, e a advogada do sindicato, Jacqueline Sousa, participaram do encontro com os enfermeiros.<\/p>\n<p>Na assembleia, os enfermeiros puderam expor suas reivindica\u00e7\u00f5es junto ao sindicato, elencando quest\u00f5es que, de acordo com a categoria, deveriam ser analisadas pelo instituto como forma de mitigar os transtornos causados nos \u00faltimos meses de 2020.<\/p>\n<p><strong>Cl\u00e1usulas sociais<\/strong><\/p>\n<p>Algumas das pautas pleiteadas pelos enfermeiros dizem respeito ao retorno do plano de sa\u00fade, que foi suspenso, ou o fornecimento de exames laboratoriais; a oferta de cursos gratuitos ou com descontos nas \u00e1reas de Suporte Avan\u00e7ado de Vida em Cardiologia (ACLS) e Suporte Avan\u00e7ado de Vida Pedi\u00e1trica (PALS) \u2013 j\u00e1 oferecidos pelo ICDF, por\u00e9m com alto custo.<\/p>\n<p>Outras quest\u00f5es relacionadas ao trabalho foram levantadas, como a melhora nas condi\u00e7\u00f5es das \u00e1reas de repouso, aumento do prazo para homologa\u00e7\u00e3o de atestados m\u00e9dicos, aumento das trocas de plant\u00e3o mensais para quatro, fornecimento de lanches para quem trabalha em regime de doze horas e o gozo das f\u00e9rias ap\u00f3s o per\u00edodo aquisitivo de doze meses.<\/p>\n<p><strong>Repara\u00e7\u00e3o<\/strong><\/p>\n<p>Para a presidente do SindEnfermeiro, Dayse Amar\u00edlio, &#8220;\u00e9 muito importante a gente discutir as cl\u00e1usulas sociais nesse momento em que a categoria passa por um momento de fragilidade&#8221;. Ela afirma, ainda, que o sindicato vai lutar at\u00e9 o fim pelo acordo, colocando sempre em primeiro plano a ordem de prioridades da categoria.<\/p>\n<p>&#8220;Os enfermeiros do ICDF podem contar com a gente. N\u00f3s lutamos juntos por esses direitos, e, apesar da compensa\u00e7\u00e3o n\u00e3o ter vindo em forma de pec\u00fania, a inclus\u00e3o das cl\u00e1usulas sociais pode trazer v\u00e1rios benef\u00edcios para o dia a dia dos trabalhadores&#8221;, completou.<\/p>\n<p>O secret\u00e1rio-geral do SindEnfermeiro, Jorge Henrique, afirma que as negocia\u00e7\u00f5es junto \u00e0 categoria tem papel fundamental nesse momento, j\u00e1 que foi atrav\u00e9s do trabalho do sindicato e a mobiliza\u00e7\u00e3o dos profissionais que a possibilidade real de conseguir melhorias nas condi\u00e7\u00f5es gerais de trabalho foi conquistada.<\/p>\n<p>\u201cA a\u00e7\u00e3o do sindicato foi importante para que tiv\u00e9ssemos uma negocia\u00e7\u00e3o com o ICDF para reparar os danos causados pelos atrasos salariais. Mas o resultado s\u00f3 foi poss\u00edvel gra\u00e7as \u00e0 mobiliza\u00e7\u00e3o da categoria desde o primeiro momento\u201d, afirmou.<\/p>\n<p>Al\u00e9m disso, segundo Jorge, a negocia\u00e7\u00e3o traz seguran\u00e7a jur\u00eddica aos trabalhadores, j\u00e1 que \u201cestabelece uma condi\u00e7\u00e3o para que novos atrasos salariais n\u00e3o aconte\u00e7am\u201d.<\/p>\n","protected":false},"excerpt":{"rendered":"<p>Foto: reprodu\u00e7\u00e3o da internet\/Google imagens O Sindicato dos Enfermeiros do Distrito Federal (SindEnfermeiro-DF) realizou ontem (26) Assembleia virtual com os enfermeiros do Instituto de Cardiologia do Distrito Federal (ICDF), para discutir junto \u00e0 categoria a cria\u00e7\u00e3o de poss\u00edveis cl\u00e1usulas sociais para cumprimento por parte do instituto, como compensa\u00e7\u00e3o aos quatro meses de sal\u00e1rios atrasados \u2013 [&hellip;]<\/p>\n","protected":false},"author":6,"featured_media":41471,"comment_status":"open","ping_status":"open","sticky":false,"template":"","format":"standard","meta":{"footnotes":""},"categories":[6,13,5],"tags":[413,702,594,56],"class_list":["post-41470","post","type-post","status-publish","format-standard","has-post-thumbnail","hentry","category-noticias","category-rede-privada","category-rede-publica","tag-assembleia","tag-clausulas-sociais","tag-icdf","tag-sindicato"],"_links":{"self":[{"href":"https:\/\/sindenfermeiro.com.br\/index.php\/wp-json\/wp\/v2\/posts\/41470","targetHints":{"allow":["GET"]}}],"collection":[{"href":"https:\/\/sindenfermeiro.com.br\/index.php\/wp-json\/wp\/v2\/posts"}],"about":[{"href":"https:\/\/sindenfermeiro.com.br\/index.php\/wp-json\/wp\/v2\/types\/post"}],"author":[{"embeddable":true,"href":"https:\/\/sindenfermeiro.com.br\/index.php\/wp-json\/wp\/v2\/users\/6"}],"replies":[{"embeddable":true,"href":"https:\/\/sindenfermeiro.com.br\/index.php\/wp-json\/wp\/v2\/comments?post=41470"}],"version-history":[{"count":5,"href":"https:\/\/sindenfermeiro.com.br\/index.php\/wp-json\/wp\/v2\/posts\/41470\/revisions"}],"predecessor-version":[{"id":41523,"href":"https:\/\/sindenfermeiro.com.br\/index.php\/wp-json\/wp\/v2\/posts\/41470\/revisions\/41523"}],"wp:featuredmedia":[{"embeddable":true,"href":"https:\/\/sindenfermeiro.com.br\/index.php\/wp-json\/wp\/v2\/media\/41471"}],"wp:attachment":[{"href":"https:\/\/sindenfermeiro.com.br\/index.php\/wp-json\/wp\/v2\/media?parent=41470"}],"wp:term":[{"taxonomy":"category","embeddable":true,"href":"https:\/\/sindenfermeiro.com.br\/index.php\/wp-json\/wp\/v2\/categories?post=41470"},{"taxonomy":"post_tag","embeddable":true,"href":"https:\/\/sindenfermeiro.com.br\/index.php\/wp-json\/wp\/v2\/tags?post=41470"}],"curies":[{"name":"wp","href":"https:\/\/api.w.org\/{rel}","templated":true}]}}