{"id":41465,"date":"2021-04-22T17:26:18","date_gmt":"2021-04-22T20:26:18","guid":{"rendered":"https:\/\/sindenfermeiro.com.br\/?p=41465"},"modified":"2026-04-26T18:49:52","modified_gmt":"2026-04-26T21:49:52","slug":"sindenfermeiro-vai-ao-mpt-para-discutir-convencao-coletiva-da-rede-privada-em-mediacao","status":"publish","type":"post","link":"https:\/\/sindenfermeiro.com.br\/index.php\/2021\/04\/22\/sindenfermeiro-vai-ao-mpt-para-discutir-convencao-coletiva-da-rede-privada-em-mediacao\/","title":{"rendered":"SindEnfermeiro vai ao MPT para discutir conven\u00e7\u00e3o coletiva da rede privada em media\u00e7\u00e3o"},"content":{"rendered":"<p><img loading=\"lazy\" decoding=\"async\" class=\"aligncenter wp-image-41466 \" src=\"https:\/\/sindenfermeiro.com.br\/wp-content\/uploads\/2021\/04\/WhatsApp-Image-2021-04-22-at-16.23.41.jpeg\" alt=\"\" width=\"704\" height=\"528\" srcset=\"https:\/\/sindenfermeiro.com.br\/wp-content\/uploads\/2021\/04\/WhatsApp-Image-2021-04-22-at-16.23.41.jpeg 900w, https:\/\/sindenfermeiro.com.br\/wp-content\/uploads\/2021\/04\/WhatsApp-Image-2021-04-22-at-16.23.41-300x225.jpeg 300w, https:\/\/sindenfermeiro.com.br\/wp-content\/uploads\/2021\/04\/WhatsApp-Image-2021-04-22-at-16.23.41-768x576.jpeg 768w\" sizes=\"auto, (max-width: 704px) 100vw, 704px\" \/><\/p>\n<p style=\"text-align: center\">Foto: reprodu\u00e7\u00e3o da internet\/Google imagens<\/p>\n<p>O Sindicato dos Enfermeiros do Distrito Federal (SindEnfermeiro-DF) esteve hoje (22) no Minist\u00e9rio P\u00fablico do Trabalho do DF (MPT-DF) para participar da primeira audi\u00eancia de media\u00e7\u00e3o por meio virtual com representantes do Sindicato Brasiliense dos Hospitais, Casas de Sa\u00fade e Cl\u00ednicas do DF (SBH) \u2013 entidade patronal que representa os estabelecimentos de sa\u00fade privadas do DF.<\/p>\n<p>Representando o SindEnfermeiro, estiveram presentes o secret\u00e1rio-geral, Jorge Henrique, e as advogadas do sindicato Andressa Lago e Jacqueline Sousa, al\u00e9m de representantes da SBH.<\/p>\n<p>Com a audi\u00eancia, o sindicato p\u00f4de retificar \u00e0 entidade patronal as reivindica\u00e7\u00f5es propostas pelos enfermeiros nas \u00faltimas assembleias realizadas, desde a pauta da quest\u00e3o salarial at\u00e9 \u00e0s cl\u00e1usulas sociais a serem inclu\u00eddas na Conven\u00e7\u00e3o Coletiva de Trabalho (CCT) da categoria, suspenso desde o fim do ano passado.<\/p>\n<p><strong>Enfermagem reivindica maior valoriza\u00e7\u00e3o<\/strong><\/p>\n<p>Durante a media\u00e7\u00e3o, os representantes do SindEnfermeiro reafirmaram a import\u00e2ncia da inclus\u00e3o de cl\u00e1usulas sociais na CCT dos trabalhadores como forma de valorizar a Enfermagem, j\u00e1 que a categoria assumiu papel indispens\u00e1vel no combate \u00e0 pandemia do coronav\u00edrus \u2013 e com isso, esteve mais suscet\u00edvel aos problemas laborais como estresse, depress\u00e3o e ansiedade, al\u00e9m do risco de contamina\u00e7\u00e3o constante.<\/p>\n<p>O secret\u00e1rio-geral Jorge Henrique afirmou, ainda, que \u201ca categoria no momento se encontra descontente com a falta de uma conven\u00e7\u00e3o coletiva e com a desvaloriza\u00e7\u00e3o profissional, o que n\u00e3o coincide com a crescente necessidade de oferta dos servi\u00e7os de sa\u00fade e o consequente crescimento do setor\u201d.<\/p>\n<p><strong>Reajustes n\u00e3o proporcionam ganho real<\/strong><\/p>\n<p>Outro ponto abordado na media\u00e7\u00e3o, e que foi amplamente discutido entre os enfermeiros na \u00faltima assembleia trata sobre a recomposi\u00e7\u00e3o salarial \u2013 j\u00e1 que de acordo com a proposta da SBH, cerca de 90% dos trabalhadores n\u00e3o seriam atingidos por n\u00e3o receberem o piso salarial.<\/p>\n<p>A advogada Jacqueline Sousa tamb\u00e9m ressaltou a dificuldade nas negocia\u00e7\u00f5es nos \u00faltimos meses, al\u00e9m de reiterar sobre a necessidade de maior participa\u00e7\u00e3o dos dirigentes com poder de negocia\u00e7\u00e3o no sindicato patronal.<\/p>\n<p>Com a sinaliza\u00e7\u00e3o de assembleia para analisar os termos por parte da SBH, ser\u00e1 realizada nova audi\u00eancia na pr\u00f3xima quinta (29), \u00e0s 14 horas, para a continua\u00e7\u00e3o das discuss\u00f5es sobre a Conven\u00e7\u00e3o Coletiva da rede privada.<\/p>\n<p>Por fim, \u00e9 importante ressaltar que nos \u00faltimos meses, o SindEnfermeiro buscou as mais diversas formas de negocia\u00e7\u00e3o junto \u00e0 entidade patronal &#8211; que nesse per\u00edodo n\u00e3o apresentou nenhuma proposta que abrace as reivinidica\u00e7\u00f5es da categoria. A media\u00e7\u00e3o por via judicial foi o caminho encontrado para que o sindicato possa garantir os direitos dos enfermeiros da rede privada, bem como resolver o impasse que v\u00eam se arrastando com desgastes seguidos entre as partes.<\/p>\n<p><strong>Cl\u00e1usulas sociais e outras pautas<\/strong><\/p>\n<p>Alguns dos termos apresentados pelo SindEnfermeiro, e que ser\u00e3o levados a assembleia pela SBH, s\u00e3o:<\/p>\n<p>&#8211; Possibilidade de assist\u00eancia hospitalar gratuita aos enfermeiros;<\/p>\n<p>&#8211; Aux\u00edlio-creche;<\/p>\n<p>&#8211; Repouso digno e garantia de alimenta\u00e7\u00e3o aos plantonistas noturnos<\/p>\n<p>&#8211; Fim das contrata\u00e7\u00f5es em regime de Pessoa Jur\u00eddica (PJ), por cooperativas de sa\u00fade ou outras formas de trabalho informal;<\/p>\n<p>&#8211; Fim da modalidade de trabalho intermitente;<\/p>\n<p>&#8211; Abono de faltas aos estudantes em dias de exames escolares, e aus\u00eancias justificadas nos casos de falecimento de parentes, casamento ou por motivo de doen\u00e7a em fam\u00edlia;<\/p>\n<p>&#8211; Dimensionamento de pessoal de acordo com o estabelecido nas diretrizes do sistema Cofen\/Coren<\/p>\n","protected":false},"excerpt":{"rendered":"<p>Foto: reprodu\u00e7\u00e3o da internet\/Google imagens O Sindicato dos Enfermeiros do Distrito Federal (SindEnfermeiro-DF) esteve hoje (22) no Minist\u00e9rio P\u00fablico do Trabalho do DF (MPT-DF) para participar da primeira audi\u00eancia de media\u00e7\u00e3o por meio virtual com representantes do Sindicato Brasiliense dos Hospitais, Casas de Sa\u00fade e Cl\u00ednicas do DF (SBH) \u2013 entidade patronal que representa os [&hellip;]<\/p>\n","protected":false},"author":6,"featured_media":41466,"comment_status":"open","ping_status":"open","sticky":false,"template":"","format":"standard","meta":{"footnotes":""},"categories":[6,13],"tags":[701,146,46,610],"class_list":["post-41465","post","type-post","status-publish","format-standard","has-post-thumbnail","hentry","category-noticias","category-rede-privada","tag-audiencia","tag-mpt","tag-rede-privada","tag-sbh"],"_links":{"self":[{"href":"https:\/\/sindenfermeiro.com.br\/index.php\/wp-json\/wp\/v2\/posts\/41465","targetHints":{"allow":["GET"]}}],"collection":[{"href":"https:\/\/sindenfermeiro.com.br\/index.php\/wp-json\/wp\/v2\/posts"}],"about":[{"href":"https:\/\/sindenfermeiro.com.br\/index.php\/wp-json\/wp\/v2\/types\/post"}],"author":[{"embeddable":true,"href":"https:\/\/sindenfermeiro.com.br\/index.php\/wp-json\/wp\/v2\/users\/6"}],"replies":[{"embeddable":true,"href":"https:\/\/sindenfermeiro.com.br\/index.php\/wp-json\/wp\/v2\/comments?post=41465"}],"version-history":[{"count":4,"href":"https:\/\/sindenfermeiro.com.br\/index.php\/wp-json\/wp\/v2\/posts\/41465\/revisions"}],"predecessor-version":[{"id":41509,"href":"https:\/\/sindenfermeiro.com.br\/index.php\/wp-json\/wp\/v2\/posts\/41465\/revisions\/41509"}],"wp:featuredmedia":[{"embeddable":true,"href":"https:\/\/sindenfermeiro.com.br\/index.php\/wp-json\/wp\/v2\/media\/41466"}],"wp:attachment":[{"href":"https:\/\/sindenfermeiro.com.br\/index.php\/wp-json\/wp\/v2\/media?parent=41465"}],"wp:term":[{"taxonomy":"category","embeddable":true,"href":"https:\/\/sindenfermeiro.com.br\/index.php\/wp-json\/wp\/v2\/categories?post=41465"},{"taxonomy":"post_tag","embeddable":true,"href":"https:\/\/sindenfermeiro.com.br\/index.php\/wp-json\/wp\/v2\/tags?post=41465"}],"curies":[{"name":"wp","href":"https:\/\/api.w.org\/{rel}","templated":true}]}}