{"id":41460,"date":"2021-04-19T13:16:24","date_gmt":"2021-04-19T16:16:24","guid":{"rendered":"https:\/\/sindenfermeiro.com.br\/?p=41460"},"modified":"2026-04-30T09:02:25","modified_gmt":"2026-04-30T12:02:25","slug":"act-dos-enfermeiros-do-igesdf-sindenfermeiro-participa-de-audiencia-de-mediacao-para-tratar-do-assunto","status":"publish","type":"post","link":"https:\/\/sindenfermeiro.com.br\/index.php\/2021\/04\/19\/act-dos-enfermeiros-do-igesdf-sindenfermeiro-participa-de-audiencia-de-mediacao-para-tratar-do-assunto\/","title":{"rendered":"ACT dos enfermeiros do IGESDF: SindEnfermeiro participa de audi\u00eancia de media\u00e7\u00e3o para tratar do assunto"},"content":{"rendered":"<p><span style=\"font-size: 10pt\">Foto: reprodu\u00e7\u00e3o da internet\/Google imagens<\/span><\/p>\n<p>O Sindicato dos Enfermeiros do Distrito Federal (SindEnfermeiro-DF) participou na \u00faltima sexta (16), de uma audi\u00eancia de media\u00e7\u00e3o junto ao Minist\u00e9rio \u00a0P\u00fablico do Trabalho do Distrito Federal (MPT-DF) para que o Instituo de Gest\u00e3o Estrat\u00e9gica em Sa\u00fade do DF (IGESDF) discuta os termos da renova\u00e7\u00e3o do acordo coletivo de trabalho (ACT) das enfermeiras e enfermeiros do instituto.<\/p>\n<p>Estiveram presentes na audi\u00eancia a presidente do SindEnfermeiro, Dayse Amar\u00edlio, a advogada do sindicato, Jacqueline Sousa e representantes do MPT e do IGESDF. A presidente informou que desde 30 de setembro de 2020, o ACT n\u00e3o est\u00e1 mais em vigor e que o sindicato j\u00e1 tentou por diversas vezes dar continuidade \u00e0s tratativas, mas sem sucesso. \u201cAlgumas cl\u00e1usulas sociais foram mantidas, no entanto, n\u00e3o houve registro oficial desse comprometimento do IGESDF\u201d, completou Dayse.<\/p>\n<p><strong>Prazo para negocia\u00e7\u00e3o <\/strong><\/p>\n<p>O SindEnfermeiro questionou o IGESDF sobre a manuten\u00e7\u00e3o das cl\u00e1usulas sociais antes de um novo ACT. O instituto afirmou que as cl\u00e1usulas v\u00eam sendo mantidas, mas se negou a formaliza-las por of\u00edcio ou email, pois n\u00e3o h\u00e1 acordo coletivo de trabalho em vigor.<\/p>\n<p>Diante dessa situa\u00e7\u00e3o, o IGESDF aceitou a proposta da procuradora, para em 30 dias dar inicio a novas negocia\u00e7\u00f5es. O SindEnfermeiro tamb\u00e9m aceitou a proposta e ficou acordado que em 17 de maio ocorrer\u00e1 uma nova audi\u00eancia para tratar da negocia\u00e7\u00e3o do ACT.<\/p>\n<p><strong>Situa\u00e7\u00e3o lament\u00e1vel <\/strong><\/p>\n<p>\u201cFoi lament\u00e1vel o sindicato ter que solicitar para o MP intervir nessa negocia\u00e7\u00f5es. Desde o ano passado estamos tando dar seguimento as tratativas, mas sem sucesso. Foi lament\u00e1vel n\u00e3o ter um representante da diretoria deliberativa\u00a0 do instituto e n\u00e3o ter sequer uma proposta apresentada pelos quatro advogados e pela gerente interina de RH que participaram da media\u00e7\u00e3o\u201d, afirmou Dayse.<\/p>\n<p>O SindEnfermeiro tamb\u00e9m pontuou a necessidade urgente do fechamento do acordo, tendo em vista que n\u00e3o abriremos m\u00e3o de nenhum ganho retroativo.<\/p>\n<p>\u201cEsse tipo de situa\u00e7\u00e3o mostra o quando o trabalho desses profissionais, essenciais na luta contra a covid-19, tem sido precariza\u00e7\u00e3o. Al\u00e9m disso, essa atitude do IGESDF mostra o quanto se faz necess\u00e1rio um piso salarial nacional, para evitar esse descaso\u201d, finalizou Dayse.<\/p>\n","protected":false},"excerpt":{"rendered":"<p>Foto: reprodu\u00e7\u00e3o da internet\/Google imagens O Sindicato dos Enfermeiros do Distrito Federal (SindEnfermeiro-DF) participou na \u00faltima sexta (16), de uma audi\u00eancia de media\u00e7\u00e3o junto ao Minist\u00e9rio \u00a0P\u00fablico do Trabalho do Distrito Federal (MPT-DF) para que o Instituo de Gest\u00e3o Estrat\u00e9gica em Sa\u00fade do DF (IGESDF) discuta os termos da renova\u00e7\u00e3o do acordo coletivo de trabalho [&hellip;]<\/p>\n","protected":false},"author":6,"featured_media":41461,"comment_status":"open","ping_status":"open","sticky":false,"template":"","format":"standard","meta":{"footnotes":""},"categories":[334,6,13],"tags":[285,222,7,313,700,21],"class_list":["post-41460","post","type-post","status-publish","format-standard","has-post-thumbnail","hentry","category-juridico","category-noticias","category-rede-privada","tag-acordo-coletivo","tag-dayse-amarilio","tag-enfermagem","tag-igesdf","tag-mptdf","tag-sindenfermeiro"],"_links":{"self":[{"href":"https:\/\/sindenfermeiro.com.br\/index.php\/wp-json\/wp\/v2\/posts\/41460","targetHints":{"allow":["GET"]}}],"collection":[{"href":"https:\/\/sindenfermeiro.com.br\/index.php\/wp-json\/wp\/v2\/posts"}],"about":[{"href":"https:\/\/sindenfermeiro.com.br\/index.php\/wp-json\/wp\/v2\/types\/post"}],"author":[{"embeddable":true,"href":"https:\/\/sindenfermeiro.com.br\/index.php\/wp-json\/wp\/v2\/users\/6"}],"replies":[{"embeddable":true,"href":"https:\/\/sindenfermeiro.com.br\/index.php\/wp-json\/wp\/v2\/comments?post=41460"}],"version-history":[{"count":3,"href":"https:\/\/sindenfermeiro.com.br\/index.php\/wp-json\/wp\/v2\/posts\/41460\/revisions"}],"predecessor-version":[{"id":41528,"href":"https:\/\/sindenfermeiro.com.br\/index.php\/wp-json\/wp\/v2\/posts\/41460\/revisions\/41528"}],"wp:featuredmedia":[{"embeddable":true,"href":"https:\/\/sindenfermeiro.com.br\/index.php\/wp-json\/wp\/v2\/media\/41461"}],"wp:attachment":[{"href":"https:\/\/sindenfermeiro.com.br\/index.php\/wp-json\/wp\/v2\/media?parent=41460"}],"wp:term":[{"taxonomy":"category","embeddable":true,"href":"https:\/\/sindenfermeiro.com.br\/index.php\/wp-json\/wp\/v2\/categories?post=41460"},{"taxonomy":"post_tag","embeddable":true,"href":"https:\/\/sindenfermeiro.com.br\/index.php\/wp-json\/wp\/v2\/tags?post=41460"}],"curies":[{"name":"wp","href":"https:\/\/api.w.org\/{rel}","templated":true}]}}