{"id":41457,"date":"2021-04-16T15:02:22","date_gmt":"2021-04-16T18:02:22","guid":{"rendered":"https:\/\/sindenfermeiro.com.br\/?p=41457"},"modified":"2026-04-26T20:11:09","modified_gmt":"2026-04-26T23:11:09","slug":"assembleia-geral-extraordinaria-6","status":"publish","type":"post","link":"https:\/\/sindenfermeiro.com.br\/index.php\/2021\/04\/16\/assembleia-geral-extraordinaria-6\/","title":{"rendered":"Assembleia Geral Extraordin\u00e1ria"},"content":{"rendered":"<p>O Sindicato dos Enfermeiros do Distrito Federal convoca todos os enfermeiros filiados para participarem da Assembleia Geral Extraordin\u00e1ria, dia 20 de abril (ter\u00e7a-feira), \u00e0s 19h.<\/p>\n<p>A pauta da reuni\u00e3o ser\u00e1:<br \/>\nDelibera\u00e7\u00e3o sobre o 1\u00ba Congresso Sindical dos Enfermeiros (CONSENF), que acontecer\u00e1 nos dias 17, 18 e 19 de junho 2021, na modalidade telepresencial em parceria com a Faculdade Unyleya.<\/p>\n<p>\ud83d\udcc5 Quando? Dia 20 de abril (ter\u00e7a-feira)<br \/>\n\ud83d\udccd Onde? <a href=\"https:\/\/bit.ly\/3soaQ4e\">Virtualmente pelo link\u00a0<\/a><br \/>\n\u23f0 Hor\u00e1rio? Primeira chamada: 19h | Segunda chamada: 19:30h<\/p>\n<p>Sua participa\u00e7\u00e3o \u00e9 extremamente necess\u00e1ria. Contamos com voc\u00ea!<\/p>\n<p>\u2705 SindEnfermeiro-DF<\/p>\n","protected":false},"excerpt":{"rendered":"<p>O Sindicato dos Enfermeiros do Distrito Federal convoca todos os enfermeiros filiados para participarem da Assembleia Geral Extraordin\u00e1ria, dia 20 de abril (ter\u00e7a-feira), \u00e0s 19h. A pauta da reuni\u00e3o ser\u00e1: Delibera\u00e7\u00e3o sobre o 1\u00ba Congresso Sindical dos Enfermeiros (CONSENF), que acontecer\u00e1 nos dias 17, 18 e 19 de junho 2021, na modalidade telepresencial em parceria [&hellip;]<\/p>\n","protected":false},"author":6,"featured_media":41458,"comment_status":"open","ping_status":"open","sticky":false,"template":"","format":"standard","meta":{"footnotes":""},"categories":[6,13,5],"tags":[30,422,7,21],"class_list":["post-41457","post","type-post","status-publish","format-standard","has-post-thumbnail","hentry","category-noticias","category-rede-privada","category-rede-publica","tag-assembleia-geral","tag-consenf","tag-enfermagem","tag-sindenfermeiro"],"_links":{"self":[{"href":"https:\/\/sindenfermeiro.com.br\/index.php\/wp-json\/wp\/v2\/posts\/41457","targetHints":{"allow":["GET"]}}],"collection":[{"href":"https:\/\/sindenfermeiro.com.br\/index.php\/wp-json\/wp\/v2\/posts"}],"about":[{"href":"https:\/\/sindenfermeiro.com.br\/index.php\/wp-json\/wp\/v2\/types\/post"}],"author":[{"embeddable":true,"href":"https:\/\/sindenfermeiro.com.br\/index.php\/wp-json\/wp\/v2\/users\/6"}],"replies":[{"embeddable":true,"href":"https:\/\/sindenfermeiro.com.br\/index.php\/wp-json\/wp\/v2\/comments?post=41457"}],"version-history":[{"count":1,"href":"https:\/\/sindenfermeiro.com.br\/index.php\/wp-json\/wp\/v2\/posts\/41457\/revisions"}],"predecessor-version":[{"id":41459,"href":"https:\/\/sindenfermeiro.com.br\/index.php\/wp-json\/wp\/v2\/posts\/41457\/revisions\/41459"}],"wp:featuredmedia":[{"embeddable":true,"href":"https:\/\/sindenfermeiro.com.br\/index.php\/wp-json\/wp\/v2\/media\/41458"}],"wp:attachment":[{"href":"https:\/\/sindenfermeiro.com.br\/index.php\/wp-json\/wp\/v2\/media?parent=41457"}],"wp:term":[{"taxonomy":"category","embeddable":true,"href":"https:\/\/sindenfermeiro.com.br\/index.php\/wp-json\/wp\/v2\/categories?post=41457"},{"taxonomy":"post_tag","embeddable":true,"href":"https:\/\/sindenfermeiro.com.br\/index.php\/wp-json\/wp\/v2\/tags?post=41457"}],"curies":[{"name":"wp","href":"https:\/\/api.w.org\/{rel}","templated":true}]}}