{"id":41450,"date":"2021-04-15T14:03:25","date_gmt":"2021-04-15T17:03:25","guid":{"rendered":"https:\/\/sindenfermeiro.com.br\/?p=41450"},"modified":"2026-04-28T05:59:35","modified_gmt":"2026-04-28T08:59:35","slug":"nota-de-repudio-carta-enviada-por-empresarios-do-setor-medico-hospitalar-ao-presidente-do-senado-que-o-pl-do-o-piso-salarial-fosse-tirado-de-pauta","status":"publish","type":"post","link":"https:\/\/sindenfermeiro.com.br\/index.php\/2021\/04\/15\/nota-de-repudio-carta-enviada-por-empresarios-do-setor-medico-hospitalar-ao-presidente-do-senado-que-o-pl-do-o-piso-salarial-fosse-tirado-de-pauta\/","title":{"rendered":"Nota de Rep\u00fadio: carta enviada por empres\u00e1rios do setor m\u00e9dico-hospitalar ao presidente do Senado solicitando que o PL do o piso salarial fosse tirado de pauta"},"content":{"rendered":"<p style=\"text-align: justify\">O Sindicato dos Enfermeiros do Distrito Federal vem, atrav\u00e9s desta nota, manifestar seu rep\u00fadio \u00e0 carta enviada por empres\u00e1rios do setor m\u00e9dico-hospitalar ao presidente do Senado Federal, Rodrigo Pacheco, solicitando que o Projeto de Lei 2564\/2020 \u2013 que institui o piso salarial nacional para a enfermagem \u2013 n\u00e3o fosse votado pela Casa.<\/p>\n<p style=\"text-align: justify\">A enfermagem vive uma neglig\u00eancia hist\u00f3rica. Projetos de lei que pautam a regulamenta\u00e7\u00e3o da jornada de trabalho e do piso salarial da categoria tramitam h\u00e1 d\u00e9cadas nas duas Casas Legislativas. A atitude desse grupo de empres\u00e1rios refor\u00e7a tudo que denunciamos h\u00e1 anos: o poder do lobby m\u00e9dico-hospitalar dentro do Poder Legislativo.<\/p>\n<p style=\"text-align: justify\">A pandemia causada pelo novo coronav\u00edrus explicitou, ainda mais, diversos problemas que a enfermagem do Brasil enfrenta. Falta de equipamentos, jornadas de trabalho exaustivas, m\u00e1 remunera\u00e7\u00e3o, desvaloriza\u00e7\u00e3o e v\u00e1rias outras situa\u00e7\u00f5es vividas por uma categoria que tem se mostrado essencial nessa guerra global.<\/p>\n<p style=\"text-align: justify\">J\u00e1 \u00e9 consenso mundial que a valoriza\u00e7\u00e3o da enfermagem reflete em diversos benef\u00edcios para a sociedade, de forma especial para quem mais necessita dessa categoria, a popula\u00e7\u00e3o.<\/p>\n<p style=\"text-align: justify\">Hoje, no Brasil, s\u00e3o mais de 2,3 milh\u00f5es de profissionais de enfermagem, que enfrentam p\u00e9ssimas condi\u00e7\u00f5es de trabalho, baixos sal\u00e1rios, desvaloriza\u00e7\u00e3o e diversos outros problemas. No entanto, \u00e9 a enfermagem quem est\u00e1 na linha de frente contra esse inimigo invis\u00edvel e cruel. \u00c9 a enfermagem que n\u00e3o descansou nenhum dia desde o in\u00edcio dessa pandemia. \u00c9 a enfermagem quem mais perdeu profissionais na luta contra o coronav\u00edrus.<\/p>\n<p style=\"text-align: justify\">O SindEnfermeiro se orgulha de todos os profissionais que representa. A enfermagem n\u00e3o foge a luta e n\u00e3o aceitaremos calados mais um ataque como esse! #LuteComoUmaEnfermeira.<\/p>\n","protected":false},"excerpt":{"rendered":"<p>O Sindicato dos Enfermeiros do Distrito Federal vem, atrav\u00e9s desta nota, manifestar seu rep\u00fadio \u00e0 carta enviada por empres\u00e1rios do setor m\u00e9dico-hospitalar ao presidente do Senado Federal, Rodrigo Pacheco, solicitando que o Projeto de Lei 2564\/2020 \u2013 que institui o piso salarial nacional para a enfermagem \u2013 n\u00e3o fosse votado pela Casa. A enfermagem vive [&hellip;]<\/p>\n","protected":false},"author":6,"featured_media":39205,"comment_status":"open","ping_status":"open","sticky":false,"template":"","format":"standard","meta":{"footnotes":""},"categories":[6,13,5],"tags":[222,7,699,53,116,570,21],"class_list":["post-41450","post","type-post","status-publish","format-standard","has-post-thumbnail","hentry","category-noticias","category-rede-privada","category-rede-publica","tag-dayse-amarilio","tag-enfermagem","tag-piso-enfermagem","tag-piso-salarial","tag-senado","tag-senado-federal","tag-sindenfermeiro"],"_links":{"self":[{"href":"https:\/\/sindenfermeiro.com.br\/index.php\/wp-json\/wp\/v2\/posts\/41450","targetHints":{"allow":["GET"]}}],"collection":[{"href":"https:\/\/sindenfermeiro.com.br\/index.php\/wp-json\/wp\/v2\/posts"}],"about":[{"href":"https:\/\/sindenfermeiro.com.br\/index.php\/wp-json\/wp\/v2\/types\/post"}],"author":[{"embeddable":true,"href":"https:\/\/sindenfermeiro.com.br\/index.php\/wp-json\/wp\/v2\/users\/6"}],"replies":[{"embeddable":true,"href":"https:\/\/sindenfermeiro.com.br\/index.php\/wp-json\/wp\/v2\/comments?post=41450"}],"version-history":[{"count":6,"href":"https:\/\/sindenfermeiro.com.br\/index.php\/wp-json\/wp\/v2\/posts\/41450\/revisions"}],"predecessor-version":[{"id":41456,"href":"https:\/\/sindenfermeiro.com.br\/index.php\/wp-json\/wp\/v2\/posts\/41450\/revisions\/41456"}],"wp:featuredmedia":[{"embeddable":true,"href":"https:\/\/sindenfermeiro.com.br\/index.php\/wp-json\/wp\/v2\/media\/39205"}],"wp:attachment":[{"href":"https:\/\/sindenfermeiro.com.br\/index.php\/wp-json\/wp\/v2\/media?parent=41450"}],"wp:term":[{"taxonomy":"category","embeddable":true,"href":"https:\/\/sindenfermeiro.com.br\/index.php\/wp-json\/wp\/v2\/categories?post=41450"},{"taxonomy":"post_tag","embeddable":true,"href":"https:\/\/sindenfermeiro.com.br\/index.php\/wp-json\/wp\/v2\/tags?post=41450"}],"curies":[{"name":"wp","href":"https:\/\/api.w.org\/{rel}","templated":true}]}}