{"id":41442,"date":"2021-04-14T14:11:29","date_gmt":"2021-04-14T17:11:29","guid":{"rendered":"https:\/\/sindenfermeiro.com.br\/?p=41442"},"modified":"2026-04-26T23:18:36","modified_gmt":"2026-04-27T02:18:36","slug":"sindenfermeiro-e-aprovados-no-concurso-da-ses-fazem-ato-em-frente-ao-buriti-por-nomeacoes","status":"publish","type":"post","link":"https:\/\/sindenfermeiro.com.br\/index.php\/2021\/04\/14\/sindenfermeiro-e-aprovados-no-concurso-da-ses-fazem-ato-em-frente-ao-buriti-por-nomeacoes\/","title":{"rendered":"SindEnfermeiro e aprovados no concurso da SES fazem ato em frente ao Buriti por nomea\u00e7\u00f5es"},"content":{"rendered":"<style type=\"text\/css\">\n#foogallery-gallery-41443 .fg-image { width: 640px; }<\/style>\n\t\t\t<div class=\"foogallery foogallery-container foogallery-image-viewer foogallery-link-image foogallery-lightbox-none fg-center fg-image-viewer fg-ready fg-light fg-border-thin fg-shadow-outline fg-loading-default fg-loaded-fade-in fg-caption-hover fg-hover-fade fg-hover-zoom\" id=\"foogallery-gallery-41443\" data-foogallery=\"{&quot;item&quot;:{&quot;showCaptionTitle&quot;:true,&quot;showCaptionDescription&quot;:true},&quot;lazy&quot;:true,&quot;template&quot;:{&quot;loop&quot;:true}}\" style=\"--fg-title-line-clamp: 0; --fg-description-line-clamp: 0;\" >\n\t<div class=\"fiv-inner\">\n\t\t<div class=\"fiv-inner-container\">\n\t\t\t<div class=\"fg-item fg-type-image fg-idle\"><figure class=\"fg-item-inner\"><a href=\"https:\/\/sindenfermeiro.com.br\/wp-content\/uploads\/2021\/04\/WhatsApp-Image-2021-04-14-at-10.47.51.jpeg\" data-attachment-id=\"41447\" data-type=\"image\" class=\"fg-thumb\"><span class=\"fg-image-wrap\"><img fetchpriority=\"high\" decoding=\"async\" width=\"640\" height=\"360\" class=\"skip-lazy fg-image\" data-src-fg=\"https:\/\/sindenfermeiro.com.br\/wp-content\/uploads\/cache\/2021\/04\/WhatsApp-Image-2021-04-14-at-10_47_51\/3879117833.jpeg\" src=\"data:image\/svg+xml,%3Csvg%20xmlns%3D%22http%3A%2F%2Fwww.w3.org%2F2000%2Fsvg%22%20width%3D%22640%22%20height%3D%22360%22%20viewBox%3D%220%200%20640%20360%22%3E%3C%2Fsvg%3E\" loading=\"eager\"><\/span><span class=\"fg-image-overlay\"><\/span><\/a><\/figure><div class=\"fg-loader\"><\/div><\/div><div class=\"fg-item fg-type-image fg-idle\"><figure class=\"fg-item-inner\"><a href=\"https:\/\/sindenfermeiro.com.br\/wp-content\/uploads\/2021\/04\/WhatsApp-Image-2021-04-14-at-10.10.18.jpeg\" data-attachment-id=\"41444\" data-type=\"image\" class=\"fg-thumb\"><span class=\"fg-image-wrap\"><img decoding=\"async\" width=\"640\" height=\"360\" class=\"skip-lazy fg-image\" data-src-fg=\"https:\/\/sindenfermeiro.com.br\/wp-content\/uploads\/cache\/2021\/04\/WhatsApp-Image-2021-04-14-at-10_10_18\/1002146386.jpeg\" src=\"data:image\/svg+xml,%3Csvg%20xmlns%3D%22http%3A%2F%2Fwww.w3.org%2F2000%2Fsvg%22%20width%3D%22640%22%20height%3D%22360%22%20viewBox%3D%220%200%20640%20360%22%3E%3C%2Fsvg%3E\" loading=\"eager\"><\/span><span class=\"fg-image-overlay\"><\/span><\/a><\/figure><div class=\"fg-loader\"><\/div><\/div><div class=\"fg-item fg-type-image fg-idle\"><figure class=\"fg-item-inner\"><a href=\"https:\/\/sindenfermeiro.com.br\/wp-content\/uploads\/2021\/04\/WhatsApp-Image-2021-04-14-at-10.47.49.jpeg\" data-attachment-id=\"41445\" data-type=\"image\" class=\"fg-thumb\"><span class=\"fg-image-wrap\"><img decoding=\"async\" width=\"640\" height=\"360\" class=\"skip-lazy fg-image\" data-src-fg=\"https:\/\/sindenfermeiro.com.br\/wp-content\/uploads\/cache\/2021\/04\/WhatsApp-Image-2021-04-14-at-10_47_49\/442444884.jpeg\" src=\"data:image\/svg+xml,%3Csvg%20xmlns%3D%22http%3A%2F%2Fwww.w3.org%2F2000%2Fsvg%22%20width%3D%22640%22%20height%3D%22360%22%20viewBox%3D%220%200%20640%20360%22%3E%3C%2Fsvg%3E\" loading=\"eager\"><\/span><span class=\"fg-image-overlay\"><\/span><\/a><\/figure><div class=\"fg-loader\"><\/div><\/div><div class=\"fg-item fg-type-image fg-idle\"><figure class=\"fg-item-inner\"><a href=\"https:\/\/sindenfermeiro.com.br\/wp-content\/uploads\/2021\/04\/WhatsApp-Image-2021-04-14-at-10.47.50.jpeg\" data-attachment-id=\"41446\" data-type=\"image\" class=\"fg-thumb\"><span class=\"fg-image-wrap\"><img decoding=\"async\" width=\"640\" height=\"360\" class=\"skip-lazy fg-image\" data-src-fg=\"https:\/\/sindenfermeiro.com.br\/wp-content\/uploads\/cache\/2021\/04\/WhatsApp-Image-2021-04-14-at-10_47_50\/1229755351.jpeg\" src=\"data:image\/svg+xml,%3Csvg%20xmlns%3D%22http%3A%2F%2Fwww.w3.org%2F2000%2Fsvg%22%20width%3D%22640%22%20height%3D%22360%22%20viewBox%3D%220%200%20640%20360%22%3E%3C%2Fsvg%3E\" loading=\"eager\"><\/span><span class=\"fg-image-overlay\"><\/span><\/a><\/figure><div class=\"fg-loader\"><\/div><\/div><div class=\"fg-item fg-type-image fg-idle\"><figure class=\"fg-item-inner\"><a href=\"https:\/\/sindenfermeiro.com.br\/wp-content\/uploads\/2021\/04\/WhatsApp-Image-2021-04-14-at-10.47.52.jpeg\" data-attachment-id=\"41448\" data-type=\"image\" class=\"fg-thumb\"><span class=\"fg-image-wrap\"><img decoding=\"async\" width=\"640\" height=\"360\" class=\"skip-lazy fg-image\" data-src-fg=\"https:\/\/sindenfermeiro.com.br\/wp-content\/uploads\/cache\/2021\/04\/WhatsApp-Image-2021-04-14-at-10_47_52\/2399170994.jpeg\" src=\"data:image\/svg+xml,%3Csvg%20xmlns%3D%22http%3A%2F%2Fwww.w3.org%2F2000%2Fsvg%22%20width%3D%22640%22%20height%3D%22360%22%20viewBox%3D%220%200%20640%20360%22%3E%3C%2Fsvg%3E\" loading=\"eager\"><\/span><span class=\"fg-image-overlay\"><\/span><\/a><\/figure><div class=\"fg-loader\"><\/div><\/div>\t\t<\/div>\n\t\t<div class=\"fiv-ctrls\">\n\t\t\t<button type=\"button\" class=\"fiv-prev\" title=\"Prev\"><span>Prev<\/span><\/button>\n\t\t\t<label class=\"fiv-count\"><span class=\"fiv-count-current\">1<\/span>of<span class=\"fiv-count-total\">5<\/span><\/label>\n\t\t\t<button type=\"button\" class=\"fiv-next\" title=\"Next\"><span>Next<\/span><\/button>\n\t\t<\/div>\n\t<\/div>\n<\/div>\n<p>Na manh\u00e3 de hoje (14), o SindEnfermeiro-DF e os enfermeiros aprovados no concurso de 2018 da Secretaria de Sa\u00fade (SES) foram \u00e0 Pra\u00e7a do Buriti para cobrar do governador Ibaneis Rocha (MDB) as nomea\u00e7\u00f5es prometidas para refor\u00e7ar a linha de combate ao coronav\u00edrus na rede p\u00fablica do DF.<\/p>\n<p>O ato, que respeitou as normas de distanciamento social e o uso de m\u00e1scara, contou com cerca de 20 enfermeiros, al\u00e9m do diretor executivo do SindEnfermeiro, Tarc\u00edsio Faria. Empunhando faixas e cartazes, os presentes demonstraram seu descontentamento com a demora nas negocia\u00e7\u00f5es \u2013 e lembraram a declara\u00e7\u00e3o do governador: \u201cEstou chamando porque voc\u00eas s\u00e3o necess\u00e1rios. Fizeram concurso e preciso\u201d.<\/p>\n<p>A pauta \u00e9 uma reivindica\u00e7\u00e3o anterior \u00e0 pandemia, mas ganhou for\u00e7a ap\u00f3s o chefe do Executivo declarar, em julho do ano passado, que todos os enfermeiros aprovados no concurso de 2018 seriam convocados para o trabalho. Apesar dos \u00faltimos chamamentos feitos pelo GDF, ainda \u00e9 grande a fila de espera pela nomea\u00e7\u00e3o.<\/p>\n<p><strong>\u201cN\u00f3s estamos aqui para ajudar\u201d<\/strong><\/p>\n<p>O diretor executivo do sindicato, Tarc\u00edsio Faria, participou do ato, e ressaltou a import\u00e2ncia de nomear todos os profissionais que foram aprovados, mas seguem aguardando uma resposta desde 2018. Ele afirmou, em recado direto ao governador, que os enfermeiros est\u00e3o \u00e0 disposi\u00e7\u00e3o para preencher o d\u00e9ficit da SES e assim, proporcionar um melhor atendimento \u00e0 popula\u00e7\u00e3o na luta contra o coronav\u00edrus.<\/p>\n<p>\u201cEstamos aqui solicitando para que o Sr. [governador] cumpra a promessa de nomea\u00e7\u00e3o dos enfermeiros. Hoje, s\u00e3o mais de 300 pessoas aguardando um leito de UTI nos hospitais, e sei que n\u00f3s e a nossa for\u00e7a podemos ajudar a combater essa pandemia. Al\u00e9m disso, precisamos de mais enfermeiros n\u00e3o s\u00f3 nos hospitais, mas nas casas de parto e principalmente na aten\u00e7\u00e3o b\u00e1sica\u201d, afirmou.<\/p>\n<p>Tarc\u00edsio tamb\u00e9m apontou a correla\u00e7\u00e3o entre a melhora nos indicadores de sa\u00fade da popula\u00e7\u00e3o e a reabertura dos setores econ\u00f4micos, afirmando que \u201ca contrata\u00e7\u00e3o dos enfermeiros para refor\u00e7ar a assist\u00eancia faz com que a popula\u00e7\u00e3o possa ter um atendimento de qualidade, reduzindo as filas e aumentando as chances de recupera\u00e7\u00e3o. Com isso, as restri\u00e7\u00f5es v\u00e3o poder ser diminu\u00eddas e o empres\u00e1rio vai poder ter seguran\u00e7a para reabrir seu com\u00e9rcio\u201d, apontou.<\/p>\n","protected":false},"excerpt":{"rendered":"<p>Na manh\u00e3 de hoje (14), o SindEnfermeiro-DF e os enfermeiros aprovados no concurso de 2018 da Secretaria de Sa\u00fade (SES) foram \u00e0 Pra\u00e7a do Buriti para cobrar do governador Ibaneis Rocha (MDB) as nomea\u00e7\u00f5es prometidas para refor\u00e7ar a linha de combate ao coronav\u00edrus na rede p\u00fablica do DF. O ato, que respeitou as normas de [&hellip;]<\/p>\n","protected":false},"author":6,"featured_media":41447,"comment_status":"open","ping_status":"open","sticky":false,"template":"","format":"standard","meta":{"footnotes":""},"categories":[6,5],"tags":[214,644,54,120,35,236],"class_list":["post-41442","post","type-post","status-publish","format-standard","has-post-thumbnail","hentry","category-noticias","category-rede-publica","tag-ato","tag-buriti","tag-enfermeiros","tag-gdf","tag-nomeacoes","tag-ses"],"_links":{"self":[{"href":"https:\/\/sindenfermeiro.com.br\/index.php\/wp-json\/wp\/v2\/posts\/41442","targetHints":{"allow":["GET"]}}],"collection":[{"href":"https:\/\/sindenfermeiro.com.br\/index.php\/wp-json\/wp\/v2\/posts"}],"about":[{"href":"https:\/\/sindenfermeiro.com.br\/index.php\/wp-json\/wp\/v2\/types\/post"}],"author":[{"embeddable":true,"href":"https:\/\/sindenfermeiro.com.br\/index.php\/wp-json\/wp\/v2\/users\/6"}],"replies":[{"embeddable":true,"href":"https:\/\/sindenfermeiro.com.br\/index.php\/wp-json\/wp\/v2\/comments?post=41442"}],"version-history":[{"count":1,"href":"https:\/\/sindenfermeiro.com.br\/index.php\/wp-json\/wp\/v2\/posts\/41442\/revisions"}],"predecessor-version":[{"id":41449,"href":"https:\/\/sindenfermeiro.com.br\/index.php\/wp-json\/wp\/v2\/posts\/41442\/revisions\/41449"}],"wp:featuredmedia":[{"embeddable":true,"href":"https:\/\/sindenfermeiro.com.br\/index.php\/wp-json\/wp\/v2\/media\/41447"}],"wp:attachment":[{"href":"https:\/\/sindenfermeiro.com.br\/index.php\/wp-json\/wp\/v2\/media?parent=41442"}],"wp:term":[{"taxonomy":"category","embeddable":true,"href":"https:\/\/sindenfermeiro.com.br\/index.php\/wp-json\/wp\/v2\/categories?post=41442"},{"taxonomy":"post_tag","embeddable":true,"href":"https:\/\/sindenfermeiro.com.br\/index.php\/wp-json\/wp\/v2\/tags?post=41442"}],"curies":[{"name":"wp","href":"https:\/\/api.w.org\/{rel}","templated":true}]}}