{"id":41439,"date":"2021-04-13T11:56:27","date_gmt":"2021-04-13T14:56:27","guid":{"rendered":"https:\/\/sindenfermeiro.com.br\/?p=41439"},"modified":"2026-04-26T20:12:34","modified_gmt":"2026-04-26T23:12:34","slug":"em-assembleia-sindenfermeiro-discute-acordos-trabalhistas-com-enfermeiros-do-igesdf-e-da-rede-privada","status":"publish","type":"post","link":"https:\/\/sindenfermeiro.com.br\/index.php\/2021\/04\/13\/em-assembleia-sindenfermeiro-discute-acordos-trabalhistas-com-enfermeiros-do-igesdf-e-da-rede-privada\/","title":{"rendered":"Em assembleia, SindEnfermeiro discute acordos trabalhistas com enfermeiros do IGESDF e da rede privada"},"content":{"rendered":"<p><img loading=\"lazy\" decoding=\"async\" class=\"aligncenter wp-image-41440 \" src=\"https:\/\/sindenfermeiro.com.br\/wp-content\/uploads\/2021\/04\/post_117.jpg\" alt=\"\" width=\"638\" height=\"346\" srcset=\"https:\/\/sindenfermeiro.com.br\/wp-content\/uploads\/2021\/04\/post_117.jpg 1000w, https:\/\/sindenfermeiro.com.br\/wp-content\/uploads\/2021\/04\/post_117-300x163.jpg 300w, https:\/\/sindenfermeiro.com.br\/wp-content\/uploads\/2021\/04\/post_117-768x417.jpg 768w\" sizes=\"auto, (max-width: 638px) 100vw, 638px\" \/><\/p>\n<p>Na noite de ontem (12), o Sindicato dos Enfermeiros do Distrito Federal (SindEnfermeiro-DF) realizou assembleia virtual com os enfermeiros que atuam no Instituto de Gest\u00e3o Estrat\u00e9gica da Sa\u00fade (IGESDF), al\u00e9m daqueles que trabalham nos hospitais da rede privada do DF. Com in\u00edcio \u00e0s 19h15, a assembleia foi mediada pelo secret\u00e1rio-geral do SindEnfermeiro, Jorge Henrique, e pela advogada Jacqueline Sousa.<\/p>\n<p>Para os profissionais do instituto, o encontro teve como objetivo negociar junto \u00e0 categoria as bases de negocia\u00e7\u00e3o para o novo Acordo Coletivo de Trabalho (ACT), que venceu no fim de 2020 e ainda n\u00e3o foi renovado \u2013 apesar das tentativas de negocia\u00e7\u00e3o do sindicato. Com isso, os enfermeiros presentes puderam manifestar suas reivindica\u00e7\u00f5es e apontar poss\u00edveis problemas que vem sendo enfrentados no cumprimento da legisla\u00e7\u00e3o trabalhista.<\/p>\n<p>J\u00e1 para os trabalhadores que atuam nas unidades da rede privada, a assembleia tamb\u00e9m teve o prop\u00f3sito de apresentar o andamento das tratativas junto ao Sindicato Brasiliense de Hospitais, Casas de Sa\u00fade e Cl\u00ednicas (SBH) para a Conven\u00e7\u00e3o Coletiva de Trabalho (CCT).<\/p>\n<p>De acordo com Jorge, \u201co momento \u00e9 importante para apresentarmos o panorama tanto do acordo quanto da conven\u00e7\u00e3o e as condi\u00e7\u00f5es de negocia\u00e7\u00e3o \u2013 mas principalmente ouvir os trabalhadores para que a gente possa garantir a execu\u00e7\u00e3o dos acordos, j\u00e1 que a pandemia tem sido utilizada amplamente como \u201cdesculpa\u201d para retardar as negocia\u00e7\u00f5es. Nesse momento, garantir os acordos \u00e9 tamb\u00e9m uma quest\u00e3o de justi\u00e7a, j\u00e1 que a enfermagem \u00e9 parte fundamental da assist\u00eancia multidisciplinar\u201d.<\/p>\n<p><strong>Media\u00e7\u00e3o com IGESDF<\/strong><\/p>\n<p>Durante a assembleia, os trabalhadores foram orientados a respeito do pedido de media\u00e7\u00e3o realizado pelo SindEnfermeiro no fim de mar\u00e7o, obrigando o IGESDF a participar das negocia\u00e7\u00f5es sobre o Acordo Coletivo de Trabalho (ACT), suspenso desde o fim de 2020 por conta das sucessivas trocas na c\u00fapula de gest\u00e3o do instituto.<\/p>\n<p>Apesar da manuten\u00e7\u00e3o das cl\u00e1usulas sociais, a antiga gest\u00e3o do IGESDF havia se comprometido a negociar as bases salariais no in\u00edcio de 2021 \u2013 o que n\u00e3o foi feito. Agora, o objetivo \u00e9 de n\u00e3o s\u00f3 manter os atuais termos e a previs\u00e3o do reajuste, mas tamb\u00e9m a possibilidade de amplia\u00e7\u00e3o das cl\u00e1usulas \u2013 considerando o alto grau de risco e estresse no qual os enfermeiros est\u00e3o submetidos.<\/p>\n<p><strong>Dificuldades com rede privada<\/strong><\/p>\n<p>Nas conversas com os enfermeiros da rede privada, foram relatadas as dificuldades para as negocia\u00e7\u00f5es junto ao sindicato patronal \u2013 j\u00e1 que, sob a alega\u00e7\u00e3o de que a pandemia tem provocado dificuldades financeiras, a entidade que representa os hospitais, cl\u00ednicas e outros estabelecimentos de sa\u00fade tem se recusado a negociar.<\/p>\n<p>Com isso, o CCT dos trabalhadores tamb\u00e9m se encontra suspenso, pois o reajuste salarial proposto pela entidade n\u00e3o proporciona um aumento real na remunera\u00e7\u00e3o \u2013 visto que n\u00e3o h\u00e1 um piso salarial definido, al\u00e9m da necessidade de valoriza\u00e7\u00e3o da enfermagem num momento em que a categoria se mostrou fundamental no combate ao coronav\u00edrus.<\/p>\n","protected":false},"excerpt":{"rendered":"<p>Na noite de ontem (12), o Sindicato dos Enfermeiros do Distrito Federal (SindEnfermeiro-DF) realizou assembleia virtual com os enfermeiros que atuam no Instituto de Gest\u00e3o Estrat\u00e9gica da Sa\u00fade (IGESDF), al\u00e9m daqueles que trabalham nos hospitais da rede privada do DF. Com in\u00edcio \u00e0s 19h15, a assembleia foi mediada pelo secret\u00e1rio-geral do SindEnfermeiro, Jorge Henrique, e [&hellip;]<\/p>\n","protected":false},"author":6,"featured_media":41440,"comment_status":"open","ping_status":"open","sticky":false,"template":"","format":"standard","meta":{"footnotes":""},"categories":[6,13],"tags":[413,54,313,698],"class_list":["post-41439","post","type-post","status-publish","format-standard","has-post-thumbnail","hentry","category-noticias","category-rede-privada","tag-assembleia","tag-enfermeiros","tag-igesdf","tag-redeprivada"],"_links":{"self":[{"href":"https:\/\/sindenfermeiro.com.br\/index.php\/wp-json\/wp\/v2\/posts\/41439","targetHints":{"allow":["GET"]}}],"collection":[{"href":"https:\/\/sindenfermeiro.com.br\/index.php\/wp-json\/wp\/v2\/posts"}],"about":[{"href":"https:\/\/sindenfermeiro.com.br\/index.php\/wp-json\/wp\/v2\/types\/post"}],"author":[{"embeddable":true,"href":"https:\/\/sindenfermeiro.com.br\/index.php\/wp-json\/wp\/v2\/users\/6"}],"replies":[{"embeddable":true,"href":"https:\/\/sindenfermeiro.com.br\/index.php\/wp-json\/wp\/v2\/comments?post=41439"}],"version-history":[{"count":1,"href":"https:\/\/sindenfermeiro.com.br\/index.php\/wp-json\/wp\/v2\/posts\/41439\/revisions"}],"predecessor-version":[{"id":41441,"href":"https:\/\/sindenfermeiro.com.br\/index.php\/wp-json\/wp\/v2\/posts\/41439\/revisions\/41441"}],"wp:featuredmedia":[{"embeddable":true,"href":"https:\/\/sindenfermeiro.com.br\/index.php\/wp-json\/wp\/v2\/media\/41440"}],"wp:attachment":[{"href":"https:\/\/sindenfermeiro.com.br\/index.php\/wp-json\/wp\/v2\/media?parent=41439"}],"wp:term":[{"taxonomy":"category","embeddable":true,"href":"https:\/\/sindenfermeiro.com.br\/index.php\/wp-json\/wp\/v2\/categories?post=41439"},{"taxonomy":"post_tag","embeddable":true,"href":"https:\/\/sindenfermeiro.com.br\/index.php\/wp-json\/wp\/v2\/tags?post=41439"}],"curies":[{"name":"wp","href":"https:\/\/api.w.org\/{rel}","templated":true}]}}