{"id":41428,"date":"2021-04-12T12:32:10","date_gmt":"2021-04-12T15:32:10","guid":{"rendered":"https:\/\/sindenfermeiro.com.br\/?p=41428"},"modified":"2026-04-26T20:11:09","modified_gmt":"2026-04-26T23:11:09","slug":"vacinacao-dos-profissionais-de-saude","status":"publish","type":"post","link":"https:\/\/sindenfermeiro.com.br\/index.php\/2021\/04\/12\/vacinacao-dos-profissionais-de-saude\/","title":{"rendered":"Vacina\u00e7\u00e3o dos profissionais de sa\u00fade: Secretaria de Sa\u00fade abre 4,5 mil vagas"},"content":{"rendered":"<p><img loading=\"lazy\" decoding=\"async\" class=\"alignnone size-medium wp-image-41431\" src=\"https:\/\/sindenfermeiro.com.br\/wp-content\/uploads\/2021\/04\/12.3.-Vacinacao-Saude-Iges.-FOTO-BRENO-ESAKI-AGENCIA-SAUDE-DF-6-5-1-300x200.jpg\" alt=\"\" width=\"300\" height=\"200\" srcset=\"https:\/\/sindenfermeiro.com.br\/wp-content\/uploads\/2021\/04\/12.3.-Vacinacao-Saude-Iges.-FOTO-BRENO-ESAKI-AGENCIA-SAUDE-DF-6-5-1-300x200.jpg 300w, https:\/\/sindenfermeiro.com.br\/wp-content\/uploads\/2021\/04\/12.3.-Vacinacao-Saude-Iges.-FOTO-BRENO-ESAKI-AGENCIA-SAUDE-DF-6-5-1-1024x683.jpg 1024w, https:\/\/sindenfermeiro.com.br\/wp-content\/uploads\/2021\/04\/12.3.-Vacinacao-Saude-Iges.-FOTO-BRENO-ESAKI-AGENCIA-SAUDE-DF-6-5-1-768x512.jpg 768w, https:\/\/sindenfermeiro.com.br\/wp-content\/uploads\/2021\/04\/12.3.-Vacinacao-Saude-Iges.-FOTO-BRENO-ESAKI-AGENCIA-SAUDE-DF-6-5-1-1536x1024.jpg 1536w, https:\/\/sindenfermeiro.com.br\/wp-content\/uploads\/2021\/04\/12.3.-Vacinacao-Saude-Iges.-FOTO-BRENO-ESAKI-AGENCIA-SAUDE-DF-6-5-1.jpg 1920w\" sizes=\"auto, (max-width: 300px) 100vw, 300px\" \/><\/p>\n<p><span style=\"font-size: 8pt\">Foto: Breno Esaki\/Ag\u00eancia Sa\u00fade<\/span><\/p>\n<p>&nbsp;<\/p>\n<p><strong>Aten\u00e7\u00e3o profissionais da sa\u00fade!<\/strong><\/p>\n<p>Come\u00e7ou o agendamento para a primeira dose da vacina contra a covid-19. A Secretaria de Sa\u00fade recebeu um novo lote e destinou mais de 4,5 mil doses para vacina\u00e7\u00e3o dos trabalhadores da sa\u00fade.<br \/>\nO agendamento deve ser feito pelo link abaixo:<\/p>\n<p><a href=\"https:\/\/vacina.saude.df.gov.br\/\">AGENDAMENTO DE VACINA\u00c7\u00c3O<\/a><\/p>\n<p>Ap\u00f3s o agendamento, voc\u00ea ir\u00e1 receber as informa\u00e7\u00f5es com o local e hor\u00e1rio de vacina\u00e7\u00e3o. No dia, n\u00e3o esque\u00e7a de levar o comprovante de agendamento, documento de identifica\u00e7\u00e3o com foto, CPF e registro profissional.<\/p>\n","protected":false},"excerpt":{"rendered":"<p>Foto: Breno Esaki\/Ag\u00eancia Sa\u00fade &nbsp; Aten\u00e7\u00e3o profissionais da sa\u00fade! Come\u00e7ou o agendamento para a primeira dose da vacina contra a covid-19. A Secretaria de Sa\u00fade recebeu um novo lote e destinou mais de 4,5 mil doses para vacina\u00e7\u00e3o dos trabalhadores da sa\u00fade. O agendamento deve ser feito pelo link abaixo: AGENDAMENTO DE VACINA\u00c7\u00c3O Ap\u00f3s o [&hellip;]<\/p>\n","protected":false},"author":6,"featured_media":41431,"comment_status":"open","ping_status":"open","sticky":false,"template":"","format":"standard","meta":{"footnotes":""},"categories":[6,13,5,697],"tags":[7,236,81,21,22,471],"class_list":["post-41428","post","type-post","status-publish","format-standard","has-post-thumbnail","hentry","category-noticias","category-rede-privada","category-rede-publica","category-vacinacao","tag-enfermagem","tag-ses","tag-ses-df","tag-sindenfermeiro","tag-sindicato-dos-enfermeiros","tag-vacinacao"],"_links":{"self":[{"href":"https:\/\/sindenfermeiro.com.br\/index.php\/wp-json\/wp\/v2\/posts\/41428","targetHints":{"allow":["GET"]}}],"collection":[{"href":"https:\/\/sindenfermeiro.com.br\/index.php\/wp-json\/wp\/v2\/posts"}],"about":[{"href":"https:\/\/sindenfermeiro.com.br\/index.php\/wp-json\/wp\/v2\/types\/post"}],"author":[{"embeddable":true,"href":"https:\/\/sindenfermeiro.com.br\/index.php\/wp-json\/wp\/v2\/users\/6"}],"replies":[{"embeddable":true,"href":"https:\/\/sindenfermeiro.com.br\/index.php\/wp-json\/wp\/v2\/comments?post=41428"}],"version-history":[{"count":4,"href":"https:\/\/sindenfermeiro.com.br\/index.php\/wp-json\/wp\/v2\/posts\/41428\/revisions"}],"predecessor-version":[{"id":41435,"href":"https:\/\/sindenfermeiro.com.br\/index.php\/wp-json\/wp\/v2\/posts\/41428\/revisions\/41435"}],"wp:featuredmedia":[{"embeddable":true,"href":"https:\/\/sindenfermeiro.com.br\/index.php\/wp-json\/wp\/v2\/media\/41431"}],"wp:attachment":[{"href":"https:\/\/sindenfermeiro.com.br\/index.php\/wp-json\/wp\/v2\/media?parent=41428"}],"wp:term":[{"taxonomy":"category","embeddable":true,"href":"https:\/\/sindenfermeiro.com.br\/index.php\/wp-json\/wp\/v2\/categories?post=41428"},{"taxonomy":"post_tag","embeddable":true,"href":"https:\/\/sindenfermeiro.com.br\/index.php\/wp-json\/wp\/v2\/tags?post=41428"}],"curies":[{"name":"wp","href":"https:\/\/api.w.org\/{rel}","templated":true}]}}