{"id":41394,"date":"2021-04-05T16:33:45","date_gmt":"2021-04-05T19:33:45","guid":{"rendered":"https:\/\/sindenfermeiro.com.br\/?p=41394"},"modified":"2026-04-26T20:12:27","modified_gmt":"2026-04-26T23:12:27","slug":"nota-aos-profissionais-da-seguranca-uniao-e-a-nossa-arma-contra-o-virus","status":"publish","type":"post","link":"https:\/\/sindenfermeiro.com.br\/index.php\/2021\/04\/05\/nota-aos-profissionais-da-seguranca-uniao-e-a-nossa-arma-contra-o-virus\/","title":{"rendered":"Nota aos profissionais da seguran\u00e7a: uni\u00e3o \u00e9 a nossa arma contra o v\u00edrus"},"content":{"rendered":"<p><img loading=\"lazy\" decoding=\"async\" class=\"aligncenter wp-image-41395 \" src=\"https:\/\/sindenfermeiro.com.br\/wp-content\/uploads\/2021\/04\/SEGURANCA-E-SAUDE-FOTO-1024x1024.jpg\" alt=\"\" width=\"456\" height=\"456\" \/><\/p>\n<p>A determina\u00e7\u00e3o do GDF para que as sobras de vacinas contra o coronav\u00edrus sejam destinadas aos profissionais das for\u00e7as de seguran\u00e7a do Distrito Federal \u00e9 justa, e d\u00e1 respaldo ao trabalho de mais de 10 mil profissionais nas pol\u00edcias Civil e Militar que atuam diariamente nas ruas da capital.<\/p>\n<p>No entanto, desde que a medida passou a valer, profissionais da Enfermagem e de outras categorias \u2013 al\u00e9m de reportagens veiculadas na imprensa nos \u00faltimos dias \u2013 relatam recorrentes epis\u00f3dios de ass\u00e9dio moral, intimida\u00e7\u00e3o e trucul\u00eancia por parte de uma minoria de membros da Pol\u00edcia Militar (PMDF) e da Pol\u00edcia Civil (PCDF) para a aplica\u00e7\u00e3o de vacinas fora do protocolo estabelecido pela SES.<\/p>\n<p>\u00c9 importante salientar que o desacato a profissional de Enfermagem no exerc\u00edcio da profiss\u00e3o configura crime previsto no C\u00f3digo Penal Brasileiro, art. 331 \u2013 com pena de deten\u00e7\u00e3o de at\u00e9 dois anos.<\/p>\n<p>A atitude, al\u00e9m de reprov\u00e1vel, n\u00e3o encontra qualquer justificativa, j\u00e1 que n\u00e3o h\u00e1 vacinas para grande parte da popula\u00e7\u00e3o, e uma parcela significativa de profissionais da sa\u00fade \u2013 cerca de 25 mil, segundo o COREN-DF, ainda n\u00e3o foi imunizada. Ou seja: n\u00e3o adianta brigar, pois infelizmente essa \u00e9 a nossa realidade.<\/p>\n<p>Por fim, n\u00f3s ressaltamos a import\u00e2ncia dos profissionais da seguran\u00e7a p\u00fablica, e sabemos que o trabalho dessa categoria e de tantas outras \u00e9 fundamental nesse momento t\u00e3o delicado que o DF enfrenta. Mas s\u00f3 a uni\u00e3o de for\u00e7as ser\u00e1 capaz de reverter este quadro.<\/p>\n<p><strong>No entanto, uma minoria precisa entender que a farda n\u00e3o \u00e9 uma porta para privil\u00e9gios, e sim um compromisso com a popula\u00e7\u00e3o. Estamos trabalhando e queremos respeito.<\/strong><\/p>\n","protected":false},"excerpt":{"rendered":"<p>A determina\u00e7\u00e3o do GDF para que as sobras de vacinas contra o coronav\u00edrus sejam destinadas aos profissionais das for\u00e7as de seguran\u00e7a do Distrito Federal \u00e9 justa, e d\u00e1 respaldo ao trabalho de mais de 10 mil profissionais nas pol\u00edcias Civil e Militar que atuam diariamente nas ruas da capital. No entanto, desde que a medida [&hellip;]<\/p>\n","protected":false},"author":6,"featured_media":41395,"comment_status":"open","ping_status":"open","sticky":false,"template":"","format":"standard","meta":{"footnotes":""},"categories":[6,13,5],"tags":[424,694,598,584],"class_list":["post-41394","post","type-post","status-publish","format-standard","has-post-thumbnail","hentry","category-noticias","category-rede-privada","category-rede-publica","tag-coronavirus","tag-pcdf","tag-pmdf","tag-vacina"],"_links":{"self":[{"href":"https:\/\/sindenfermeiro.com.br\/index.php\/wp-json\/wp\/v2\/posts\/41394","targetHints":{"allow":["GET"]}}],"collection":[{"href":"https:\/\/sindenfermeiro.com.br\/index.php\/wp-json\/wp\/v2\/posts"}],"about":[{"href":"https:\/\/sindenfermeiro.com.br\/index.php\/wp-json\/wp\/v2\/types\/post"}],"author":[{"embeddable":true,"href":"https:\/\/sindenfermeiro.com.br\/index.php\/wp-json\/wp\/v2\/users\/6"}],"replies":[{"embeddable":true,"href":"https:\/\/sindenfermeiro.com.br\/index.php\/wp-json\/wp\/v2\/comments?post=41394"}],"version-history":[{"count":1,"href":"https:\/\/sindenfermeiro.com.br\/index.php\/wp-json\/wp\/v2\/posts\/41394\/revisions"}],"predecessor-version":[{"id":41396,"href":"https:\/\/sindenfermeiro.com.br\/index.php\/wp-json\/wp\/v2\/posts\/41394\/revisions\/41396"}],"wp:featuredmedia":[{"embeddable":true,"href":"https:\/\/sindenfermeiro.com.br\/index.php\/wp-json\/wp\/v2\/media\/41395"}],"wp:attachment":[{"href":"https:\/\/sindenfermeiro.com.br\/index.php\/wp-json\/wp\/v2\/media?parent=41394"}],"wp:term":[{"taxonomy":"category","embeddable":true,"href":"https:\/\/sindenfermeiro.com.br\/index.php\/wp-json\/wp\/v2\/categories?post=41394"},{"taxonomy":"post_tag","embeddable":true,"href":"https:\/\/sindenfermeiro.com.br\/index.php\/wp-json\/wp\/v2\/tags?post=41394"}],"curies":[{"name":"wp","href":"https:\/\/api.w.org\/{rel}","templated":true}]}}