{"id":41388,"date":"2021-03-31T17:16:38","date_gmt":"2021-03-31T20:16:38","guid":{"rendered":"https:\/\/sindenfermeiro.com.br\/?p=41388"},"modified":"2026-04-26T20:12:48","modified_gmt":"2026-04-26T23:12:48","slug":"sindenfermeiro-questiona-igesdf-sobre-suspensao-das-ferias-de-trabalhadores-por-tempo-indeterminado","status":"publish","type":"post","link":"https:\/\/sindenfermeiro.com.br\/index.php\/2021\/03\/31\/sindenfermeiro-questiona-igesdf-sobre-suspensao-das-ferias-de-trabalhadores-por-tempo-indeterminado\/","title":{"rendered":"SindEnfermeiro questiona IGESDF sobre suspens\u00e3o das f\u00e9rias de trabalhadores por tempo indeterminado"},"content":{"rendered":"<p><img loading=\"lazy\" decoding=\"async\" class=\"aligncenter wp-image-41371 \" src=\"https:\/\/sindenfermeiro.com.br\/wp-content\/uploads\/2021\/03\/Hospital-de-Base-2-1-1000x600-1.jpg\" alt=\"\" width=\"642\" height=\"385\" srcset=\"https:\/\/sindenfermeiro.com.br\/wp-content\/uploads\/2021\/03\/Hospital-de-Base-2-1-1000x600-1.jpg 1000w, https:\/\/sindenfermeiro.com.br\/wp-content\/uploads\/2021\/03\/Hospital-de-Base-2-1-1000x600-1-300x180.jpg 300w, https:\/\/sindenfermeiro.com.br\/wp-content\/uploads\/2021\/03\/Hospital-de-Base-2-1-1000x600-1-768x461.jpg 768w, https:\/\/sindenfermeiro.com.br\/wp-content\/uploads\/2021\/03\/Hospital-de-Base-2-1-1000x600-1-200x120.jpg 200w\" sizes=\"auto, (max-width: 642px) 100vw, 642px\" \/><\/p>\n<p>O Sindicato dos Enfermeiros do Distrito Federal enviou ontem (30) ofic\u00edo destinado ao Instituto de Gest\u00e3o Estrat\u00e9gica da Sa\u00fade do DF (IGESDF), com o objetivo de obter esclarecimentos sobre a suspens\u00e3o das f\u00e9rias de trabalhadores estatu\u00e1rios e celetistas que j\u00e1 estavam com datas deferidas, agendadas e confirmadas, de acordo com comunicado interno emitido na \u00faltima segunda (29) pelo instituto.<\/p>\n<p>No documento, o sindicato questiona a legalidade do pedido, especialmente no que diz respeito \u00e0s normas trabalhistas \u2013 que garantem aos colaboradores o direito \u00e0s f\u00e9rias quando estas j\u00e1 foram agendadas e comunicadas previamente, assim como quando est\u00e3o pr\u00f3ximos de ultrapassar o limite de acumula\u00e7\u00e3o de per\u00edodos aquisitivos ou comprovem preju\u00edzo financeiro com a suspens\u00e3o das f\u00e9rias.<\/p>\n<p>De acordo com a presidente do SindEnfermeiro, Dayse Amar\u00edlio, a not\u00edcia representou uma surpresa, j\u00e1 que at\u00e9 trabalhadores que tiveram suas f\u00e9rias marcadas e com previs\u00e3o de pagamento para o pr\u00f3ximo m\u00eas foram atingidos com a medida. Dayse ressalta, ainda, que o problema da falta de pessoal n\u00e3o ser\u00e1 resolvido dessa maneira.<\/p>\n<p>\u201cN\u00f3s pedimos esclarecimentos ao IGES porque a gente entende o momento \u00e9 dif\u00edcil, mas essa n\u00e3o ser\u00e1 a solu\u00e7\u00e3o para o problema, e pode ainda gerar um aumento no absente\u00edsmo, que como j\u00e1 sabemos \u00e9 enorme por conta dos desgaste f\u00edsico e emocional dos profissionais. \u00c9 preciso que seja feito todo um esfor\u00e7o para que situa\u00e7\u00f5es como essa n\u00e3o venham a acontecer\u201d, afirmou.<\/p>\n<p>Dayse lembra, ainda, que as f\u00e9rias para os colaboradores ganham import\u00e2ncia ainda maior no contexto da pandemia.<\/p>\n<p>\u201cApesar do momento que enfrentamos, sabemos [a import\u00e2ncia das f\u00e9rias] desses profissionais, que est\u00e3o h\u00e1 um ano sem descanso e vivendo numa situa\u00e7\u00e3o ca\u00f3tica com a pandemia \u2013 o que est\u00e1 gerando grande desgaste\u201d.<\/p>\n<p><strong>Falta orienta\u00e7\u00e3o<\/strong><\/p>\n<p>A presidente do SindEnfermeiro relata que muitas chefias de setor n\u00e3o est\u00e3o conseguindo passar as orienta\u00e7\u00f5es corretas aos colaboradores, o que tem gerado grande confus\u00e3o na hora de definir quem teve o direito suspenso ou n\u00e3o.<\/p>\n<p>\u201cEstamos pedindo esclarecimentos tamb\u00e9m porque muitas chefias n\u00e3o est\u00e3o sabendo informar com exatid\u00e3o quantos colaboradores ter\u00e3o suas f\u00e9rias suspensas, inclusive em rela\u00e7\u00e3o \u00e0queles que tinham f\u00e9rias marcadas e agendadas, al\u00e9m daqueles que j\u00e1 est\u00e3o com suas f\u00e9rias vencidas h\u00e1 mais de um ano\u201d, apontou.<\/p>\n<p><strong>Convoca\u00e7\u00e3o de concursados<\/strong><\/p>\n<p>Por fim, Dayse afirmou ainda que \u201c\u00e9 necess\u00e1rio que seja feito todo um esfor\u00e7o no sentido de, primeiramente, chamar os concursados que aguardam convoca\u00e7\u00e3o para os cargos estatut\u00e1rios, e em \u00faltimo caso a amplia\u00e7\u00e3o das cargas hor\u00e1rias para 40h dos trabalhadores que assim desejam, al\u00e9m da cria\u00e7\u00e3o de processo seletivo para a contrata\u00e7\u00e3o de celetistas \u2013 para que assim o instituto possa prestar a assist\u00eancia adequada sem interferir no pleno descanso daqueles que est\u00e3o em gozo das suas f\u00e9rias\u201d.<\/p>\n<p><strong>Entenda o caso<\/strong><\/p>\n<p>Em comunicado interno emitido na \u00faltima segunda (29), o Instituto de Gest\u00e3o Estrat\u00e9gica da Sa\u00fade do DF (IGESDF) suspendeu as f\u00e9rias dos profissionais estatu\u00e1rios e celetistas que atuam nos hospitais de Santa Maria (HRSM), Base (HBDF), e em todas as Unidades de Pronto Atendimento (UPAs) do Distrito Federal.<\/p>\n<p>De acordo com o instituto, a medida foi tomada com o objetivo de refor\u00e7ar o atendimento em meio \u00e0 escalada de casos do coronav\u00edrus e o aumento das interna\u00e7\u00f5es, citando trecho da Consolida\u00e7\u00e3o das Leis do Trabalho (CLT) que prev\u00ea que \u201cocorrendo necessidade imperiosa, poder\u00e1 a dura\u00e7\u00e3o do trabalho exceder do limite legal ou convencionado, seja para fazer face a motivo de for\u00e7a maior, seja para atender \u00e0 realiza\u00e7\u00e3o ou conclus\u00e3o de servi\u00e7os inadi\u00e1veis\u201d.<\/p>\n<p>O IGESDF respondeu ao of\u00edcio do sindicato afirmando que, nos casos de comprovado preju\u00edzo financeiro, o servidor poder\u00e1 ingressar com pedido de revis\u00e3o da suspens\u00e3o via Sistema Eletr\u00f4nico de Informa\u00e7\u00f5es (SEI).<\/p>\n<p>O SindEnfermeiro-DF reafirma seu compromisso em defesa dos colaboradores do IGESDF, e aguarda respostas mais detalhadas do instituto sobre as suspens\u00f5es de f\u00e9rias. O sindicato estuda ainda as medidas jur\u00eddicas cab\u00edveis para proteger os interesses dos trabalhadores.<\/p>\n","protected":false},"excerpt":{"rendered":"<p>O Sindicato dos Enfermeiros do Distrito Federal enviou ontem (30) ofic\u00edo destinado ao Instituto de Gest\u00e3o Estrat\u00e9gica da Sa\u00fade do DF (IGESDF), com o objetivo de obter esclarecimentos sobre a suspens\u00e3o das f\u00e9rias de trabalhadores estatu\u00e1rios e celetistas que j\u00e1 estavam com datas deferidas, agendadas e confirmadas, de acordo com comunicado interno emitido na \u00faltima [&hellip;]<\/p>\n","protected":false},"author":6,"featured_media":41371,"comment_status":"open","ping_status":"open","sticky":false,"template":"","format":"standard","meta":{"footnotes":""},"categories":[6,13,5],"tags":[310,693,354],"class_list":["post-41388","post","type-post","status-publish","format-standard","has-post-thumbnail","hentry","category-noticias","category-rede-privada","category-rede-publica","tag-iges","tag-oficio","tag-servidores"],"_links":{"self":[{"href":"https:\/\/sindenfermeiro.com.br\/index.php\/wp-json\/wp\/v2\/posts\/41388","targetHints":{"allow":["GET"]}}],"collection":[{"href":"https:\/\/sindenfermeiro.com.br\/index.php\/wp-json\/wp\/v2\/posts"}],"about":[{"href":"https:\/\/sindenfermeiro.com.br\/index.php\/wp-json\/wp\/v2\/types\/post"}],"author":[{"embeddable":true,"href":"https:\/\/sindenfermeiro.com.br\/index.php\/wp-json\/wp\/v2\/users\/6"}],"replies":[{"embeddable":true,"href":"https:\/\/sindenfermeiro.com.br\/index.php\/wp-json\/wp\/v2\/comments?post=41388"}],"version-history":[{"count":4,"href":"https:\/\/sindenfermeiro.com.br\/index.php\/wp-json\/wp\/v2\/posts\/41388\/revisions"}],"predecessor-version":[{"id":41393,"href":"https:\/\/sindenfermeiro.com.br\/index.php\/wp-json\/wp\/v2\/posts\/41388\/revisions\/41393"}],"wp:featuredmedia":[{"embeddable":true,"href":"https:\/\/sindenfermeiro.com.br\/index.php\/wp-json\/wp\/v2\/media\/41371"}],"wp:attachment":[{"href":"https:\/\/sindenfermeiro.com.br\/index.php\/wp-json\/wp\/v2\/media?parent=41388"}],"wp:term":[{"taxonomy":"category","embeddable":true,"href":"https:\/\/sindenfermeiro.com.br\/index.php\/wp-json\/wp\/v2\/categories?post=41388"},{"taxonomy":"post_tag","embeddable":true,"href":"https:\/\/sindenfermeiro.com.br\/index.php\/wp-json\/wp\/v2\/tags?post=41388"}],"curies":[{"name":"wp","href":"https:\/\/api.w.org\/{rel}","templated":true}]}}