{"id":41383,"date":"2021-03-31T15:21:20","date_gmt":"2021-03-31T18:21:20","guid":{"rendered":"https:\/\/sindenfermeiro.com.br\/?p=41383"},"modified":"2026-04-26T20:13:45","modified_gmt":"2026-04-26T23:13:45","slug":"apos-denuncias-acao-conjunta-covid-19-vai-ao-hrt-averiguar-situacao-da-unidade","status":"publish","type":"post","link":"https:\/\/sindenfermeiro.com.br\/index.php\/2021\/03\/31\/apos-denuncias-acao-conjunta-covid-19-vai-ao-hrt-averiguar-situacao-da-unidade\/","title":{"rendered":"Ap\u00f3s den\u00fancias, A\u00e7\u00e3o Conjunta Covid-19 vai ao HRT averiguar situa\u00e7\u00e3o da unidade"},"content":{"rendered":"<p><img loading=\"lazy\" decoding=\"async\" class=\"size-medium wp-image-41384 aligncenter\" src=\"https:\/\/sindenfermeiro.com.br\/wp-content\/uploads\/2021\/03\/WhatsApp-Image-2021-03-31-at-13.40.37-300x225.jpeg\" alt=\"\" width=\"300\" height=\"225\" srcset=\"https:\/\/sindenfermeiro.com.br\/wp-content\/uploads\/2021\/03\/WhatsApp-Image-2021-03-31-at-13.40.37-300x225.jpeg 300w, https:\/\/sindenfermeiro.com.br\/wp-content\/uploads\/2021\/03\/WhatsApp-Image-2021-03-31-at-13.40.37-768x576.jpeg 768w, https:\/\/sindenfermeiro.com.br\/wp-content\/uploads\/2021\/03\/WhatsApp-Image-2021-03-31-at-13.40.37.jpeg 1024w\" sizes=\"auto, (max-width: 300px) 100vw, 300px\" \/><\/p>\n<p>&nbsp;<\/p>\n<p>A A\u00e7\u00e3o Conjunta Covid-19 esteve hoje (31) no Hospital Regional de Taguatinga (HRT), para averiguar den\u00fancias recebidas no in\u00edcio da semana, e acompanhar de perto as condi\u00e7\u00f5es oferecidas pela unidade para o atendimento \u00e0 popula\u00e7\u00e3o, bem como a disponibilidade de leitos, insumos para os profissionais e organiza\u00e7\u00e3o dos fluxos de atendimento.<\/p>\n<p>Participaram da visita a presidente do SindEnfermeiro, Dayse Amar\u00edlio e o secret\u00e1rio-geral da entidade, Jorge Henrique, al\u00e9m de representantes do Coren-DF, Conselho de Sa\u00fade do DF, CRESS-DF, OAB-DF e outras entidades. A fiscaliza\u00e7\u00e3o visitou diversas alas do hospital, especialmente as \u00e1reas destinadas aos pacientes contaminados pelo coronav\u00edrus, al\u00e9m de observar a disponibilidade de insumos necess\u00e1rios ao trabalho dos servidores.<\/p>\n<p>De acordo com den\u00fancias recebidas pela A\u00e7\u00e3o Conjunta, a unidade est\u00e1 sofrendo com a falta de pessoal \u2013 o que foi comprovado. Em um dos plant\u00f5es deste semana, de acordo com servidores, um \u00fanico enfermeiro ficou respons\u00e1vel pelo atendimento de 21 pacientes entubados e 100 internados. Al\u00e9m disso, foram destacados outros problemas como a falta de insumos e a superlota\u00e7\u00e3o do hospital.<\/p>\n<p><strong>Problemas come\u00e7am na entrada e na infraestrutura<\/strong><\/p>\n<p>Os problemas da unidade come\u00e7am j\u00e1 na classifica\u00e7\u00e3o e \u00e1rea de acolhimento dos pacientes, onde o local para triagem s\u00f3 possui barreiras de acr\u00edlico e ar-condicionado funcional atrav\u00e9s da arrecada\u00e7\u00e3o de valores entre os pr\u00f3prios servidores, de forma improvisada. Al\u00e9m disso, a mesma equipe que realiza a triagem dos pacientes com suspeita de contamina\u00e7\u00e3o pelo v\u00edrus, tamb\u00e9m cuida da triagem de todas as outras especialidades, como ortopedia, pediatria, oftamologia, ginecologia e a cl\u00ednica m\u00e9dica &#8211; que no momento s\u00f3 atende pacientes com risco iminente de morte.<\/p>\n<p>Durante a visita, foram observadas diversas irregularidades na estrutura f\u00edsica da unidade, como aparelhos de ar-condicionado gotejando, separa\u00e7\u00e3o de alas de isolamento destinadas aos pacientes com coronav\u00edrus feita apenas com um tapume \u2013 al\u00e9m de estar localizada entre as alas de interna\u00e7\u00e3o feminina, masculina e pedi\u00e1trica de pacientes que n\u00e3o possuem o v\u00edrus.<\/p>\n<p>A unidade, constru\u00edda na d\u00e9cada de 1970, nunca passou por grandes reformas estruturais, o que \u00e9 evidenciado ao olhar para os buracos na forra\u00e7\u00e3o do teto e outros vazamentos em toda a sua extens\u00e3o. O ar-condicionado central do HRT, inclusive, est\u00e1 sem contrato para a manuten\u00e7\u00e3o das suas depend\u00eancias h\u00e1 um ano.<\/p>\n<p><strong>Box de emerg\u00eancia n\u00e3o separa pacientes<\/strong><\/p>\n<p>Outro problema grave detectado no HRT diz respeito \u00e0 \u00e1rea do box de emerg\u00eancia, que na teoria n\u00e3o deveria abrigar pacientes com suspeita de contamina\u00e7\u00e3o pelo coronav\u00edrus. Mas, de acordo com a presidente do SindEnfermeiro, Dayse Amar\u00edlio, \u201crecebemos relatos de que \u00e0s vezes acontece de alguns pacientes irem direto para o box de emerg\u00eancia, e acabam ficando no mesmo local que outros pacientes internados em estado grave, mas sem o v\u00edrus\u201d.<\/p>\n<p><strong>Insumos em n\u00edveis cr\u00edticos, descarte irregular e gambiarras<\/strong><\/p>\n<p>A falta de equipamentos e os estoques cr\u00edticos de medicamentos e insumos na unidade tamb\u00e9m se mostraram fatores preocupantes. Foram constatados casos de respiradores e monitores necessitando de manuten\u00e7\u00e3o \u2013 e portanto, parados. Em diversos setores, os enfermeiros e outros servidores n\u00e3o tinham acesso \u00e0s m\u00e1scaras do tipo N95 \u2013 recomendadas para o uso hospitalar.<\/p>\n<p>Outro ponto observado foi o n\u00famero de pontos de oxig\u00eanio compartilhados nas alas, onde dois e at\u00e9 tr\u00eas pacientes est\u00e3o conectados pelo mesmo ponto. Nas alas de pronto-socorro e o box de emerg\u00eancia, faltam bombas de infus\u00e3o e medicamentos sedativos, al\u00e9m de respiradores &#8211; o que significa que, naquele momento, se algum paciente necessitasse de um respirador, o equipamento teria que ser buscado em outra unidade, ou o atendimento nem poderia ser realizado.<\/p>\n<p>A for\u00e7a-tarefa observou ainda ind\u00edcios de descarte irregular dos insumos utilizados pelas equipes. Lixeiras abarrotadas de capotes usados, luvas e outros materiais \u2013 inclusive espalhados pelo ch\u00e3o da unidade, e o uso de insumos como luvas \u00e9 controlado. Al\u00e9m disso, o sedativo midazolan s\u00f3 est\u00e1 dispon\u00edvel em ampolas de 3ml &#8211; e em n\u00edveis cr\u00edticos, bem como medicamentos neurobloqueadores.<\/p>\n<p><strong>Risco sanit\u00e1rio<\/strong><\/p>\n<p>Na visita ao &#8220;Covid\u00e1rio 1&#8221;, uma das alas destinadas aos pacientes com coronav\u00edrus, foi observado que al\u00e9m da proximidade com alas de pacientes n\u00e3o contaminados, os infectados ainda precisam acessar um corredor de uso comum para chegar at\u00e9 os banheiros reservados a eles, que s\u00e3o sinalizados apenas com uma pequena placa ao lado. Mesmo assim, foram v\u00e1rios os flagrantes de pessoas n\u00e3o infectadas dividindo os mesmos banheiros, refor\u00e7ando o risco de contamina\u00e7\u00e3o em massa na unidade.<\/p>\n<p>Ao fim de cada visita, a A\u00e7\u00e3o Conjunta Covid-19 far\u00e1 um relat\u00f3rio detalhando a situa\u00e7\u00e3o encontrada em cada unidade, encaminhando para os \u00f3rg\u00e3os competentes e apontando as recomenda\u00e7\u00f5es que devem ser seguidas pela institui\u00e7\u00e3o.<\/p>\n","protected":false},"excerpt":{"rendered":"<p>&nbsp; A A\u00e7\u00e3o Conjunta Covid-19 esteve hoje (31) no Hospital Regional de Taguatinga (HRT), para averiguar den\u00fancias recebidas no in\u00edcio da semana, e acompanhar de perto as condi\u00e7\u00f5es oferecidas pela unidade para o atendimento \u00e0 popula\u00e7\u00e3o, bem como a disponibilidade de leitos, insumos para os profissionais e organiza\u00e7\u00e3o dos fluxos de atendimento. Participaram da visita [&hellip;]<\/p>\n","protected":false},"author":6,"featured_media":41384,"comment_status":"open","ping_status":"open","sticky":false,"template":"","format":"standard","meta":{"footnotes":""},"categories":[6,13],"tags":[502,459,567,184],"class_list":["post-41383","post","type-post","status-publish","format-standard","has-post-thumbnail","hentry","category-noticias","category-rede-privada","tag-acao-conjunta","tag-denuncias","tag-fiscalizacao","tag-hrt"],"_links":{"self":[{"href":"https:\/\/sindenfermeiro.com.br\/index.php\/wp-json\/wp\/v2\/posts\/41383","targetHints":{"allow":["GET"]}}],"collection":[{"href":"https:\/\/sindenfermeiro.com.br\/index.php\/wp-json\/wp\/v2\/posts"}],"about":[{"href":"https:\/\/sindenfermeiro.com.br\/index.php\/wp-json\/wp\/v2\/types\/post"}],"author":[{"embeddable":true,"href":"https:\/\/sindenfermeiro.com.br\/index.php\/wp-json\/wp\/v2\/users\/6"}],"replies":[{"embeddable":true,"href":"https:\/\/sindenfermeiro.com.br\/index.php\/wp-json\/wp\/v2\/comments?post=41383"}],"version-history":[{"count":3,"href":"https:\/\/sindenfermeiro.com.br\/index.php\/wp-json\/wp\/v2\/posts\/41383\/revisions"}],"predecessor-version":[{"id":41387,"href":"https:\/\/sindenfermeiro.com.br\/index.php\/wp-json\/wp\/v2\/posts\/41383\/revisions\/41387"}],"wp:featuredmedia":[{"embeddable":true,"href":"https:\/\/sindenfermeiro.com.br\/index.php\/wp-json\/wp\/v2\/media\/41384"}],"wp:attachment":[{"href":"https:\/\/sindenfermeiro.com.br\/index.php\/wp-json\/wp\/v2\/media?parent=41383"}],"wp:term":[{"taxonomy":"category","embeddable":true,"href":"https:\/\/sindenfermeiro.com.br\/index.php\/wp-json\/wp\/v2\/categories?post=41383"},{"taxonomy":"post_tag","embeddable":true,"href":"https:\/\/sindenfermeiro.com.br\/index.php\/wp-json\/wp\/v2\/tags?post=41383"}],"curies":[{"name":"wp","href":"https:\/\/api.w.org\/{rel}","templated":true}]}}