{"id":41370,"date":"2021-03-30T15:35:07","date_gmt":"2021-03-30T18:35:07","guid":{"rendered":"https:\/\/sindenfermeiro.com.br\/?p=41370"},"modified":"2026-05-01T05:43:59","modified_gmt":"2026-05-01T08:43:59","slug":"sindenfermeiro-vai-ao-mpt-para-forcar-negociacoes-de-acordo-coletivo-do-igesdf","status":"publish","type":"post","link":"https:\/\/sindenfermeiro.com.br\/index.php\/2021\/03\/30\/sindenfermeiro-vai-ao-mpt-para-forcar-negociacoes-de-acordo-coletivo-do-igesdf\/","title":{"rendered":"SindEnfermeiro vai ao MPT para for\u00e7ar negocia\u00e7\u00f5es de acordo coletivo do IGESDF"},"content":{"rendered":"<p><img loading=\"lazy\" decoding=\"async\" class=\"size-medium wp-image-41371 aligncenter\" src=\"https:\/\/sindenfermeiro.com.br\/wp-content\/uploads\/2021\/03\/Hospital-de-Base-2-1-1000x600-1-300x180.jpg\" alt=\"\" width=\"300\" height=\"180\" srcset=\"https:\/\/sindenfermeiro.com.br\/wp-content\/uploads\/2021\/03\/Hospital-de-Base-2-1-1000x600-1-300x180.jpg 300w, https:\/\/sindenfermeiro.com.br\/wp-content\/uploads\/2021\/03\/Hospital-de-Base-2-1-1000x600-1-768x461.jpg 768w, https:\/\/sindenfermeiro.com.br\/wp-content\/uploads\/2021\/03\/Hospital-de-Base-2-1-1000x600-1-200x120.jpg 200w, https:\/\/sindenfermeiro.com.br\/wp-content\/uploads\/2021\/03\/Hospital-de-Base-2-1-1000x600-1.jpg 1000w\" sizes=\"auto, (max-width: 300px) 100vw, 300px\" \/><\/p>\n<p style=\"text-align: center\"><span style=\"font-size: 10pt\">Foto: reprodu\u00e7\u00e3o da internet\/Google imagens<\/span><\/p>\n<p>O departamento jur\u00eddico do SindEnfermeiro-DF entrou ontem (29) com pedido de media\u00e7\u00e3o junto ao Minist\u00e9rio P\u00fablico do Trabalho do Distrito Federal (MPT-DF) para que o Instituto de Gest\u00e3o Estrat\u00e9gica do DF (IGESDF) se proponha a discutir os termos da renova\u00e7\u00e3o do acordo coletivo de trabalho (ACT) das enfermeiras e enfermeiros do Instituto.<\/p>\n<p>A medida foi tomada ap\u00f3s o sindicato tentar, sem sucesso, negociar junto ao IGES para a atualiza\u00e7\u00e3o do acordo \u2013 que est\u00e1 sem vig\u00eancia desde setembro de 2020. Com isso, o instituto ser\u00e1 convocado em breve para comparecer \u00e0s audi\u00eancias de concilia\u00e7\u00e3o e negociar o ACT.<\/p>\n<p>De acordo com a presidente do SindEnfermeiro, Dayse Amar\u00edlio, o per\u00edodo de transi\u00e7\u00e3o entre as gest\u00f5es dificultou ainda mais o processo. Ela ainda relembrou que o acordo coletivo \u00e9 tamb\u00e9m uma forma de resguardar os trabalhadores e o pr\u00f3prio instituto.<\/p>\n<p>\u201cN\u00f3s precisamos sentar o quanto antes para negociar o acordo, que inclusive j\u00e1 foi prorrogado anteriormente. Essa \u00e9 tamb\u00e9m uma forma de valorizar os colaboradores e diminuir as perdas em servi\u00e7o. Al\u00e9m disso, o nosso objetivo com o acordo \u00e9 de n\u00e3o apenas garantir o reajuste pecuni\u00e1rio, como tamb\u00e9m manter e at\u00e9 ampliar as cl\u00e1usulas sociais previstas no documento\u201d, afirmou.<\/p>\n<p><strong>Promessa de renegocia\u00e7\u00e3o salarial<\/strong><\/p>\n<p>O acordo com a antiga gest\u00e3o \u2013 que estabelecia a prorroga\u00e7\u00e3o do acordo coletivo de 2019\/2020 \u2013 foi uma maneira de manter as cl\u00e1usulas sociais previstas no documento, e que corriam o risco de serem extintas na ocasi\u00e3o. No entanto, o instituto havia se comprometido a renegociar as bases salariais no in\u00edcio de 2021 \u2013 o que n\u00e3o foi feito.<\/p>\n<p>Com a mudan\u00e7a de gest\u00e3o no in\u00edcio do ano, o sindicato retomou as negocia\u00e7\u00f5es para estabelecer um novo acordo coletivo para os trabalhadores da Enfermagem, mas n\u00e3o retornou nenhuma das solicita\u00e7\u00f5es feitas nos \u00faltimos meses.<\/p>\n","protected":false},"excerpt":{"rendered":"<p>Foto: reprodu\u00e7\u00e3o da internet\/Google imagens O departamento jur\u00eddico do SindEnfermeiro-DF entrou ontem (29) com pedido de media\u00e7\u00e3o junto ao Minist\u00e9rio P\u00fablico do Trabalho do Distrito Federal (MPT-DF) para que o Instituto de Gest\u00e3o Estrat\u00e9gica do DF (IGESDF) se proponha a discutir os termos da renova\u00e7\u00e3o do acordo coletivo de trabalho (ACT) das enfermeiras e enfermeiros [&hellip;]<\/p>\n","protected":false},"author":6,"featured_media":41371,"comment_status":"open","ping_status":"open","sticky":false,"template":"","format":"standard","meta":{"footnotes":""},"categories":[6,13],"tags":[285,7,54,313,691],"class_list":["post-41370","post","type-post","status-publish","format-standard","has-post-thumbnail","hentry","category-noticias","category-rede-privada","tag-acordo-coletivo","tag-enfermagem","tag-enfermeiros","tag-igesdf","tag-mp"],"_links":{"self":[{"href":"https:\/\/sindenfermeiro.com.br\/index.php\/wp-json\/wp\/v2\/posts\/41370","targetHints":{"allow":["GET"]}}],"collection":[{"href":"https:\/\/sindenfermeiro.com.br\/index.php\/wp-json\/wp\/v2\/posts"}],"about":[{"href":"https:\/\/sindenfermeiro.com.br\/index.php\/wp-json\/wp\/v2\/types\/post"}],"author":[{"embeddable":true,"href":"https:\/\/sindenfermeiro.com.br\/index.php\/wp-json\/wp\/v2\/users\/6"}],"replies":[{"embeddable":true,"href":"https:\/\/sindenfermeiro.com.br\/index.php\/wp-json\/wp\/v2\/comments?post=41370"}],"version-history":[{"count":8,"href":"https:\/\/sindenfermeiro.com.br\/index.php\/wp-json\/wp\/v2\/posts\/41370\/revisions"}],"predecessor-version":[{"id":41536,"href":"https:\/\/sindenfermeiro.com.br\/index.php\/wp-json\/wp\/v2\/posts\/41370\/revisions\/41536"}],"wp:featuredmedia":[{"embeddable":true,"href":"https:\/\/sindenfermeiro.com.br\/index.php\/wp-json\/wp\/v2\/media\/41371"}],"wp:attachment":[{"href":"https:\/\/sindenfermeiro.com.br\/index.php\/wp-json\/wp\/v2\/media?parent=41370"}],"wp:term":[{"taxonomy":"category","embeddable":true,"href":"https:\/\/sindenfermeiro.com.br\/index.php\/wp-json\/wp\/v2\/categories?post=41370"},{"taxonomy":"post_tag","embeddable":true,"href":"https:\/\/sindenfermeiro.com.br\/index.php\/wp-json\/wp\/v2\/tags?post=41370"}],"curies":[{"name":"wp","href":"https:\/\/api.w.org\/{rel}","templated":true}]}}