{"id":41362,"date":"2021-03-30T11:59:20","date_gmt":"2021-03-30T14:59:20","guid":{"rendered":"https:\/\/sindenfermeiro.com.br\/?p=41362"},"modified":"2026-04-27T00:22:27","modified_gmt":"2026-04-27T03:22:27","slug":"hran-vira-alvo-do-ministerio-publico-de-contas-apos-denuncias-da-acao-conjunta-covid-19","status":"publish","type":"post","link":"https:\/\/sindenfermeiro.com.br\/index.php\/2021\/03\/30\/hran-vira-alvo-do-ministerio-publico-de-contas-apos-denuncias-da-acao-conjunta-covid-19\/","title":{"rendered":"HRAN vira alvo do Minist\u00e9rio P\u00fablico de Contas ap\u00f3s den\u00fancias da A\u00e7\u00e3o Conjunta Covid-19"},"content":{"rendered":"<p><img loading=\"lazy\" decoding=\"async\" class=\"alignnone size-medium wp-image-41229 aligncenter\" src=\"https:\/\/sindenfermeiro.com.br\/wp-content\/uploads\/2021\/03\/WhatsApp-Image-2021-03-09-at-16.15.42-300x225.jpeg\" alt=\"\" width=\"300\" height=\"225\" srcset=\"https:\/\/sindenfermeiro.com.br\/wp-content\/uploads\/2021\/03\/WhatsApp-Image-2021-03-09-at-16.15.42-300x225.jpeg 300w, https:\/\/sindenfermeiro.com.br\/wp-content\/uploads\/2021\/03\/WhatsApp-Image-2021-03-09-at-16.15.42-1024x766.jpeg 1024w, https:\/\/sindenfermeiro.com.br\/wp-content\/uploads\/2021\/03\/WhatsApp-Image-2021-03-09-at-16.15.42-768x575.jpeg 768w, https:\/\/sindenfermeiro.com.br\/wp-content\/uploads\/2021\/03\/WhatsApp-Image-2021-03-09-at-16.15.42.jpeg 1280w\" sizes=\"auto, (max-width: 300px) 100vw, 300px\" \/><\/p>\n<p>Na \u00faltima sexta (26), o Minist\u00e9rio P\u00fablico de Contas do Distrito Federal (MPC-DF) entrou com representa\u00e7\u00e3o no Tribunal de Contas do DF (TCDF) para que sejam apuradas as irregularidades encontradas no Hospital Regional da Asa Norte \u2013 com base no relat\u00f3rio produzido pela A\u00e7\u00e3o Conjunta Covid-19, iniciativa da qual o SindEnfermeiro-DF \u00e9 um dos idealizadores e participa ativamente desde sua cria\u00e7\u00e3o.<\/p>\n<p>O documento lista uma s\u00e9rie de quest\u00f5es a serem verificadas \u2013 desde problemas no dimensionamento e controle do fluxo de pacientes, passando pela baixa qualidade e at\u00e9 a falta de insumos b\u00e1sicos ao trabalho dos profissionais de sa\u00fade, infraestrutura f\u00edsica prec\u00e1ria, entre outros pontos.<\/p>\n<p>No pedido do MPC, foi solicitado que o Tribunal receba a solicita\u00e7\u00e3o e convoque a Secretaria de Sa\u00fade para prestar esclarecimentos no prazo de cinco dias a partir da notifica\u00e7\u00e3o do \u00f3rg\u00e3o, sobre as quest\u00f5es a seguir:<\/p>\n<p><strong>\u2022 M\u00e1scaras<\/strong> \u2013 com as suspeitas de compra de materiais inadequados, como a m\u00e1scara KN95, o pedido solicita os dados sobre o fornecedor, incluindo contrato, para an\u00e1lise da Corte;<br \/>\n<strong>\u2022 Manuten\u00e7\u00e3o da estrutura f\u00edsica<\/strong> \u2013 o pedido solicita informa\u00e7\u00f5es sobre os contratos de manuten\u00e7\u00e3o predial no HRAN, al\u00e9m de mais informa\u00e7\u00f5es sobre disponibilidade de monitores e respiradores. Nas visitas da A\u00e7\u00e3o Conjunta, foram observados diversos problemas como vazamentos nos banheiros e corredores, ar condicionado quebrado, al\u00e9m de local inadequado para paramenta\u00e7\u00e3o dos servidores;<br \/>\n<strong>\u2022 Falta de pessoal<\/strong> \u2013 no documento, tamb\u00e9m est\u00e1 em pauta o d\u00e9ficit de servidores \u2013 se h\u00e1, qual \u00e9 e que provid\u00eancias foram tomadas para contornar a situa\u00e7\u00e3o;<\/p>\n<p><img loading=\"lazy\" decoding=\"async\" class=\"size-medium wp-image-41363 aligncenter\" src=\"https:\/\/sindenfermeiro.com.br\/wp-content\/uploads\/2021\/03\/HRAN-HOSPITAL-REGIONAL-DA-ASA-NORTE-FOTO-BRENO-ESAKI-2-1-300x200.jpg\" alt=\"\" width=\"300\" height=\"200\" srcset=\"https:\/\/sindenfermeiro.com.br\/wp-content\/uploads\/2021\/03\/HRAN-HOSPITAL-REGIONAL-DA-ASA-NORTE-FOTO-BRENO-ESAKI-2-1-300x200.jpg 300w, https:\/\/sindenfermeiro.com.br\/wp-content\/uploads\/2021\/03\/HRAN-HOSPITAL-REGIONAL-DA-ASA-NORTE-FOTO-BRENO-ESAKI-2-1-1024x682.jpg 1024w, https:\/\/sindenfermeiro.com.br\/wp-content\/uploads\/2021\/03\/HRAN-HOSPITAL-REGIONAL-DA-ASA-NORTE-FOTO-BRENO-ESAKI-2-1-768x511.jpg 768w, https:\/\/sindenfermeiro.com.br\/wp-content\/uploads\/2021\/03\/HRAN-HOSPITAL-REGIONAL-DA-ASA-NORTE-FOTO-BRENO-ESAKI-2-1-1536x1022.jpg 1536w, https:\/\/sindenfermeiro.com.br\/wp-content\/uploads\/2021\/03\/HRAN-HOSPITAL-REGIONAL-DA-ASA-NORTE-FOTO-BRENO-ESAKI-2-1.jpg 1920w\" sizes=\"auto, (max-width: 300px) 100vw, 300px\" \/><\/p>\n<p style=\"text-align: center\"><span style=\"font-size: 10pt\">Foto: Breno Esaki <\/span><\/p>\n<p>A diretoria da unidade tamb\u00e9m \u00e9 citada no pedido, para que esclare\u00e7a a quest\u00e3o da falta de insumos, bem como a possibilidade do hospital n\u00e3o ter seguido o fluxo organizacional de distribui\u00e7\u00e3o dos insumos, como afirmado na Reuni\u00e3o da Comiss\u00e3o Especial de Parlamentares do DF, no \u00faltimo dia 15.<\/p>\n<p>O trabalho de fiscaliza\u00e7\u00e3o da A\u00e7\u00e3o Conjunta Covid-19 desempenhou, durante o \u00faltimo ano, um papel fundamental no controle de poss\u00edveis irregularidades na presta\u00e7\u00e3o da assist\u00eancia em meio \u00e0 pandemia do coronav\u00edrus, contando com a uni\u00e3o de diversas frentes \u2013 Al\u00e9m do SindEnfermeiro-DF, representantes da C\u00e2mara Legislativa do DF, OAB-DF, Conselho de Sa\u00fade do DF, COREN-DF, ABEn-DF, Sindate-DF, Conselho Regional de Psicologia e Conselho Regional de Servi\u00e7o Social do DF participam dos trabalhos.<\/p>\n<p>Todas as visitas s\u00e3o alvo de um relat\u00f3rio para detalhar todos os pontos observados, e quando h\u00e1 irregularidades, os \u00f3rg\u00e3os competentes s\u00e3o acionados para que possam tomar todas as medidas cab\u00edveis.<\/p>\n<ul>\n<li><strong>Leia a \u00edntegra do documento <a href=\"https:\/\/sindenfermeiro.com.br\/wp-content\/uploads\/2021\/03\/SEI_00600_00002690_2021_04.pdf\">aqui\u00a0<\/a><\/strong><\/li>\n<\/ul>\n","protected":false},"excerpt":{"rendered":"<p>Na \u00faltima sexta (26), o Minist\u00e9rio P\u00fablico de Contas do Distrito Federal (MPC-DF) entrou com representa\u00e7\u00e3o no Tribunal de Contas do DF (TCDF) para que sejam apuradas as irregularidades encontradas no Hospital Regional da Asa Norte \u2013 com base no relat\u00f3rio produzido pela A\u00e7\u00e3o Conjunta Covid-19, iniciativa da qual o SindEnfermeiro-DF \u00e9 um dos idealizadores [&hellip;]<\/p>\n","protected":false},"author":6,"featured_media":41363,"comment_status":"open","ping_status":"open","sticky":false,"template":"","format":"standard","meta":{"footnotes":""},"categories":[6,5],"tags":[59,484,84,258,691],"class_list":["post-41362","post","type-post","status-publish","format-standard","has-post-thumbnail","hentry","category-noticias","category-rede-publica","tag-brasilia","tag-covid","tag-df","tag-hran","tag-mp"],"_links":{"self":[{"href":"https:\/\/sindenfermeiro.com.br\/index.php\/wp-json\/wp\/v2\/posts\/41362","targetHints":{"allow":["GET"]}}],"collection":[{"href":"https:\/\/sindenfermeiro.com.br\/index.php\/wp-json\/wp\/v2\/posts"}],"about":[{"href":"https:\/\/sindenfermeiro.com.br\/index.php\/wp-json\/wp\/v2\/types\/post"}],"author":[{"embeddable":true,"href":"https:\/\/sindenfermeiro.com.br\/index.php\/wp-json\/wp\/v2\/users\/6"}],"replies":[{"embeddable":true,"href":"https:\/\/sindenfermeiro.com.br\/index.php\/wp-json\/wp\/v2\/comments?post=41362"}],"version-history":[{"count":5,"href":"https:\/\/sindenfermeiro.com.br\/index.php\/wp-json\/wp\/v2\/posts\/41362\/revisions"}],"predecessor-version":[{"id":41369,"href":"https:\/\/sindenfermeiro.com.br\/index.php\/wp-json\/wp\/v2\/posts\/41362\/revisions\/41369"}],"wp:featuredmedia":[{"embeddable":true,"href":"https:\/\/sindenfermeiro.com.br\/index.php\/wp-json\/wp\/v2\/media\/41363"}],"wp:attachment":[{"href":"https:\/\/sindenfermeiro.com.br\/index.php\/wp-json\/wp\/v2\/media?parent=41362"}],"wp:term":[{"taxonomy":"category","embeddable":true,"href":"https:\/\/sindenfermeiro.com.br\/index.php\/wp-json\/wp\/v2\/categories?post=41362"},{"taxonomy":"post_tag","embeddable":true,"href":"https:\/\/sindenfermeiro.com.br\/index.php\/wp-json\/wp\/v2\/tags?post=41362"}],"curies":[{"name":"wp","href":"https:\/\/api.w.org\/{rel}","templated":true}]}}