{"id":41342,"date":"2021-03-29T17:17:24","date_gmt":"2021-03-29T20:17:24","guid":{"rendered":"https:\/\/sindenfermeiro.com.br\/?p=41342"},"modified":"2026-04-27T00:23:37","modified_gmt":"2026-04-27T03:23:37","slug":"sindenfermeiro-na-linha-de-frente-diretores-participam-de-campanha-de-vacinacao-em-diferentes-pontos-do-df","status":"publish","type":"post","link":"https:\/\/sindenfermeiro.com.br\/index.php\/2021\/03\/29\/sindenfermeiro-na-linha-de-frente-diretores-participam-de-campanha-de-vacinacao-em-diferentes-pontos-do-df\/","title":{"rendered":"SindEnfermeiro na linha de frente: diretores participam de campanha de vacina\u00e7\u00e3o em diferentes pontos do DF"},"content":{"rendered":"<div id=\"attachment_41346\" style=\"width: 655px\" class=\"wp-caption aligncenter\"><img loading=\"lazy\" decoding=\"async\" aria-describedby=\"caption-attachment-41346\" class=\"wp-image-41346\" src=\"https:\/\/sindenfermeiro.com.br\/wp-content\/uploads\/2021\/03\/WhatsApp-Image-2021-03-29-at-09.08.20-1024x766.jpeg\" alt=\"\" width=\"645\" height=\"482\" srcset=\"https:\/\/sindenfermeiro.com.br\/wp-content\/uploads\/2021\/03\/WhatsApp-Image-2021-03-29-at-09.08.20-1024x766.jpeg 1024w, https:\/\/sindenfermeiro.com.br\/wp-content\/uploads\/2021\/03\/WhatsApp-Image-2021-03-29-at-09.08.20-300x225.jpeg 300w, https:\/\/sindenfermeiro.com.br\/wp-content\/uploads\/2021\/03\/WhatsApp-Image-2021-03-29-at-09.08.20-768x575.jpeg 768w, https:\/\/sindenfermeiro.com.br\/wp-content\/uploads\/2021\/03\/WhatsApp-Image-2021-03-29-at-09.08.20.jpeg 1280w\" sizes=\"auto, (max-width: 645px) 100vw, 645px\" \/><p id=\"caption-attachment-41346\" class=\"wp-caption-text\">Foto: SindEnfermeiro-DF\/Reprodu\u00e7\u00e3o<\/p><\/div>\n<p>Desde o in\u00edcio da pandemia do coronav\u00edrus, h\u00e1 cerca de 1 ano, o SindEnfermeiro-DF esteve presente em todos os momentos para garantir o cumprimento dos direitos dos profissionais de Enfermagem, lutando diariamente por melhores condi\u00e7\u00f5es de trabalho e de assist\u00eancia \u00e0 popula\u00e7\u00e3o.<\/p>\n<p>Mas, como diz o nosso lema, somos \u201cmuito mais que um sindicato\u201d. E, antes de sermos representantes da nossa categoria, somos enfermeiros com o dever de cuidar e proteger a sa\u00fade das pessoas. E com essa premissa, diretores do SindEnfermeiro participaram de forma volunt\u00e1ria, durante o s\u00e1bado (27) e domingo (28), do mutir\u00e3o para vacinar as pessoas com mais de 67 anos, al\u00e9m dos profissionais de sa\u00fade que est\u00e3o na linha de frente.<\/p>\n<p><img loading=\"lazy\" decoding=\"async\" class=\"aligncenter wp-image-41350 \" src=\"https:\/\/sindenfermeiro.com.br\/wp-content\/uploads\/2021\/03\/WhatsApp-Image-2021-03-29-at-14.33.37-1024x759.jpeg\" alt=\"\" width=\"508\" height=\"376\" srcset=\"https:\/\/sindenfermeiro.com.br\/wp-content\/uploads\/2021\/03\/WhatsApp-Image-2021-03-29-at-14.33.37-1024x759.jpeg 1024w, https:\/\/sindenfermeiro.com.br\/wp-content\/uploads\/2021\/03\/WhatsApp-Image-2021-03-29-at-14.33.37-300x222.jpeg 300w, https:\/\/sindenfermeiro.com.br\/wp-content\/uploads\/2021\/03\/WhatsApp-Image-2021-03-29-at-14.33.37-768x570.jpeg 768w, https:\/\/sindenfermeiro.com.br\/wp-content\/uploads\/2021\/03\/WhatsApp-Image-2021-03-29-at-14.33.37.jpeg 1072w\" sizes=\"auto, (max-width: 508px) 100vw, 508px\" \/><\/p>\n<p>A presidente do SindEnfermeiro, Dayse Amar\u00edlio, a diretora \u00darsula Nepomuceno e os diretores Suderlan Sabino e Cleber Neves, que atuaram nos drive-thrus do Centro Universit\u00e1rio UniEuro e no Centro Universit\u00e1rio Planalto do DF (UNIPLAN), em \u00c1guas Claras, Parque da Cidade (Asa Sul) e Shopping Iguatemi (Lago Norte).<\/p>\n<p><strong>\u201cEu estou presidente, mas sou enfermeira\u201d<\/strong><\/p>\n<p><img loading=\"lazy\" decoding=\"async\" class=\"aligncenter wp-image-41344 \" src=\"https:\/\/sindenfermeiro.com.br\/wp-content\/uploads\/2021\/03\/WhatsApp-Image-2021-03-29-at-09.08.22.jpeg\" alt=\"\" width=\"582\" height=\"436\" srcset=\"https:\/\/sindenfermeiro.com.br\/wp-content\/uploads\/2021\/03\/WhatsApp-Image-2021-03-29-at-09.08.22.jpeg 1024w, https:\/\/sindenfermeiro.com.br\/wp-content\/uploads\/2021\/03\/WhatsApp-Image-2021-03-29-at-09.08.22-300x225.jpeg 300w, https:\/\/sindenfermeiro.com.br\/wp-content\/uploads\/2021\/03\/WhatsApp-Image-2021-03-29-at-09.08.22-768x576.jpeg 768w\" sizes=\"auto, (max-width: 582px) 100vw, 582px\" \/><\/p>\n<p>No domingo (28), a presidente do SindEnfermeiro, Dayse Amar\u00edlio, trabalhou no posto de vacina\u00e7\u00e3o localizado na UniEuro, em \u00c1guas Claras, e n\u00e3o escondeu a felicidade em poder ajudar num momento t\u00e3o importante. Segundo Dayse, \u201cmuitas pessoas perguntaram o porqu\u00ea de eu estar aqui de forma volunt\u00e1ria, em pleno domingo, mas na verdade eu fui pela responsabilidade que sinto ter com a popula\u00e7\u00e3o. Agora, estou aqui como presidente do sindicato, mas eu sou e sempre vou ser enfermeira. Essa foi a minha maneira de me solidarizar n\u00e3o apenas com a popula\u00e7\u00e3o, mas tamb\u00e9m com os colegas profissionais de sa\u00fade&#8221;, afirmou.<\/p>\n<p>Ela relembrou o trabalho desenvolvido pelo sindicato durante o \u00faltimo ano, classificando como \u201c\u00e1rduo\u201d, e afirmou, ainda, que \u201cn\u00e3o queria que nesse momento, n\u00f3s tiv\u00e9ssemos que contar com uma gest\u00e3o que pensa apenas em abrir leitos de UTI. Mas n\u00f3s vamos continuar na luta, inclusive pelos diretos da Enfermagem, onde as nossas pautas est\u00e3o sendo negligenciadas h\u00e1 d\u00e9cadas\u201d.<\/p>\n<p><strong>Momento de ajudar<\/strong><\/p>\n<p><img loading=\"lazy\" decoding=\"async\" class=\"aligncenter wp-image-41358 \" src=\"https:\/\/sindenfermeiro.com.br\/wp-content\/uploads\/2021\/03\/WhatsApp-Image-2021-03-29-at-14.26.10-2-1024x768.jpeg\" alt=\"\" width=\"630\" height=\"472\" srcset=\"https:\/\/sindenfermeiro.com.br\/wp-content\/uploads\/2021\/03\/WhatsApp-Image-2021-03-29-at-14.26.10-2-1024x768.jpeg 1024w, https:\/\/sindenfermeiro.com.br\/wp-content\/uploads\/2021\/03\/WhatsApp-Image-2021-03-29-at-14.26.10-2-300x225.jpeg 300w, https:\/\/sindenfermeiro.com.br\/wp-content\/uploads\/2021\/03\/WhatsApp-Image-2021-03-29-at-14.26.10-2-768x576.jpeg 768w, https:\/\/sindenfermeiro.com.br\/wp-content\/uploads\/2021\/03\/WhatsApp-Image-2021-03-29-at-14.26.10-2.jpeg 1280w\" sizes=\"auto, (max-width: 630px) 100vw, 630px\" \/><\/p>\n<p>A diretora \u00darsula Nepomuceno tamb\u00e9m participou da campanha de imuniza\u00e7\u00e3o realizada neste fim de semana, atuando no drive-thru da UNIPLAN, tamb\u00e9m em \u00c1guas Claras. \u00darsula ressaltou a import\u00e2ncia de trabalhar em prol da popula\u00e7\u00e3o, afirmando que o momento \u00e9 de se doar ao m\u00e1ximo.<\/p>\n<p>\u201cEstamos em um momento onde temos a obriga\u00e7\u00e3o de colaborar com a vacina\u00e7\u00e3o dos idosos e profissionais de Sa\u00fade que s\u00e3o os grupos mais vulner\u00e1veis na pandemia. Mesmo trabalhando 40 horas semanais, ser\u00e1 necess\u00e1rio se doar mais para que juntos possamos vencer essa guerra\u201d, afirmou.<\/p>\n<p><strong>&#8220;Somos indispens\u00e1veis nesse momento&#8221;<\/strong><\/p>\n<p><img loading=\"lazy\" decoding=\"async\" class=\"aligncenter wp-image-41359 \" src=\"https:\/\/sindenfermeiro.com.br\/wp-content\/uploads\/2021\/03\/WhatsApp-Image-2021-03-29-at-11.40.12-1024x768.jpeg\" alt=\"\" width=\"594\" height=\"445\" srcset=\"https:\/\/sindenfermeiro.com.br\/wp-content\/uploads\/2021\/03\/WhatsApp-Image-2021-03-29-at-11.40.12-1024x768.jpeg 1024w, https:\/\/sindenfermeiro.com.br\/wp-content\/uploads\/2021\/03\/WhatsApp-Image-2021-03-29-at-11.40.12-300x225.jpeg 300w, https:\/\/sindenfermeiro.com.br\/wp-content\/uploads\/2021\/03\/WhatsApp-Image-2021-03-29-at-11.40.12-768x576.jpeg 768w, https:\/\/sindenfermeiro.com.br\/wp-content\/uploads\/2021\/03\/WhatsApp-Image-2021-03-29-at-11.40.12.jpeg 1280w\" sizes=\"auto, (max-width: 594px) 100vw, 594px\" \/><\/p>\n<p>J\u00e1 o diretor Cleber Neves, que trabalhou no drive-thru do Shopping Iguatemi, no Lago Norte, afirmou que apesar do momento nebuloso que atravessamos com a pandemia e o cansa\u00e7o acumulado, a vacina\u00e7\u00e3o representa um alento \u2013 e ressaltou a import\u00e2ncia das medidas de distanciamento e higiene no combate ao v\u00edrus.<\/p>\n<p>\u201cHoje vivemos um momento dram\u00e1tico e sombrio que assola toda a humanidade. E n\u00f3s, enfermeiros, somos indispens\u00e1veis neste momento para que a gente consiga atravessar essa pandemia. Al\u00e9m das medidas de preven\u00e7\u00e3o como o distanciamento social e o uso de m\u00e1scaras a vacina \u00e9 o \u00fanico norte. O ato de estar vacinando \u00e9 lindo, pois \u00e9 um momento de esperan\u00e7a, um momento alegre em que sonhamos com um futuro melhor e com o controle da pandemia\u201d, finalizou.<\/p>\n<p><strong>Olhando pela Enfermagem<\/strong><\/p>\n<p>De acordo com os relatos de algumas servidoras que trabalharam no drive-thru, a sensa\u00e7\u00e3o era de acolhimento e de reconhecimento com as lutas travadas pelo sindicato, refor\u00e7ando a import\u00e2ncia da presen\u00e7a do SindEnfermeiro no dia a dia dos trabalhadores.<\/p>\n<p>A presidente do SindEnfermeiro relembra, por fim, que foi muito gratificante participar do mutir\u00e3o, e que &#8220;nenhuma contrapartida financeira seria melhor do que ver meus colegas recebendo nossa presen\u00e7a como um sopro de esperan\u00e7a&#8221;.<\/p>\n<div style=\"width: 480px;\" class=\"wp-video\"><video class=\"wp-video-shortcode\" id=\"video-41342-1\" width=\"480\" height=\"848\" preload=\"metadata\" controls=\"controls\"><source type=\"video\/mp4\" src=\"https:\/\/sindenfermeiro.com.br\/wp-content\/uploads\/2021\/03\/WhatsApp-Video-2021-03-29-at-16.21.24.mp4?_=1\" \/><a href=\"https:\/\/sindenfermeiro.com.br\/wp-content\/uploads\/2021\/03\/WhatsApp-Video-2021-03-29-at-16.21.24.mp4\">https:\/\/sindenfermeiro.com.br\/wp-content\/uploads\/2021\/03\/WhatsApp-Video-2021-03-29-at-16.21.24.mp4<\/a><\/video><\/div>\n<div style=\"width: 480px;\" class=\"wp-video\"><video class=\"wp-video-shortcode\" id=\"video-41342-2\" width=\"480\" height=\"480\" preload=\"metadata\" controls=\"controls\"><source type=\"video\/mp4\" src=\"https:\/\/sindenfermeiro.com.br\/wp-content\/uploads\/2021\/03\/WhatsApp-Video-2021-03-29-at-16.21.03.mp4?_=2\" \/><a href=\"https:\/\/sindenfermeiro.com.br\/wp-content\/uploads\/2021\/03\/WhatsApp-Video-2021-03-29-at-16.21.03.mp4\">https:\/\/sindenfermeiro.com.br\/wp-content\/uploads\/2021\/03\/WhatsApp-Video-2021-03-29-at-16.21.03.mp4<\/a><\/video><\/div>\n","protected":false},"excerpt":{"rendered":"<p>Desde o in\u00edcio da pandemia do coronav\u00edrus, h\u00e1 cerca de 1 ano, o SindEnfermeiro-DF esteve presente em todos os momentos para garantir o cumprimento dos direitos dos profissionais de Enfermagem, lutando diariamente por melhores condi\u00e7\u00f5es de trabalho e de assist\u00eancia \u00e0 popula\u00e7\u00e3o. Mas, como diz o nosso lema, somos \u201cmuito mais que um sindicato\u201d. E, [&hellip;]<\/p>\n","protected":false},"author":6,"featured_media":41346,"comment_status":"open","ping_status":"open","sticky":false,"template":"","format":"standard","meta":{"footnotes":""},"categories":[6,5],"tags":[56,584,690],"class_list":["post-41342","post","type-post","status-publish","format-standard","has-post-thumbnail","hentry","category-noticias","category-rede-publica","tag-sindicato","tag-vacina","tag-voluntario"],"_links":{"self":[{"href":"https:\/\/sindenfermeiro.com.br\/index.php\/wp-json\/wp\/v2\/posts\/41342","targetHints":{"allow":["GET"]}}],"collection":[{"href":"https:\/\/sindenfermeiro.com.br\/index.php\/wp-json\/wp\/v2\/posts"}],"about":[{"href":"https:\/\/sindenfermeiro.com.br\/index.php\/wp-json\/wp\/v2\/types\/post"}],"author":[{"embeddable":true,"href":"https:\/\/sindenfermeiro.com.br\/index.php\/wp-json\/wp\/v2\/users\/6"}],"replies":[{"embeddable":true,"href":"https:\/\/sindenfermeiro.com.br\/index.php\/wp-json\/wp\/v2\/comments?post=41342"}],"version-history":[{"count":2,"href":"https:\/\/sindenfermeiro.com.br\/index.php\/wp-json\/wp\/v2\/posts\/41342\/revisions"}],"predecessor-version":[{"id":41492,"href":"https:\/\/sindenfermeiro.com.br\/index.php\/wp-json\/wp\/v2\/posts\/41342\/revisions\/41492"}],"wp:featuredmedia":[{"embeddable":true,"href":"https:\/\/sindenfermeiro.com.br\/index.php\/wp-json\/wp\/v2\/media\/41346"}],"wp:attachment":[{"href":"https:\/\/sindenfermeiro.com.br\/index.php\/wp-json\/wp\/v2\/media?parent=41342"}],"wp:term":[{"taxonomy":"category","embeddable":true,"href":"https:\/\/sindenfermeiro.com.br\/index.php\/wp-json\/wp\/v2\/categories?post=41342"},{"taxonomy":"post_tag","embeddable":true,"href":"https:\/\/sindenfermeiro.com.br\/index.php\/wp-json\/wp\/v2\/tags?post=41342"}],"curies":[{"name":"wp","href":"https:\/\/api.w.org\/{rel}","templated":true}]}}