{"id":4132,"date":"2018-09-17T19:56:22","date_gmt":"2018-09-17T19:56:22","guid":{"rendered":"http:\/\/www.sindenfermeiro.com.br\/?p=4132"},"modified":"2026-04-26T14:23:08","modified_gmt":"2026-04-26T17:23:08","slug":"presidente-do-sindenfermeiro-participa-do-1o-seminario-sobre-a-saude-da-mulher-organizado-pelo-corendf","status":"publish","type":"post","link":"https:\/\/sindenfermeiro.com.br\/index.php\/2018\/09\/17\/presidente-do-sindenfermeiro-participa-do-1o-seminario-sobre-a-saude-da-mulher-organizado-pelo-corendf\/","title":{"rendered":"Presidente do SindEnfermeiro participa do 1\u00ba Semin\u00e1rio sobre a Sa\u00fade da Mulher organizado pelo COREN-DF"},"content":{"rendered":"<style type=\"text\/css\">\n#foogallery-gallery-4134 .fg-image { width: 640px; }<\/style>\n\t\t\t<div class=\"foogallery foogallery-container foogallery-image-viewer foogallery-link-image foogallery-lightbox-none fg-center fg-image-viewer fg-ready fg-light fg-border-thin fg-shadow-outline fg-loading-default fg-loaded-fade-in fg-caption-hover fg-hover-fade fg-hover-zoom\" id=\"foogallery-gallery-4134\" data-foogallery=\"{&quot;item&quot;:{&quot;showCaptionTitle&quot;:true,&quot;showCaptionDescription&quot;:true},&quot;lazy&quot;:true,&quot;template&quot;:{&quot;loop&quot;:true}}\" style=\"--fg-title-line-clamp: 0; --fg-description-line-clamp: 0;\" >\n\t<div class=\"fiv-inner\">\n\t\t<div class=\"fiv-inner-container\">\n\t\t\t\t\t<\/div>\n\t\t<div class=\"fiv-ctrls\">\n\t\t\t<button type=\"button\" class=\"fiv-prev\" title=\"Prev\"><span>Prev<\/span><\/button>\n\t\t\t<label class=\"fiv-count\"><span class=\"fiv-count-current\">1<\/span>of<span class=\"fiv-count-total\">15<\/span><\/label>\n\t\t\t<button type=\"button\" class=\"fiv-next\" title=\"Next\"><span>Next<\/span><\/button>\n\t\t<\/div>\n\t<\/div>\n<\/div>\n<p style=\"text-align: justify\"><span style=\"font-size: 8pt\"><strong>Texto: Marcelo Tobias<\/strong><\/span><\/p>\n<p><span style=\"font-size: 8pt\"><strong>Foto: Marcelo Tobias<\/strong><\/span><\/p>\n<p><span style=\"font-size: 8pt\"><strong>Edi\u00e7\u00e3o de imagens: Pedro Vinicius Lima<\/strong><\/span><\/p>\n<p>&nbsp;<\/p>\n<p style=\"text-align: justify\">A presidente do SindEnfermeiro-DF, Dayse Amar\u00edlio, representando a Frente \u00danica da Enfermagem (FUEnf) , participou na manh\u00e3 dessa segunda-feira (17) do 1\u00ba Semin\u00e1rio de Implanta\u00e7\u00e3o da Comiss\u00e3o T\u00e9cnica da Sa\u00fade da Mulher do COREN-DF. A inten\u00e7\u00e3o do evento era informar e debater com os profissionais de enfermagem os processos de trabalho na configura\u00e7\u00e3o de cuidado \u00e0 sa\u00fade das mulheres a partir da enfermagem obst\u00e9trica, da enfermagem ginecol\u00f3gica e da enfermagem neonatal.<\/p>\n<p style=\"text-align: justify\">O presidente do Conselho Regional de Enfermagem do Distrito Federal (COREN-DF) e anfitri\u00e3o do evento, Marcos Wesley, recebeu os representantes do Sindicato dos Auxiliares e T\u00e9cnicos em Enfermagem do Distrito Federal (SINDATE-DF), Conselho Federal de Enfermagem (Cofen), da Japan International Cooperation Agency (JICA)\u00a0 Associa\u00e7\u00e3o Brasileira de Obstetrizes e Enfermeiros Obstetras do Distrito Federal (ABENFO-DF) e da Associa\u00e7\u00e3o Brasileira de Obstetrizes e Enfermeiros Obstetras (ABENFO-Nacional).<\/p>\n<p style=\"text-align: justify\">Durante a abertura do evento, Dayse Amar\u00edlio falou sobre a import\u00e2ncia de a sociedade estar envolvida e entender os processos que envolvem a enfermagem e ressaltou a necessidade de mais representantes que lutem pela a enfermagem. \u201cN\u00f3s precisamos ocupar de uma vez por todas os espa\u00e7os de gest\u00e3o, decis\u00f3rios e de poder. Precisamos nos envolver nessas quest\u00f5es, pois se n\u00e3o ocuparmos esses espa\u00e7os, n\u00e3o vamos chegar muito longe\u201d, disse.<\/p>\n<p style=\"text-align: justify\"><strong>Qualidade na forma\u00e7\u00e3o dos profissionais<\/strong><\/p>\n<p style=\"text-align: justify\">O presidente do COREN-DF, Marcos Wesley, pontuou a import\u00e2ncia da qualidade na forma\u00e7\u00e3o dos profissionais obstetras e criticou a cria\u00e7\u00e3o de cursos de p\u00f3s-gradua\u00e7\u00e3o \u00e0 dist\u00e2ncia que formem profissionais com essa especialidade em menos de tr\u00eas meses.<\/p>\n<p style=\"text-align: justify\">\u201cN\u00f3s estamos preocupados com a forma\u00e7\u00e3o dos nossos profissionais de enfermagem que v\u00e3o atuar junto \u00e0 sa\u00fade da mulher. Com esse semin\u00e1rio queremos estabelecer um marco e diretrizes para o cuidado mais espec\u00edfico da sa\u00fade da mulher\u201d, completou.<\/p>\n<p style=\"text-align: justify\">Para Dayse Amar\u00edlio, a iniciativa do COREN-DF de criar a comiss\u00e3o que cuida da sa\u00fade da mulher \u00e9 de extrema import\u00e2ncia. \u00a0\u201cFico muito feliz com a atitude do COREN-DF em implantar essa comiss\u00e3o que est\u00e1 preocupada em discutir n\u00e3o s\u00f3 a assist\u00eancia, mas a forma\u00e7\u00e3o dos profissionais que v\u00e3o lidar com sa\u00fade da mulher\u201d, afirmou.<\/p>\n<p style=\"text-align: justify\">Durante o evento, algumas profissionais foram homenageadas e receberam certificados de honra ao m\u00e9rito, reconhecendo sua import\u00e2ncia para enfermagem obst\u00e9trica, da enfermagem ginecol\u00f3gica e da enfermagem neonatal do Distrito Federal.<\/p>\n","protected":false},"excerpt":{"rendered":"<p>Texto: Marcelo Tobias Foto: Marcelo Tobias Edi\u00e7\u00e3o de imagens: Pedro Vinicius Lima &nbsp; A presidente do SindEnfermeiro-DF, Dayse Amar\u00edlio, representando a Frente \u00danica da Enfermagem (FUEnf) , participou na manh\u00e3 dessa segunda-feira (17) do 1\u00ba Semin\u00e1rio de Implanta\u00e7\u00e3o da Comiss\u00e3o T\u00e9cnica da Sa\u00fade da Mulher do COREN-DF. A inten\u00e7\u00e3o do evento era informar e debater [&hellip;]<\/p>\n","protected":false},"author":6,"featured_media":4142,"comment_status":"closed","ping_status":"closed","sticky":false,"template":"","format":"standard","meta":{"footnotes":""},"categories":[13,5,2],"tags":[],"class_list":["post-4132","post","type-post","status-publish","format-standard","has-post-thumbnail","hentry","category-rede-privada","category-rede-publica","category-teste"],"_links":{"self":[{"href":"https:\/\/sindenfermeiro.com.br\/index.php\/wp-json\/wp\/v2\/posts\/4132","targetHints":{"allow":["GET"]}}],"collection":[{"href":"https:\/\/sindenfermeiro.com.br\/index.php\/wp-json\/wp\/v2\/posts"}],"about":[{"href":"https:\/\/sindenfermeiro.com.br\/index.php\/wp-json\/wp\/v2\/types\/post"}],"author":[{"embeddable":true,"href":"https:\/\/sindenfermeiro.com.br\/index.php\/wp-json\/wp\/v2\/users\/6"}],"replies":[{"embeddable":true,"href":"https:\/\/sindenfermeiro.com.br\/index.php\/wp-json\/wp\/v2\/comments?post=4132"}],"version-history":[{"count":1,"href":"https:\/\/sindenfermeiro.com.br\/index.php\/wp-json\/wp\/v2\/posts\/4132\/revisions"}],"predecessor-version":[{"id":32921,"href":"https:\/\/sindenfermeiro.com.br\/index.php\/wp-json\/wp\/v2\/posts\/4132\/revisions\/32921"}],"wp:featuredmedia":[{"embeddable":true,"href":"https:\/\/sindenfermeiro.com.br\/index.php\/wp-json\/"}],"wp:attachment":[{"href":"https:\/\/sindenfermeiro.com.br\/index.php\/wp-json\/wp\/v2\/media?parent=4132"}],"wp:term":[{"taxonomy":"category","embeddable":true,"href":"https:\/\/sindenfermeiro.com.br\/index.php\/wp-json\/wp\/v2\/categories?post=4132"},{"taxonomy":"post_tag","embeddable":true,"href":"https:\/\/sindenfermeiro.com.br\/index.php\/wp-json\/wp\/v2\/tags?post=4132"}],"curies":[{"name":"wp","href":"https:\/\/api.w.org\/{rel}","templated":true}]}}