{"id":41310,"date":"2021-03-24T17:25:54","date_gmt":"2021-03-24T20:25:54","guid":{"rendered":"https:\/\/sindenfermeiro.com.br\/?p=41310"},"modified":"2026-04-26T20:13:45","modified_gmt":"2026-04-26T23:13:45","slug":"vacina-imunizacao-contra-covid-19-sera-estendida-para-todos-os-profissionais-de-enfermagem-do-df","status":"publish","type":"post","link":"https:\/\/sindenfermeiro.com.br\/index.php\/2021\/03\/24\/vacina-imunizacao-contra-covid-19-sera-estendida-para-todos-os-profissionais-de-enfermagem-do-df\/","title":{"rendered":"VACINA: Imuniza\u00e7\u00e3o contra Covid-19 ser\u00e1 estendida para todos os profissionais de Enfermagem do DF"},"content":{"rendered":"<div id=\"attachment_41311\" style=\"width: 658px\" class=\"wp-caption aligncenter\"><img loading=\"lazy\" decoding=\"async\" aria-describedby=\"caption-attachment-41311\" class=\"wp-image-41311 \" src=\"https:\/\/sindenfermeiro.com.br\/wp-content\/uploads\/2021\/03\/WhatsApp-Image-2021-03-24-at-16.09.36.jpeg\" alt=\"\" width=\"648\" height=\"432\" srcset=\"https:\/\/sindenfermeiro.com.br\/wp-content\/uploads\/2021\/03\/WhatsApp-Image-2021-03-24-at-16.09.36.jpeg 984w, https:\/\/sindenfermeiro.com.br\/wp-content\/uploads\/2021\/03\/WhatsApp-Image-2021-03-24-at-16.09.36-300x200.jpeg 300w, https:\/\/sindenfermeiro.com.br\/wp-content\/uploads\/2021\/03\/WhatsApp-Image-2021-03-24-at-16.09.36-768x512.jpeg 768w\" sizes=\"auto, (max-width: 648px) 100vw, 648px\" \/><p id=\"caption-attachment-41311\" class=\"wp-caption-text\">Foto: Breno Esaki\/Ag\u00eancia Sa\u00fade<\/p><\/div>\n<p>Uma luz no fim do t\u00fanel: na \u00faltima segunda (22), a Secretaria de Sa\u00fade do DF (SES-DF) determinou que todos os profissionais de enfermagem em atua\u00e7\u00e3o no DF estar\u00e3o aptos a receber a vacina. A decis\u00e3o foi tomada ap\u00f3s semanas de negocia\u00e7\u00e3o, e foi consumada ap\u00f3s reuni\u00e3o do secret\u00e1rio de Sa\u00fade do DF, Osnei Okumoto, com membros de conselhos e entidades de defesa da classe.<\/p>\n<p>A vacina\u00e7\u00e3o dos profissionais ser\u00e1 iniciada na pr\u00f3xima sexta (26), e engloba todos os trabalhadores \u2013 enfermeiros, t\u00e9cnicos e auxiliares, inclusive aqueles que atuam nos hospitais da rede privada, cl\u00ednicas, home care, aut\u00f4nomos, entre outros. De acordo com o secret\u00e1rio de Sa\u00fade, Osnei Okumoto, a vacina\u00e7\u00e3o ser\u00e1 realizada de forma gradativa, de maneira que cada interessado ser\u00e1 comunicado individualmente sobre o agendamento e a data para a imuniza\u00e7\u00e3o.<\/p>\n<p>No entanto, n\u00e3o h\u00e1 uma previs\u00e3o de quando todos os profissionais ser\u00e3o vacinados, visto que a vacina\u00e7\u00e3o vai incluir, al\u00e9m dos enfermeiros, os profissionais de todas as categorias como m\u00e9dicos, fisioterapeutas e outros \u2013 e ser\u00e3o destinadas apenas 10% das doses enviadas pelo Minist\u00e9rio da Sa\u00fade para a imuniza\u00e7\u00e3o dos trabalhadores.<\/p>\n<p>Para tomar a vacina, \u00e9 necess\u00e1rio que os profissionais fa\u00e7am o agendamento pr\u00e9vio atrav\u00e9s do portal vacina.saude.df.gov.br, que estar\u00e1 dispon\u00edvel a partir de amanh\u00e3 (25). \u00c9 imprescind\u00edvel a apresenta\u00e7\u00e3o da identidade funcional devidamente cadastrada pelo Conselho Regional de Enfermagem do DF (COREN-DF)<\/p>\n<p><strong>Imuniza\u00e7\u00e3o \u00e9 luz no fim do t\u00fanel<\/strong><\/p>\n<p>A presidente do SindEnfermeiro, Dayse Amar\u00edlio, ressaltou que a conquista foi resultado de in\u00fameras articula\u00e7\u00f5es nos \u00faltimos dois meses, inclusive com a participa\u00e7\u00e3o da Frente \u00danica da Enfermagem (FUEnf), da qual faz parte o SindEnfermeiro, nas negocia\u00e7\u00f5es. No entanto, Dayse demonstra preocupa\u00e7\u00e3o com o per\u00edodo que vai levar at\u00e9 que todos sejam imunizados.<\/p>\n<p>\u201cEssa luta tamb\u00e9m \u00e9 nossa, pois enquanto representantes da Frente \u00danica da Enfermagem (FUEnf) participamos ativamente do processo de negocia\u00e7\u00e3o para garantir que todos os profissionais, sem distin\u00e7\u00e3o, pudessem ter acesso \u00e0 vacina. Agora, o nosso apelo \u00e9 para que todos atendam o chamado e se vacinem. N\u00f3s estaremos de olho, e apesar do longo caminho que ainda teremos que percorrer para vacinar todos, n\u00e3o vamos sossegar, apesar da not\u00edcia j\u00e1 representar uma luz no fim do t\u00fanel para n\u00f3s\u201d, afirmou.<\/p>\n<p>Inseridos no plano de vacina\u00e7\u00e3o da SES antes dos trabalhadores da rede privada, os profissionais de sa\u00fade que atuam nos hospitais e unidades de sa\u00fade da rede p\u00fablica j\u00e1 est\u00e3o sendo imunizados desde o fim de janeiro, recebendo as doses no pr\u00f3prio local de trabalho.<\/p>\n<p><strong>Confira a lista de categorias que v\u00e3o receber a vacina:<\/strong><\/p>\n<p>Enfermeiros<\/p>\n<p>Nutricionistas<\/p>\n<p>M\u00e9dicos<\/p>\n<p>Fisioterapeutas e Terapeutas Ocupacionais<\/p>\n<p>Biom\u00e9dicos<\/p>\n<p>Farmac\u00eauticos<\/p>\n<p>Odont\u00f3logos<\/p>\n<p>Fonoaudi\u00f3logos<\/p>\n<p>Psic\u00f3logos<\/p>\n<p>Agentes de Servi\u00e7o Social<\/p>\n<p>Profissionais de Educa\u00e7\u00e3o F\u00edsica<\/p>\n<p>M\u00e9dicos Veterin\u00e1rios<\/p>\n<p><strong><em>Com informa\u00e7\u00f5es da SES-DF e do Coren-DF<\/em><\/strong><\/p>\n","protected":false},"excerpt":{"rendered":"<p>Uma luz no fim do t\u00fanel: na \u00faltima segunda (22), a Secretaria de Sa\u00fade do DF (SES-DF) determinou que todos os profissionais de enfermagem em atua\u00e7\u00e3o no DF estar\u00e3o aptos a receber a vacina. A decis\u00e3o foi tomada ap\u00f3s semanas de negocia\u00e7\u00e3o, e foi consumada ap\u00f3s reuni\u00e3o do secret\u00e1rio de Sa\u00fade do DF, Osnei Okumoto, [&hellip;]<\/p>\n","protected":false},"author":6,"featured_media":41311,"comment_status":"open","ping_status":"open","sticky":false,"template":"","format":"standard","meta":{"footnotes":""},"categories":[6,13],"tags":[454,27,46,236,584],"class_list":["post-41310","post","type-post","status-publish","format-standard","has-post-thumbnail","hentry","category-noticias","category-rede-privada","tag-covid-19","tag-fuenf","tag-rede-privada","tag-ses","tag-vacina"],"_links":{"self":[{"href":"https:\/\/sindenfermeiro.com.br\/index.php\/wp-json\/wp\/v2\/posts\/41310","targetHints":{"allow":["GET"]}}],"collection":[{"href":"https:\/\/sindenfermeiro.com.br\/index.php\/wp-json\/wp\/v2\/posts"}],"about":[{"href":"https:\/\/sindenfermeiro.com.br\/index.php\/wp-json\/wp\/v2\/types\/post"}],"author":[{"embeddable":true,"href":"https:\/\/sindenfermeiro.com.br\/index.php\/wp-json\/wp\/v2\/users\/6"}],"replies":[{"embeddable":true,"href":"https:\/\/sindenfermeiro.com.br\/index.php\/wp-json\/wp\/v2\/comments?post=41310"}],"version-history":[{"count":4,"href":"https:\/\/sindenfermeiro.com.br\/index.php\/wp-json\/wp\/v2\/posts\/41310\/revisions"}],"predecessor-version":[{"id":41315,"href":"https:\/\/sindenfermeiro.com.br\/index.php\/wp-json\/wp\/v2\/posts\/41310\/revisions\/41315"}],"wp:featuredmedia":[{"embeddable":true,"href":"https:\/\/sindenfermeiro.com.br\/index.php\/wp-json\/wp\/v2\/media\/41311"}],"wp:attachment":[{"href":"https:\/\/sindenfermeiro.com.br\/index.php\/wp-json\/wp\/v2\/media?parent=41310"}],"wp:term":[{"taxonomy":"category","embeddable":true,"href":"https:\/\/sindenfermeiro.com.br\/index.php\/wp-json\/wp\/v2\/categories?post=41310"},{"taxonomy":"post_tag","embeddable":true,"href":"https:\/\/sindenfermeiro.com.br\/index.php\/wp-json\/wp\/v2\/tags?post=41310"}],"curies":[{"name":"wp","href":"https:\/\/api.w.org\/{rel}","templated":true}]}}